{"id":221585,"date":"2025-07-02T21:18:13","date_gmt":"2025-07-02T21:18:13","guid":{"rendered":"https:\/\/www.europesays.com\/fr\/221585\/"},"modified":"2025-07-02T21:18:13","modified_gmt":"2025-07-02T21:18:13","slug":"les-meilleures-paires-mondiales-dans-la-douleur-au-bordeaux-p2","status":"publish","type":"post","link":"https:\/\/www.europesays.com\/fr\/221585\/","title":{"rendered":"Les meilleures paires mondiales dans la douleur au Bordeaux P2"},"content":{"rendered":"<p>Troisi\u00e8me journ\u00e9e de tableau principal \u00e0 Bordeaux, et d\u00e9j\u00e0 deux alertes s\u00e9rieuses pour les t\u00eates d\u2019affiche du tournoi. Apr\u00e8s <strong>Gal\u00e1n \/ Chingotto<\/strong> hier, c\u2019est au tour de <strong>Coello \/ Tapia<\/strong>, num\u00e9ros 1 mondiaux, d\u2019avoir d\u00fb batailler en trois sets pour acc\u00e9der aux quarts de finale. Les conditions lentes semblent redistribuer les cartes\u2026<\/p>\n<p>Coello \/ Tapia bouscul\u00e9s, puis dominateurs<\/p>\n<p>Oppos\u00e9s \u00e0 la nouvelle paire <strong>Sanyo Guti\u00e9rrez \/ Gonzalo Alfonso<\/strong>, les favoris <strong>Arturo Coello<\/strong> et <strong>Agust\u00edn Tapia<\/strong> ont connu une entame de match tr\u00e8s compliqu\u00e9e. Bouscul\u00e9s par l<strong>\u2019intelligence tactique de Sanyo, <\/strong>retrouvant m\u00eame dans cette premi\u00e8re manche<strong> ces jambes de l\u2019\u00e9poque !<\/strong> Les r\u00e9cents vainqueurs de Valladolid conc\u00e8dent la premi\u00e8re manche <strong>6\/2<\/strong>, visiblement en manque de rep\u00e8res sur une piste plus lente que d\u2019habitude.<\/p>\n<p><img title=\"398A8040 | Padel Magazine\" decoding=\"async\" src=\"https:\/\/www.europesays.com\/fr\/wp-content\/uploads\/2025\/07\/398A8040.jpg\" alt=\"\" class=\"wp-image-263116\"\/><\/p>\n<p>Mais comme souvent,<strong> Arturo et Augustin trouvent les ressources pour hausser leur niveau<\/strong>. Plus constants \u00e0 l\u2019\u00e9change, plus patients dans la construction des points, ils inversent progressivement la dynamique pour s\u2019imposer finalement <strong>2\/6 6\/3 6\/2<\/strong>.<\/p>\n<p>Deux facteurs principaux influent sur le jeu<\/p>\n<p>D\u2019un c\u00f4t\u00e9, <strong>les conditions de jeu \u00e0 Bordeaux sont particuli\u00e8rement lentes<\/strong> : retour en indoor, une chaleur moins \u00e9lev\u00e9e qu\u2019\u00e0 Valladolid par exemple et donc des \u00e9changes qui se rallongent. Moins de smashs gagnants, plus de jeu en fond de piste, et donc <strong>un padel plus physique, plus exigeant tactiquement<\/strong>.<\/p>\n<p>De l\u2019autre, ce tournoi intervient <strong>\u00e0 un moment o\u00f9 les organismes des joueurs commencent \u00e0 \u00eatre impact\u00e9s<\/strong>, avec une <strong>succession de tournois<\/strong> et peu de repos pour les cadors du circuit. Certains joueurs encha\u00eenent depuis plusieurs semaines \u00e0 tr\u00e8s haute intensit\u00e9. La <strong>fatigue mentale et physique<\/strong> peut donc facilement s\u2019installer, surtout face \u00e0 des paires moins attendues, mais fra\u00eeches et sans pression.<\/p>\n<p>Place aux exploits ?<\/p>\n<p>Un constat qui pourrait se confirmer dans les prochains jours et qui nous promet <strong>un tournoi peut \u00eatre plus ouvert que pr\u00e9vu.<\/strong> Les meilleurs ne sont pas \u00e0 l\u2019abri et chaque tour pourrait r\u00e9server son lot de surprises,<strong> Coello\/Tapia s\u2019en sortent<\/strong> ici et seront donc au rendez-vous des <strong>quarts de finale ce vendredi \u00e0 la patinoire Meriadeck de Bordeaux.<\/strong><\/p>\n<p><img loading=\"lazy\" decoding=\"async\" data-del=\"avatar\" alt=\"T\u00e9o Vieau\" src=\"https:\/\/www.europesays.com\/fr\/wp-content\/uploads\/2025\/07\/Capture-decran-2025-06-19-175910-e1750349161910-150x150.jpg\" class=\"avatar pp-user-avatar avatar-100 photo \" height=\"100\" width=\"100\"\/><\/p>\n<p class=\"related-title\">Sur le m\u00eame sujet<\/p>\n","protected":false},"excerpt":{"rendered":"Troisi\u00e8me journ\u00e9e de tableau principal \u00e0 Bordeaux, et d\u00e9j\u00e0 deux alertes s\u00e9rieuses pour les t\u00eates d\u2019affiche du tournoi.&hellip;\n","protected":false},"author":2,"featured_media":221586,"comment_status":"","ping_status":"","sticky":false,"template":"","format":"standard","meta":{"footnotes":""},"categories":[2817],"tags":[1111,11,36047,36048,1997,1777,674,1011,27,36049,12,2219,30680,25,36050],"class_list":{"0":"post-221585","1":"post","2":"type-post","3":"status-publish","4":"format-standard","5":"has-post-thumbnail","7":"category-bordeaux","8":"tag-actu","9":"tag-actualites","10":"tag-agustin-tapia","11":"tag-arturo-coello","12":"tag-bordeaux","13":"tag-eu","14":"tag-europe","15":"tag-fr","16":"tag-france","17":"tag-gonzalo-alfonso","18":"tag-news","19":"tag-nouvelle-aquitaine","20":"tag-premier-padel-bordeaux-p2","21":"tag-republique-francaise","22":"tag-sanyo-gutierrez"},"share_on_mastodon":{"url":"https:\/\/pubeurope.com\/@fr\/114785727588363259","error":""},"_links":{"self":[{"href":"https:\/\/www.europesays.com\/fr\/wp-json\/wp\/v2\/posts\/221585","targetHints":{"allow":["GET"]}}],"collection":[{"href":"https:\/\/www.europesays.com\/fr\/wp-json\/wp\/v2\/posts"}],"about":[{"href":"https:\/\/www.europesays.com\/fr\/wp-json\/wp\/v2\/types\/post"}],"author":[{"embeddable":true,"href":"https:\/\/www.europesays.com\/fr\/wp-json\/wp\/v2\/users\/2"}],"replies":[{"embeddable":true,"href":"https:\/\/www.europesays.com\/fr\/wp-json\/wp\/v2\/comments?post=221585"}],"version-history":[{"count":0,"href":"https:\/\/www.europesays.com\/fr\/wp-json\/wp\/v2\/posts\/221585\/revisions"}],"wp:featuredmedia":[{"embeddable":true,"href":"https:\/\/www.europesays.com\/fr\/wp-json\/wp\/v2\/media\/221586"}],"wp:attachment":[{"href":"https:\/\/www.europesays.com\/fr\/wp-json\/wp\/v2\/media?parent=221585"}],"wp:term":[{"taxonomy":"category","embeddable":true,"href":"https:\/\/www.europesays.com\/fr\/wp-json\/wp\/v2\/categories?post=221585"},{"taxonomy":"post_tag","embeddable":true,"href":"https:\/\/www.europesays.com\/fr\/wp-json\/wp\/v2\/tags?post=221585"}],"curies":[{"name":"wp","href":"https:\/\/api.w.org\/{rel}","templated":true}]}}