{"id":221597,"date":"2025-07-02T21:24:13","date_gmt":"2025-07-02T21:24:13","guid":{"rendered":"https:\/\/www.europesays.com\/fr\/221597\/"},"modified":"2025-07-02T21:24:13","modified_gmt":"2025-07-02T21:24:13","slug":"medina-officiellement-a-lom-france-olympique-de-marseille","status":"publish","type":"post","link":"https:\/\/www.europesays.com\/fr\/221597\/","title":{"rendered":"Medina officiellement \u00e0 l\u2019OM &#8211; France &#8211; Olympique de Marseille"},"content":{"rendered":"<p>Tout \u00e7a pour aller se baigner dans les calanques, impeccable pour supporter la canicule.<\/p>\n<p>Facundo Medina s\u2019engage officiellement \u00e0 Marseille. <strong>L\u2019international argentin s\u2019est engag\u00e9 pour cinq ans avec l\u2019OM.<\/strong> Le d\u00e9fenseur polyvalent quitte le Nord apr\u00e8s avoir pass\u00e9 cinq ans \u00e0 Lens, et devrait rapporter plus de 20 millions d\u2019euros \u00e0 son ancien club.<\/p>\n<p>\u00c0 26 ans, le natif de Villa Fiorito, le quartier de Diego Maradona, est devenu un taulier de Lens, et une des valeurs s\u00fbres de la Ligue 1. Il a termin\u00e9 vice-champion en 2023. Le club a donn\u00e9 le ton dans son clip de bienvenue, reprenant la chanson Bad boys de Marseille, sign\u00e9e Akhenaton : Medina est \u00ab\u202fchaud comme Marseille\u202f\u00bb\u00a0! Apr\u00e8s avoir boucl\u00e9 les signatures de\u00a0<a target=\"_blank\" href=\"https:\/\/www.sofoot.com\/breves\/lom-tient-un-premier-renfort-en-defense\" rel=\"noopener nofollow\">CJ Egan-Riley<\/a>\u00a0et d\u2019<a target=\"_blank\" href=\"https:\/\/www.sofoot.com\/breves\/mercato-angel-gomes-arrive-a-lom\" rel=\"noopener nofollow\">Angel Gomes<\/a>, l\u2019Olympique de Marseille a d\u00e9j\u00e0 recrut\u00e9 trois joueurs cet \u00e9t\u00e9.<\/p>\n<blockquote class=\"twitter-tweet-lazy\" data-width=\"500\" data-dnt=\"true\">\n<p lang=\"fr\" dir=\"ltr\">\ud835\udc05\ud835\udc1a\ud835\udc1c\ud835\udc2e\ud835\udc27\ud835\udc1d\ud835\udc28 \ud835\udc0c\ud835\udc1e\ud835\udc1d\ud835\udc22\ud835\udc27\ud835\udc1a \ud835\udc1a\ud835\udc2f\ud835\udc1e\ud835\udc1c \ud835\udc25\ud835\udc1e \ud835\udc0f\ud835\udc1e\ud835\udc2e\ud835\udc29\ud835\udc25\ud835\udc1e \ud835\udc01\ud835\udc25\ud835\udc1e\ud835\udc2e&amp;\ud835\udc01\ud835\udc25\ud835\udc1a\ud835\udc27\ud835\udc1c \ud83d\udd35\u26aa\ufe0f<br \/>\nLe d\u00e9fenseur argentin \ud83c\udde6\ud83c\uddf7 rejoint l\u2019Olympique de Marseille en provenance du RC Lens \ud83d\udd25 <a target=\"_blank\" href=\"https:\/\/t.co\/XuzEVR5PLA\" rel=\"nofollow\">pic.twitter.com\/XuzEVR5PLA<\/a><\/p>\n<p>\u2014 Olympique de Marseille (@OM_Officiel) <a target=\"_blank\" href=\"https:\/\/twitter.com\/OM_Officiel\/status\/1940478172182860167?ref_src=twsrc%5Etfw\" rel=\"nofollow noopener\">July 2, 2025<\/a><\/p>\n<\/blockquote>\n<p>Tatouages de bobos, d\u00e9grad\u00e9 et adieu au Nord, encore un qui va faire monter les prix de l\u2019immobilier \u00e0 Endoume.<\/p>\n<p>\t\t\t\t\t\t\t\t\t\t<a class=\"lien-connexe\" href=\"https:\/\/www.sofoot.com\/breves\/facundo-medina-se-rapproche-de-lolympique-de-marseille\" rel=\"nofollow noopener\" target=\"_blank\">Un international argentin se rapproche de l\u2019OM<\/a>\t\t\t\t\t<script async src=\"https:\/\/platform.twitter.com\/widgets.js\" charset=\"utf-8\"><\/script><\/p>\n","protected":false},"excerpt":{"rendered":"Tout \u00e7a pour aller se baigner dans les calanques, impeccable pour supporter la canicule. Facundo Medina s\u2019engage officiellement&hellip;\n","protected":false},"author":2,"featured_media":221598,"comment_status":"","ping_status":"","sticky":false,"template":"","format":"standard","meta":{"footnotes":""},"categories":[2814],"tags":[1111,47,11,61,69,65,64,1777,674,63,1011,27,68,66,884,12,62,70,882,25,67],"class_list":{"0":"post-221597","1":"post","2":"type-post","3":"status-publish","4":"format-standard","5":"has-post-thumbnail","7":"category-marseille","8":"tag-actu","9":"tag-actualite","10":"tag-actualites","11":"tag-actus-football","12":"tag-bundesliga","13":"tag-championnats-europeens","14":"tag-equipe-de-france","15":"tag-eu","16":"tag-europe","17":"tag-football","18":"tag-fr","19":"tag-france","20":"tag-ligua","21":"tag-ligue-1","22":"tag-marseille","23":"tag-news","24":"tag-news-foot","25":"tag-premier-league","26":"tag-provence-alpes-cote-dazur","27":"tag-republique-francaise","28":"tag-serie-a"},"share_on_mastodon":{"url":"https:\/\/pubeurope.com\/@fr\/114785751304090481","error":""},"_links":{"self":[{"href":"https:\/\/www.europesays.com\/fr\/wp-json\/wp\/v2\/posts\/221597","targetHints":{"allow":["GET"]}}],"collection":[{"href":"https:\/\/www.europesays.com\/fr\/wp-json\/wp\/v2\/posts"}],"about":[{"href":"https:\/\/www.europesays.com\/fr\/wp-json\/wp\/v2\/types\/post"}],"author":[{"embeddable":true,"href":"https:\/\/www.europesays.com\/fr\/wp-json\/wp\/v2\/users\/2"}],"replies":[{"embeddable":true,"href":"https:\/\/www.europesays.com\/fr\/wp-json\/wp\/v2\/comments?post=221597"}],"version-history":[{"count":0,"href":"https:\/\/www.europesays.com\/fr\/wp-json\/wp\/v2\/posts\/221597\/revisions"}],"wp:featuredmedia":[{"embeddable":true,"href":"https:\/\/www.europesays.com\/fr\/wp-json\/wp\/v2\/media\/221598"}],"wp:attachment":[{"href":"https:\/\/www.europesays.com\/fr\/wp-json\/wp\/v2\/media?parent=221597"}],"wp:term":[{"taxonomy":"category","embeddable":true,"href":"https:\/\/www.europesays.com\/fr\/wp-json\/wp\/v2\/categories?post=221597"},{"taxonomy":"post_tag","embeddable":true,"href":"https:\/\/www.europesays.com\/fr\/wp-json\/wp\/v2\/tags?post=221597"}],"curies":[{"name":"wp","href":"https:\/\/api.w.org\/{rel}","templated":true}]}}