{"id":221599,"date":"2025-07-02T21:25:24","date_gmt":"2025-07-02T21:25:24","guid":{"rendered":"https:\/\/www.europesays.com\/fr\/221599\/"},"modified":"2025-07-02T21:25:24","modified_gmt":"2025-07-02T21:25:24","slug":"ca-ne-fait-que-commencer","status":"publish","type":"post","link":"https:\/\/www.europesays.com\/fr\/221599\/","title":{"rendered":"\u00c7a ne fait que commencer"},"content":{"rendered":"<p>            Par<br \/>\n        <strong><br \/>\n            <a href=\"https:\/\/actu.fr\/auteur\/julien-sournies\" title=\"Consulter tous les articles de Julien Sournies\" target=\"_blank\" rel=\"noopener\">Julien Sournies<\/a><br \/>\n        <\/strong><\/p>\n<p>        Publi\u00e9 le<\/p>\n<p>            2 juil. 2025 \u00e0 18h04        <\/p>\n<p>\u00ab\u2009Les premiers r\u00e9sultats obtenus en l\u2019espace d\u2019un peu plus de six mois sont parfaitement remarquables\u2009\u00bb, se f\u00e9licite Antoine Gu\u00e9rin, pr\u00e9fet d\u00e9l\u00e9gu\u00e9 pour la d\u00e9fense et la s\u00e9curit\u00e9. Depuis d\u00e9cembre dernier, pas moins de <a href=\"https:\/\/actu.fr\/auvergne-rhone-alpes\/villeurbanne_69266\/pres-de-lyon-insecurite-drogue-une-brigade-speciale-arrive-pour-le-tonkin-et-charpennes_61935679.html\" target=\"_blank\" rel=\"noopener\">13 policiers de la Brigade sp\u00e9cialis\u00e9e de terrain<\/a> (BST) sont omnipr\u00e9sents dans le <strong>quartier du Tonkin<\/strong>, \u00e0 Villeurbanne, pr\u00e8s de <a href=\"https:\/\/actu.fr\/lyon\/\" target=\"_blank\" rel=\"noopener\">Lyon<\/a>. <br \/>Leur objectif\u2009? Lutter, entre autres, contre la multiplication de<strong> points de deal<\/strong> et des faits de d\u00e9linquance dans le secteur ces derni\u00e8res ann\u00e9es.<\/p>\n<p>Cinq points de deal d\u00e9mantel\u00e9s en six mois<\/p>\n<p class=\" wall-content\">Au total, depuis la mise en place de ce dispositif, les policiers ont r\u00e9alis\u00e9 quelque<strong> 8\u2009300 contr\u00f4les<\/strong> d\u2019individus li\u00e9s aux trafics de stup\u00e9fiants.<\/p>\n<p class=\" wall-content\">\u00c0 cela, la BST a proc\u00e9d\u00e9 \u00e0 l\u2019interpellation de quelque<strong> 250 individus<\/strong>, conduisant \u00e0 la r\u00e9daction de <strong>370 amendes forfaitaires d\u00e9lictuelles<\/strong> (stup\u00e9fiants, occupation illicite de halls d\u2019immeubles) et verbalisations. Par ailleurs, plus de <strong>10\u00a0kg de drogues et 14 trottinettes de dealers<\/strong> ont \u00e9t\u00e9 saisis par les forces de l\u2019ordre.<\/p>\n<blockquote class=\"tiktok-embed\" cite=\"https:\/\/www.tiktok.com\/@actulyon\/video\/7522520486010506518\" data-video-id=\"7522520486010506518\" data-embed-from=\"oembed\" style=\"max-width:605px; min-width:325px;\"><p>\n<a target=\"_blank\" title=\"@actulyon\" href=\"https:\/\/www.tiktok.com\/@actulyon?refer=embed\" rel=\"noopener\">@actulyon<\/a> <\/p>\n<p>Depuis 6 mois, les policiers de la brigade sp\u00e9cialis\u00e9r de terrain sont omnipr\u00e9sents dans le quartier du Tonkin, \u00e0 Villeurbanne, pr\u00e8s de Lyon. Les premiers r\u00e9sultats sont d\u00e9j\u00e0 \u00ab\u00a0remarquables\u00a0\u00bb, lesquels ont conduit au d\u00e9mant\u00e8lement de plusieurs points de deal ! <a title=\"fyp\" target=\"_blank\" href=\"https:\/\/www.tiktok.com\/tag\/fyp?refer=embed\" rel=\"noopener\">#fyp<\/a> <a title=\"tonkin\" target=\"_blank\" href=\"https:\/\/www.tiktok.com\/tag\/tonkin?refer=embed\" rel=\"noopener\">#tonkin<\/a> <a title=\"lyon\" target=\"_blank\" href=\"https:\/\/www.tiktok.com\/tag\/lyon?refer=embed\" rel=\"noopener\">#lyon<\/a> <a title=\"actu\" target=\"_blank\" href=\"https:\/\/www.tiktok.com\/tag\/actu?refer=embed\" rel=\"noopener\">#actu<\/a> <\/p>\n<p> <a target=\"_blank\" title=\"\u266c Rap Beatbox Fus\u00e3o - Ednaldo reis\" href=\"https:\/\/www.tiktok.com\/music\/Rap-Beatbox-Fus%C3%A3o-7361874722130544656?refer=embed\" rel=\"noopener\">\u266c Rap Beatbox Fus\u00e3o \u2013 Ednaldo reis<\/a> <\/p>\n<\/blockquote>\n<p class=\" wall-content\">Mais ce sont surtout<strong> cinq points de deal<\/strong>, sur les huit initialement existants dans le quartier, qui ont pu \u00eatre d\u00e9mantel\u00e9s, \u00e0 savoir ceux de Lakanal, 11\u00a0novembre 1918, Hano\u00ef et Jacques Brel. De quoi apporter pleine satisfaction au maire de Villeurbanne.<\/p>\n<p class=\" wall-content\">\u00ab\u2009La cr\u00e9ation de la BST et son travail depuis six mois permettent d\u2019avoir un impact concret et visible pour la population. Les habitants nous disent effectivement que la pr\u00e9sence de ces policiers permet d\u2019apaiser, de ramener de la tranquillit\u00e9. D\u00e9sormais, les opinions changent \u00e0 propos du quartier\u2009\u00bb, souligne C\u00e9dric Van Styvendael.<\/p>\n<p>Une brigade en contact r\u00e9gulier avec les collectifs de riverains et bailleurs<\/p>\n<p>Outre le d\u00e9mant\u00e8lement de points de deal, les saisies de drogues et les multiples interpellations, la BST est aussi en contact r\u00e9gulier avec les collectifs de riverains, les bailleurs et tous les acteurs du quartier. Pour cause, selon les chiffres fournis, pr\u00e8s de 1200 prises de contact avec les habitants et s\u00e9curisation des \u00e9coles ont \u00e9t\u00e9 r\u00e9alis\u00e9s au cours de ces six derniers mois. De surcro\u00eet, plus de 2000 visites de parties communes ont \u00e9t\u00e9 organis\u00e9es.<\/p>\n<p>\u00ab\u2009Tout cela ne fait que commencer\u2009\u00bb<\/p>\n<p class=\" wall-content\">Pour autant, il en existe encore trois dans le secteur, et ceux d\u00e9j\u00e0 annihil\u00e9s par les forces de l\u2019ordre se sont possiblement d\u00e9plac\u00e9s dans d\u2019autres quartiers de la ville, voire dans d\u2019autres communes de la M\u00e9tropole lyonnaise. Le d\u00e9veloppement d\u2019un r\u00e9seau<strong> \u00ab\u2009Uber-shit\u2009\u00bb<\/strong> (Livraison de la drogue \u00e0 domicile, NDLR) est \u00e9galement redout\u00e9.<\/p>\n<p>    <img   decoding=\"async\" loading=\"lazy\" src=\"https:\/\/www.europesays.com\/fr\/wp-content\/uploads\/2025\/07\/bst-police-villeurbanne-960x640.jpg\" alt=\"Depuis son d\u00e9ploiement fin 2024, la BST a permis de d\u00e9manteler plusieurs points de deal \u00e0 Villeurbanne.\" width=\"960\" height=\"640\"\/><br \/>\n    Depuis son d\u00e9ploiement fin 2024, la BST a permis de d\u00e9manteler plusieurs points de deal \u00e0 Villeurbanne. (\u00a9Julien Sournies \/ actu Lyon)<\/p>\n<p class=\" wall-content\">\u00ab\u2009Nous anticipons l\u2019adaptation des m\u00e9thodes des dealers, les reports \u00e9ventuels, les guerres de territoire qui peuvent g\u00e9n\u00e9rer des fusillades\u2009\u00bb, assure toutefois Antoine Gu\u00e9rin, lequel affirme par ailleurs que \u00ab<strong>\u2009chaque narco-homicide est r\u00e9solu<\/strong>. Ce fut le cas encore r\u00e9cemment \u00e0 Vaulx-en-Velin. Je veux d\u2019ailleurs saluer le travail de l\u2019ombre, mais essentiel des enqu\u00eateurs de la police judiciaire\u2009\u00bb.<\/p>\n<blockquote class=\"ac-article-quote wall-content\">\n<p>Leur travail minutieux, men\u00e9 avec patience et pers\u00e9v\u00e9rance, permet des r\u00e9sultats durables gr\u00e2ce au d\u00e9mant\u00e8lement des r\u00e9seaux, du chef aux petites mains.<\/p>\n<p>    <strong>Antoine Gu\u00e9rin<\/strong><br \/>\n        Pr\u00e9fet d\u00e9l\u00e9gu\u00e9 pour la d\u00e9fense et la s\u00e9curit\u00e9    <\/p><\/blockquote>\n<p class=\" wall-content\">Concernant le futur de cette brigade, le pr\u00e9fet d\u00e9l\u00e9gu\u00e9 pour la d\u00e9fense et la s\u00e9curit\u00e9 n\u2019exclut pas une augmentation des effectifs \u00e0 l\u2019avenir. Mais, en tout cas, Antoine Gu\u00e9rin le promet\u2009: \u00ab\u2009Tout cela ne fait que commencer et nous sommes d\u00e9termin\u00e9s \u00e0 mettre un terme \u00e0 tous les points de deal encore pr\u00e9sents dans le quartier.\u2009\u00bb<\/p>\n<p class=\" wall-content\">Suivez toute l\u2019actualit\u00e9 de vos villes et m\u00e9dias favoris en vous inscrivant \u00e0 <a href=\"https:\/\/moncompte.actu.fr\" title=\"D\u00e9couvez Mon Actu\" rel=\"nofollow noopener\" data-trk=\"{&quot;cta&quot;:{&quot;action&quot;:&quot;https:\\\/\\\/moncompte.actu.fr&quot;,&quot;category&quot;:&quot;mon compte&quot;,&quot;from&quot;:&quot;article footer&quot;,&quot;name&quot;:&quot;Mon actu&quot;,&quot;type&quot;:&quot;cta&quot;}}\" target=\"_blank\">Mon Actu<\/a>.<\/p>\n<p>                    <script async src=\"\/\/www.tiktok.com\/embed.js\"><\/script><\/p>\n","protected":false},"excerpt":{"rendered":"Par Julien Sournies Publi\u00e9 le 2 juil. 2025 \u00e0 18h04 \u00ab\u2009Les premiers r\u00e9sultats obtenus en l\u2019espace d\u2019un peu&hellip;\n","protected":false},"author":2,"featured_media":221600,"comment_status":"","ping_status":"","sticky":false,"template":"","format":"standard","meta":{"footnotes":""},"categories":[1889],"tags":[1111,11,2430,1777,674,1011,27,2825,2428,813,12,1072,25,104],"class_list":{"0":"post-221599","1":"post","2":"type-post","3":"status-publish","4":"format-standard","5":"has-post-thumbnail","7":"category-lyon","8":"tag-actu","9":"tag-actualites","10":"tag-auvergne-rhone-alpes","11":"tag-eu","12":"tag-europe","13":"tag-fr","14":"tag-france","15":"tag-insecurite","16":"tag-lyon","17":"tag-narcotrafiquants","18":"tag-news","19":"tag-police","20":"tag-republique-francaise","21":"tag-societe"},"share_on_mastodon":{"url":"https:\/\/pubeurope.com\/@fr\/114785755137975064","error":""},"_links":{"self":[{"href":"https:\/\/www.europesays.com\/fr\/wp-json\/wp\/v2\/posts\/221599","targetHints":{"allow":["GET"]}}],"collection":[{"href":"https:\/\/www.europesays.com\/fr\/wp-json\/wp\/v2\/posts"}],"about":[{"href":"https:\/\/www.europesays.com\/fr\/wp-json\/wp\/v2\/types\/post"}],"author":[{"embeddable":true,"href":"https:\/\/www.europesays.com\/fr\/wp-json\/wp\/v2\/users\/2"}],"replies":[{"embeddable":true,"href":"https:\/\/www.europesays.com\/fr\/wp-json\/wp\/v2\/comments?post=221599"}],"version-history":[{"count":0,"href":"https:\/\/www.europesays.com\/fr\/wp-json\/wp\/v2\/posts\/221599\/revisions"}],"wp:featuredmedia":[{"embeddable":true,"href":"https:\/\/www.europesays.com\/fr\/wp-json\/wp\/v2\/media\/221600"}],"wp:attachment":[{"href":"https:\/\/www.europesays.com\/fr\/wp-json\/wp\/v2\/media?parent=221599"}],"wp:term":[{"taxonomy":"category","embeddable":true,"href":"https:\/\/www.europesays.com\/fr\/wp-json\/wp\/v2\/categories?post=221599"},{"taxonomy":"post_tag","embeddable":true,"href":"https:\/\/www.europesays.com\/fr\/wp-json\/wp\/v2\/tags?post=221599"}],"curies":[{"name":"wp","href":"https:\/\/api.w.org\/{rel}","templated":true}]}}