{"id":221611,"date":"2025-07-02T21:31:30","date_gmt":"2025-07-02T21:31:30","guid":{"rendered":"https:\/\/www.europesays.com\/fr\/221611\/"},"modified":"2025-07-02T21:31:30","modified_gmt":"2025-07-02T21:31:30","slug":"quinte-quinte-du-jeudi-3-juillet-a-parislongchamp-elusive-belardo-toujours-au-top","status":"publish","type":"post","link":"https:\/\/www.europesays.com\/fr\/221611\/","title":{"rendered":"Quint\u00e9+: Quint\u00e9+ du jeudi 3 juillet \u00e0 ParisLongchamp : Elusive Belardo, toujours au top"},"content":{"rendered":"<p><strong>Les partants du Quint\u00e9+ de ce jeudi 3 juillet<\/strong><strong style=\"float: left;margin-left: 2%;\">PRIX DE LA GARDEN PARTY<\/strong><strong style=\"float: right;margin-right: 2%;\">JEUDI 03 JUILLET<\/strong><br \/>ParisLongchamp &#8211; 1600 METRES &#8211; \u00a0<img decoding=\"async\" alt=\"picto_galop\" class=\"img2\" src=\"https:\/\/static.equidia.fr\/equidia\/discipline\/galop.svg\"\/>D\u00c9PART : 20H15<\/p>\n<tr class=\"row1\" style=\"border: thin solid #020338; width: 50%; padding: 5px; background-color: #020338; color: #FFFFFF; text-align: left; line-height: 15px;\">N\u00b0\u00a0CHEVALCORDE\u00a0JOCKEYPOIDS\u00a0ENTRA\u00ceNEURVALEURGAINS<\/tr>\n<tr class=\"row2\" style=\"text-align: left; background-color: #FFFFFF; line-height: 15px;\">\n<td class=\"col1\" style=\"text-align: center; width: 65px;font-weight: bold;\">1<\/td>\n<td class=\"col2\"><a href=\"https:\/\/www.equidia.fr\/chevaux\/pastisse-1?horse_uuid=27725ee8-9d58-4048-828b-7c15fd332534\" target=\"_blank\" rel=\"noopener\">PASTISSE<\/a><\/td>\n<td class=\"col3\" style=\"text-align: center;\">4<\/td>\n<td class=\"col4\">M.BARZALONA<\/td>\n<td class=\"col5\">59.0 kg<\/td>\n<td class=\"col6\">P.COTTIER<\/td>\n<td class=\"col7\" style=\"text-align: center;\">38.0<\/td>\n<td class=\"col8\" style=\"text-align: right;\">77470 \u20ac<\/td>\n<\/tr>\n<tr class=\"row3\" style=\"text-align: left; background-color: rgb(218, 218, 226); line-height: 15px;\">\n<td class=\"col1\" style=\"text-align: center; width: 65px;font-weight: bold;\">2<\/td>\n<td class=\"col2\"><a href=\"https:\/\/www.equidia.fr\/chevaux\/apogeo?horse_uuid=b2900829-57b9-43bb-978a-325a93f8b3de\" target=\"_blank\" rel=\"noopener\">APOGEO<\/a><\/td>\n<td class=\"col3\" style=\"text-align: center;\">5<\/td>\n<td class=\"col4\">C.SOUMILLON<\/td>\n<td class=\"col5\">58.5 kg<\/td>\n<td class=\"col6\">M.GUARNIERI<\/td>\n<td class=\"col7\" style=\"text-align: center;\">37.5<\/td>\n<td class=\"col8\" style=\"text-align: right;\">28750 \u20ac<\/td>\n<\/tr>\n<tr class=\"row2\" style=\"text-align: left; background-color: #FFFFFF; line-height: 15px;\">\n<td class=\"col1\" style=\"text-align: center; width: 65px;font-weight: bold;\">3<\/td>\n<td class=\"col2\"><a href=\"https:\/\/www.equidia.fr\/chevaux\/send-wood?horse_uuid=7ea256ce-9958-4672-b122-01456943f953\" target=\"_blank\" rel=\"noopener\">SEND WOOD<\/a><\/td>\n<td class=\"col3\" style=\"text-align: center;\">3<\/td>\n<td class=\"col4\">F.VERON<\/td>\n<td class=\"col5\">58.0 kg<\/td>\n<td class=\"col6\">G.FOURRIER<\/td>\n<td class=\"col7\" style=\"text-align: center;\">37.0<\/td>\n<td class=\"col8\" style=\"text-align: right;\">39600 \u20ac<\/td>\n<\/tr>\n<tr class=\"row3\" style=\"text-align: left; background-color: rgb(218, 218, 226); line-height: 15px;\">\n<td class=\"col1\" style=\"text-align: center; width: 65px;font-weight: bold;\">4<\/td>\n<td class=\"col2\"><a href=\"https:\/\/www.equidia.fr\/chevaux\/mino-galeste?horse_uuid=ee8d1656-1838-479a-af27-32a5c411d302\" target=\"_blank\" rel=\"noopener\">MINO GALESTE<\/a><\/td>\n<td class=\"col3\" style=\"text-align: center;\">7<\/td>\n<td class=\"col4\">E.HARDOUIN<\/td>\n<td class=\"col5\">57.5 kg<\/td>\n<td class=\"col6\">H.GHABRI<\/td>\n<td class=\"col7\" style=\"text-align: center;\">36.5<\/td>\n<td class=\"col8\" style=\"text-align: right;\">43050 \u20ac<\/td>\n<\/tr>\n<tr class=\"row2\" style=\"text-align: left; background-color: #FFFFFF; line-height: 15px;\">\n<td class=\"col1\" style=\"text-align: center; width: 65px;font-weight: bold;\">5<\/td>\n<td class=\"col2\"><a href=\"https:\/\/www.equidia.fr\/chevaux\/elusive-belardo?horse_uuid=654afb4c-f58c-4e39-b017-ec9cb3c1115c\" target=\"_blank\" rel=\"noopener\">ELUSIVE BELARDO<\/a><\/td>\n<td class=\"col3\" style=\"text-align: center;\">1<\/td>\n<td class=\"col4\">M.GUYON<\/td>\n<td class=\"col5\">57.5 kg<\/td>\n<td class=\"col6\">N.CAULLERY<\/td>\n<td class=\"col7\" style=\"text-align: center;\">36.5<\/td>\n<td class=\"col8\" style=\"text-align: right;\">41700 \u20ac<\/td>\n<\/tr>\n<tr class=\"row3\" style=\"text-align: left; background-color: rgb(218, 218, 226); line-height: 15px;\">\n<td class=\"col1\" style=\"text-align: center; width: 65px;font-weight: bold;\">6<\/td>\n<td class=\"col2\"><a href=\"https:\/\/www.equidia.fr\/chevaux\/acto?horse_uuid=439c5596-85cf-4bdd-abe5-b798166a2c2d\" target=\"_blank\" rel=\"noopener\">ACTO<\/a><\/td>\n<td class=\"col3\" style=\"text-align: center;\">6<\/td>\n<td class=\"col4\">T.PICCONE<\/td>\n<td class=\"col5\">57.5 kg<\/td>\n<td class=\"col6\">F.CHAPPET (S)<\/td>\n<td class=\"col7\" style=\"text-align: center;\">36.5<\/td>\n<td class=\"col8\" style=\"text-align: right;\">18050 \u20ac<\/td>\n<\/tr>\n<tr class=\"row2\" style=\"text-align: left; background-color: #FFFFFF; line-height: 15px;\">\n<td class=\"col1\" style=\"text-align: center; width: 65px;font-weight: bold;\">7<\/td>\n<td class=\"col2\"><a href=\"https:\/\/www.equidia.fr\/chevaux\/chemical?horse_uuid=011d0281-89fe-4698-aba1-0c03ecc94207\" target=\"_blank\" rel=\"noopener\">CHEMICAL<\/a><\/td>\n<td class=\"col3\" style=\"text-align: center;\">12<\/td>\n<td class=\"col4\">A.CRASTUS<\/td>\n<td class=\"col5\">57.5 kg<\/td>\n<td class=\"col6\">N.CAULLERY<\/td>\n<td class=\"col7\" style=\"text-align: center;\">36.5<\/td>\n<td class=\"col8\" style=\"text-align: right;\">17814 \u20ac<\/td>\n<\/tr>\n<tr class=\"row3\" style=\"text-align: left; background-color: rgb(218, 218, 226); line-height: 15px;\">\n<td class=\"col1\" style=\"text-align: center; width: 65px;font-weight: bold;\">8<\/td>\n<td class=\"col2\"><a href=\"https:\/\/www.equidia.fr\/chevaux\/kraskhov?horse_uuid=912d67ec-25a2-4c33-9e48-437d3b203f10\" target=\"_blank\" rel=\"noopener\">KRASKHOV<\/a><\/td>\n<td class=\"col3\" style=\"text-align: center;\">9<\/td>\n<td class=\"col4\">C.LECOEUVRE<\/td>\n<td class=\"col5\">57.5 kg<\/td>\n<td class=\"col6\">M.DELCHER SANCHEZ<\/td>\n<td class=\"col7\" style=\"text-align: center;\">36.5<\/td>\n<td class=\"col8\" style=\"text-align: right;\">12600 \u20ac<\/td>\n<\/tr>\n<tr class=\"row2\" style=\"text-align: left; background-color: #FFFFFF; line-height: 15px;\">\n<td class=\"col1\" style=\"text-align: center; width: 65px;font-weight: bold;\">9<\/td>\n<td class=\"col2\"><a href=\"https:\/\/www.equidia.fr\/chevaux\/el-pequenio?horse_uuid=7c6a55d5-c2aa-4bb1-a6d0-5e353b202f05\" target=\"_blank\" rel=\"noopener\">EL PEQUENIO<\/a><\/td>\n<td class=\"col3\" style=\"text-align: center;\">16<\/td>\n<td class=\"col4\">S.PASQUIER<\/td>\n<td class=\"col5\">57.0 kg<\/td>\n<td class=\"col6\">CLEMENT &amp; HERMANS (S)<\/td>\n<td class=\"col7\" style=\"text-align: center;\">36.0<\/td>\n<td class=\"col8\" style=\"text-align: right;\">52600 \u20ac<\/td>\n<\/tr>\n<tr class=\"row3\" style=\"text-align: left; background-color: rgb(218, 218, 226); line-height: 15px;\">\n<td class=\"col1\" style=\"text-align: center; width: 65px;font-weight: bold;\">10<\/td>\n<td class=\"col2\"><a href=\"https:\/\/www.equidia.fr\/chevaux\/la-ceiba?horse_uuid=718fb4a3-9261-4b24-87e6-f79a28b9e617\" target=\"_blank\" rel=\"noopener\">LA CEIBA<\/a><\/td>\n<td class=\"col3\" style=\"text-align: center;\">11<\/td>\n<td class=\"col4\">A.MADAMET<\/td>\n<td class=\"col5\">57.0 kg<\/td>\n<td class=\"col6\">G.HERNON (S)<\/td>\n<td class=\"col7\" style=\"text-align: center;\">36.0<\/td>\n<td class=\"col8\" style=\"text-align: right;\">21900 \u20ac<\/td>\n<\/tr>\n<tr class=\"row2\" style=\"text-align: left; background-color: #FFFFFF; line-height: 15px;\">\n<td class=\"col1\" style=\"text-align: center; width: 65px;font-weight: bold;\">11<\/td>\n<td class=\"col2\"><a href=\"https:\/\/www.equidia.fr\/chevaux\/ocean-treaty?horse_uuid=80b49995-2fe8-4e9e-a2d5-6e27728adae0\" target=\"_blank\" rel=\"noopener\">OCEAN TREATY<\/a><\/td>\n<td class=\"col3\" style=\"text-align: center;\">13<\/td>\n<td class=\"col4\">A.POUCHIN<\/td>\n<td class=\"col5\">57.0 kg<\/td>\n<td class=\"col6\">G.HERNON (S)<\/td>\n<td class=\"col7\" style=\"text-align: center;\">36.0<\/td>\n<td class=\"col8\" style=\"text-align: right;\">21120 \u20ac<\/td>\n<\/tr>\n<tr class=\"row3\" style=\"text-align: left; background-color: rgb(218, 218, 226); line-height: 15px;\">\n<td class=\"col1\" style=\"text-align: center; width: 65px;font-weight: bold;\">12<\/td>\n<td class=\"col2\"><a href=\"https:\/\/www.equidia.fr\/chevaux\/marooned?horse_uuid=e144cbf7-db8f-46b1-adc1-7aab25cea64c\" target=\"_blank\" rel=\"noopener\">MAROONED<\/a><\/td>\n<td class=\"col3\" style=\"text-align: center;\">8<\/td>\n<td class=\"col4\">H.BOUTIN<\/td>\n<td class=\"col5\">56.0 kg<\/td>\n<td class=\"col6\">MME AS.CROMBEZ<\/td>\n<td class=\"col7\" style=\"text-align: center;\">35.0<\/td>\n<td class=\"col8\" style=\"text-align: right;\">18350 \u20ac<\/td>\n<\/tr>\n<tr class=\"row2\" style=\"text-align: left; background-color: #FFFFFF; line-height: 15px;\">\n<td class=\"col1\" style=\"text-align: center; width: 65px;font-weight: bold;\">13<\/td>\n<td class=\"col2\"><a href=\"https:\/\/www.equidia.fr\/chevaux\/golden-brown-2?horse_uuid=d725abac-1a9c-4705-a0ee-e549f06abe1a\" target=\"_blank\" rel=\"noopener\">GOLDEN BROWN<\/a><\/td>\n<td class=\"col3\" style=\"text-align: center;\">2<\/td>\n<td class=\"col4\">A.LEMAITRE<\/td>\n<td class=\"col5\">55.0 kg<\/td>\n<td class=\"col6\">X.BLANCHET (S)<\/td>\n<td class=\"col7\" style=\"text-align: center;\">34.0<\/td>\n<td class=\"col8\" style=\"text-align: right;\">35550 \u20ac<\/td>\n<\/tr>\n<tr class=\"row3\" style=\"text-align: left; background-color: rgb(218, 218, 226); line-height: 15px;\">\n<td class=\"col1\" style=\"text-align: center; width: 65px;font-weight: bold;\">14<\/td>\n<td class=\"col2\"><a href=\"https:\/\/www.equidia.fr\/chevaux\/nargiz?horse_uuid=5e9bd93e-6050-4937-9931-86e42cc127cf\" target=\"_blank\" rel=\"noopener\">NARGIZ<\/a><\/td>\n<td class=\"col3\" style=\"text-align: center;\">14<\/td>\n<td class=\"col4\">C.DEMURO<\/td>\n<td class=\"col5\">55.0 kg<\/td>\n<td class=\"col6\">P&amp;J.BRANDT (S)<\/td>\n<td class=\"col7\" style=\"text-align: center;\">34.0<\/td>\n<td class=\"col8\" style=\"text-align: right;\">17940 \u20ac<\/td>\n<\/tr>\n<tr class=\"row2\" style=\"text-align: left; background-color: #FFFFFF; line-height: 15px;\">\n<td class=\"col1\" style=\"text-align: center; width: 65px;font-weight: bold;\">15<\/td>\n<td class=\"col2\"><a href=\"https:\/\/www.equidia.fr\/chevaux\/dobba?horse_uuid=48f31fbe-1ec2-49e2-a692-be2840e5ed70\" target=\"_blank\" rel=\"noopener\">DOBBA<\/a><\/td>\n<td class=\"col3\" style=\"text-align: center;\">15<\/td>\n<td class=\"col4\">S.LADJADJ<\/td>\n<td class=\"col5\">55.0 kg<\/td>\n<td class=\"col6\">C&amp;Y.LERNER (S)<\/td>\n<td class=\"col7\" style=\"text-align: center;\">34.0<\/td>\n<td class=\"col8\" style=\"text-align: right;\">4050 \u20ac<\/td>\n<\/tr>\n<tr class=\"row3\" style=\"text-align: left; background-color: rgb(218, 218, 226); line-height: 15px;\">\n<td class=\"col1\" style=\"text-align: center; width: 65px;font-weight: bold;\">16<\/td>\n<td class=\"col2\"><a href=\"https:\/\/www.equidia.fr\/chevaux\/ever-fast-1?horse_uuid=ee1298f4-82fc-40f6-a4ac-cc282f185ec3\" target=\"_blank\" rel=\"noopener\">EVER FAST<\/a><\/td>\n<td class=\"col3\" style=\"text-align: center;\">10<\/td>\n<td class=\"col4\">T.BACHELOT<\/td>\n<td class=\"col5\">54.5 kg<\/td>\n<td class=\"col6\">F.BRESSON (S)<\/td>\n<td class=\"col7\" style=\"text-align: center;\">33.5<\/td>\n<td class=\"col8\" style=\"text-align: right;\">22120 \u20ac<\/td>\n<\/tr>\n<p><strong>Les forces en pr\u00e9sence<\/strong><\/p>\n<p style=\"text-align: justify;\">Pass\u00e9e dans l&rsquo;effectif de Nicolas Caullery apr\u00e8s son facile succ\u00e8s du 29 mai dans une course \u00e0 r\u00e9clamer, <a href=\"https:\/\/www.equidia.fr\/chevaux\/elusive-belardo?horse_uuid=654afb4c-f58c-4e39-b017-ec9cb3c1115c\" target=\"_blank\" rel=\"noopener\">ELUSIVE BELARDO (5)<\/a> a ensuite laiss\u00e9 une impression tr\u00e8s favorable \u00e0 l&rsquo;occasion de son premier essai dans un Quint\u00e9+ (4e). Les 200 m\u00e8tres suppl\u00e9mentaires devraient l&rsquo;avantager et elle a cette fois h\u00e9rit\u00e9 de la corde 1, ce qui lui permettra de patienter plus pr\u00e8s. Si elle a les coud\u00e9es franches au moment opportun, elle peut assur\u00e9ment dominer <a href=\"https:\/\/www.equidia.fr\/chevaux\/apogeo?horse_uuid=b2900829-57b9-43bb-978a-325a93f8b3de\" target=\"_blank\" rel=\"noopener\">APOGEO (2)<\/a>, qui devrait encore animer les d\u00e9bats et aller loin, <a href=\"https:\/\/www.equidia.fr\/chevaux\/acto?horse_uuid=439c5596-85cf-4bdd-abe5-b798166a2c2d\" target=\"_blank\" rel=\"noopener\">ACTO (6)<\/a>, dot\u00e9 d&rsquo;une belle pointe de vitesse finale, et <a href=\"https:\/\/www.equidia.fr\/chevaux\/el-pequenio?horse_uuid=7c6a55d5-c2aa-4bb1-a6d0-5e353b202f05\" target=\"_blank\" rel=\"noopener\">EL PEQUENIO (9)<\/a>, que nous aurions retenu en t\u00eate s&rsquo;il n&rsquo;avait pas h\u00e9rit\u00e9 de la corde 16. <a href=\"https:\/\/www.equidia.fr\/chevaux\/nargiz?horse_uuid=5e9bd93e-6050-4937-9931-86e42cc127cf\" target=\"_blank\" rel=\"noopener\">NARGIZ (14)<\/a> a fort bien termin\u00e9 lors de ses deux premiers essais dans les handicaps et ne devrait plus tarder \u00e0 perdre son statut de maiden. <a href=\"https:\/\/www.equidia.fr\/chevaux\/la-ceiba?horse_uuid=718fb4a3-9261-4b24-87e6-f79a28b9e617\" target=\"_blank\" rel=\"noopener\">LA CEIBA (10)<\/a>, convaincante \u00e0 Craon en devan\u00e7ant Orangerie (4e d&rsquo;un Quint\u00e9+ au mois de mai), <a href=\"https:\/\/www.equidia.fr\/chevaux\/golden-brown-2?horse_uuid=d725abac-1a9c-4705-a0ee-e549f06abe1a\" target=\"_blank\" rel=\"noopener\">GOLDEN BROWN (13)<\/a>, un \u00ab\u00a0ex-Rouget\u00a0\u00bb qui semble tr\u00e8s bien plac\u00e9 dans les handicaps, et <a href=\"https:\/\/www.equidia.fr\/chevaux\/mino-galeste?horse_uuid=ee8d1656-1838-479a-af27-32a5c411d302\" target=\"_blank\" rel=\"noopener\">MINO GALESTE (4)<\/a>, de retour sur sa meilleure distance, compl\u00e8teront notre choix. Nous aurions pu en citer d&rsquo;autres\u2026<\/p>\n<p><strong>Le prono de Micka\u00ebl AFRIAT<\/strong><\/p>\n<tr cellpadding=\"0\" cellspacing=\"10\" class=\"row5\" style=\"text-align: left; background-color: #FFFFFF; font-size: 130%;\">\n<td style=\"text-align: center;\">5<\/td>\n<td style=\"text-align: center;\">2<\/td>\n<td style=\"text-align: center;\">6<\/td>\n<td style=\"text-align: center;\">9<\/td>\n<td style=\"text-align: center;\">14<\/td>\n<td style=\"text-align: center;\">10<\/td>\n<td style=\"text-align: center;\">13<\/td>\n<td style=\"text-align: center;\">4<\/td>\n<\/tr>\n<tr class=\"row6\" style=\"text-align: center; background-color: #FFFFFF; column-width: 6rem;\">\n<td class=\"col5\"><img decoding=\"async\" alt=\"casaque_ELUSIVE BELARDO\" class=\"cas\" src=\"https:\/\/www.europesays.com\/fr\/wp-content\/uploads\/2025\/07\/20250703-r1c6p5-png.png\" style=\" width: 70%;\"\/><\/p>\n<p class=\"col10\" style=\"font-size: x-small; line-height: 11px;;\">ELUSIVE BELARDO<\/p>\n<\/td>\n<td class=\"col2\"><img decoding=\"async\" alt=\"casaque_APOGEO\" class=\"cas\" src=\"https:\/\/www.europesays.com\/fr\/wp-content\/uploads\/2025\/07\/20250703-r1c6p2-png.png\" style=\" width: 70%;\"\/><\/p>\n<p class=\"col10\" style=\"font-size: x-small; line-height: 11px;;\">APOGEO<\/p>\n<\/td>\n<td class=\"col6\"><img decoding=\"async\" alt=\"casaque_ACTO\" class=\"cas\" src=\"https:\/\/www.europesays.com\/fr\/wp-content\/uploads\/2025\/07\/20250703-r1c6p6-png.png\" style=\" width: 70%;\"\/><\/p>\n<p class=\"col10\" style=\"font-size: x-small; line-height: 11px;;\">ACTO<\/p>\n<\/td>\n<td class=\"col9\"><img decoding=\"async\" alt=\"casaque_EL PEQUENIO\" class=\"cas\" src=\"https:\/\/www.europesays.com\/fr\/wp-content\/uploads\/2025\/07\/20250703-r1c6p9-png.png\" style=\" width: 70%;\"\/><\/p>\n<p class=\"col10\" style=\"font-size: x-small; line-height: 11px;;\">EL PEQUENIO<\/p>\n<\/td>\n<td class=\"col14\"><img decoding=\"async\" alt=\"casaque_NARGIZ\" class=\"cas\" src=\"https:\/\/www.europesays.com\/fr\/wp-content\/uploads\/2025\/07\/20250703-r1c6p14-png.png\" style=\" width: 70%;\"\/><\/p>\n<p class=\"col10\" style=\"font-size: x-small; line-height: 11px;;\">NARGIZ<\/p>\n<\/td>\n<td class=\"col10\"><img decoding=\"async\" alt=\"casaque_LA CEIBA\" class=\"cas\" src=\"https:\/\/www.europesays.com\/fr\/wp-content\/uploads\/2025\/07\/20250703-r1c6p10-png.png\" style=\" width: 70%;\"\/><\/p>\n<p class=\"col10\" style=\"font-size: x-small; line-height: 11px;;\">LA CEIBA<\/p>\n<\/td>\n<td class=\"col13\"><img decoding=\"async\" alt=\"casaque_GOLDEN BROWN\" class=\"cas\" src=\"https:\/\/www.europesays.com\/fr\/wp-content\/uploads\/2025\/07\/20250703-r1c6p13-png.png\" style=\" width: 70%;\"\/><\/p>\n<p class=\"col10\" style=\"font-size: x-small; line-height: 11px;;\">GOLDEN BROWN<\/p>\n<\/td>\n<td class=\"col4\"><img decoding=\"async\" alt=\"casaque_MINO GALESTE\" class=\"cas\" src=\"https:\/\/www.europesays.com\/fr\/wp-content\/uploads\/2025\/07\/20250703-r1c6p4-png.png\" style=\" width: 70%;\"\/><\/p>\n<p class=\"col10\" style=\"font-size: x-small; line-height: 11px;;\">MINO GALESTE<\/p>\n<\/td>\n<\/tr>\n<p><a href=\"https:\/\/servedby.revive-adserver.net\/ck.php?n=a3265498&amp;cb=1234\" target=\"_blank\" rel=\"noopener\"><img decoding=\"async\" alt=\"\" border=\"0\" src=\"https:\/\/www.europesays.com\/fr\/wp-content\/uploads\/2025\/07\/avw\"\/><\/a><\/p>\n<p><strong>Les partants en d\u00e9tail (par M. AFRIAT) et l&rsquo;avis des pros (par M. BERTELLA)<\/strong><\/p>\n<p id=\"ch_PASTISSE\" style=\"margin-bottom: 1%;\"><a href=\"https:\/\/www.equidia.fr\/chevaux\/pastisse-1?horse_uuid=27725ee8-9d58-4048-828b-7c15fd332534\" target=\"_blank\" rel=\"noopener\">1 &#8211; \u00a0<img decoding=\"async\" alt=\"casaque_PASTISSE\" src=\"https:\/\/www.europesays.com\/fr\/wp-content\/uploads\/2025\/07\/20250703-r1c6p1-png.png\" style=\"width: 4.5%; margin :0; vertical-align : middle;\"\/>\u00a0\u00a0PASTISSE<\/a><\/p>\n<p style=\"text-align: justify;\">Apr\u00e8s deux prestations en demi-teinte, dont une dans un handicap clodoaldien, elle a remis les pendules \u00e0 l&rsquo;heure r\u00e9cemment \u00e0 Lyon-Parilly (3e), dans une Classe 2 bien compos\u00e9e. N\u00e9anmoins, force est de constater qu&rsquo;elle n&rsquo;a pas de marge dans les handicaps \u00e0 une telle valeur. En bout de piste.<\/p>\n<p><strong>Patrice Cottier, entra\u00eeneur : <\/strong><\/p>\n<p style=\"text-align: justify;\">\u00ab Pastisse (1) a bien couru derni\u00e8rement dans une Classe 2 \u00e0 Lyon-Parilly. Il est vrai qu&rsquo;elle n&rsquo;a pas une grande marge dans les handicaps, mais je pense qu&rsquo;elle reste comp\u00e9titive pour les places, d&rsquo;autant que le lot ne me semble pas tr\u00e8s relev\u00e9. Tout se pr\u00e9sente bien. Elle est en forme et \u00e9voluera sur une distance qu&rsquo;elle affectionne. En plus, son num\u00e9ro de corde est favorable. On se d\u00e9place avec des ambitions. \u00bb<\/p>\n<p id=\"ch_APOGEO\" style=\"margin-bottom: 1%;\"><a href=\"https:\/\/www.equidia.fr\/chevaux\/apogeo?horse_uuid=b2900829-57b9-43bb-978a-325a93f8b3de\" target=\"_blank\" rel=\"noopener\">2 &#8211; \u00a0<img decoding=\"async\" alt=\"casaque_APOGEO\" src=\"https:\/\/www.europesays.com\/fr\/wp-content\/uploads\/2025\/07\/1751491882_858_20250703-r1c6p2-png.png\" style=\"width: 4.5%; margin :0; vertical-align : middle;\"\/>\u00a0\u00a0APOGEO<\/a><\/p>\n<p style=\"text-align: justify;\">Cet adepte de la course en t\u00eate ne cesse de progresser et vient de r\u00e9aliser une excellente rentr\u00e9e dans un gros handicap (3e) sur plus court. Il est confirm\u00e9 sur le mile et comp\u00e9titif \u00e0 cette valeur. Sans incident, sa place est \u00e0 l&rsquo;arriv\u00e9e.<\/p>\n<p><strong>Maurizio Guarnieri, entra\u00eeneur : <\/strong><\/p>\n<p style=\"text-align: justify;\">\u00ab Apogeo (2) a sign\u00e9 une bonne rentr\u00e9e derni\u00e8rement dans un Quint\u00e9+ \u00e0 Saint-Cloud, prouvant sa comp\u00e9titivit\u00e9 \u00e0 cette valeur. Il a tir\u00e9 un bon num\u00e9ro et revient sur un trac\u00e9 qu&rsquo;il appr\u00e9cie. Il retrouve aussi Christophe Soumillon, avec qui il s&rsquo;\u00e9tait impos\u00e9 lors de son avant-derni\u00e8re sortie. Tous les feux sont au vert. J&rsquo;esp\u00e8re juste une baisse des temp\u00e9ratures car il est tr\u00e8s \u00e9prouv\u00e9 par la chaleur. \u00bb<\/p>\n<p id=\"ch_SEND WOOD\" style=\"margin-bottom: 1%;\"><a href=\"https:\/\/www.equidia.fr\/chevaux\/send-wood?horse_uuid=7ea256ce-9958-4672-b122-01456943f953\" target=\"_blank\" rel=\"noopener\">3 &#8211; \u00a0<img decoding=\"async\" alt=\"casaque_SEND WOOD\" src=\"https:\/\/www.europesays.com\/fr\/wp-content\/uploads\/2025\/07\/20250703-r1c6p3-png.png\" style=\"width: 4.5%; margin :0; vertical-align : middle;\"\/>\u00a0\u00a0SEND WOOD<\/a><\/p>\n<p style=\"text-align: justify;\">Tr\u00e8s r\u00e9guli\u00e8re depuis le d\u00e9but de sa carri\u00e8re, cette fille d&rsquo;Al Wukair est absente depuis son encourageante sixi\u00e8me place enregistr\u00e9e dans le Quint\u00e9+ du 17 mars. Elle est comp\u00e9titive \u00e0 cette valeur et sa fra\u00eecheur sera un s\u00e9rieux atout. Un regret parmi d&rsquo;autres.<\/p>\n<p><strong>Guillaume Fourrier, entra\u00eeneur : <\/strong><\/p>\n<p style=\"text-align: justify;\">\u00ab J&rsquo;\u00e9tais satisfait de la performance de Send Wood (3) \u00e0 Chantilly pour son premier Quint\u00e9+, mi-mars. La distance \u00e9tait un peu courte mais elle a eu un comportement encourageant. Elle avait besoin d&rsquo;un break apr\u00e8s cet hiver bien charg\u00e9, on lui a donc accord\u00e9 du repos. Jeudi, elle rentre mais elle est en forme et pr\u00eate \u00e0 bien faire d&#8217;embl\u00e9e. Elle sera mieux sur 1 600 m\u00e8tres et peut terminer dans la bonne combinaison. \u00bb<\/p>\n<p id=\"ch_MINO GALESTE\" style=\"margin-bottom: 1%;\"><a href=\"https:\/\/www.equidia.fr\/chevaux\/mino-galeste?horse_uuid=ee8d1656-1838-479a-af27-32a5c411d302\" target=\"_blank\" rel=\"noopener\">4 &#8211; \u00a0<img decoding=\"async\" alt=\"casaque_MINO GALESTE\" src=\"https:\/\/www.europesays.com\/fr\/wp-content\/uploads\/2025\/07\/1751491882_261_20250703-r1c6p4-png.png\" style=\"width: 4.5%; margin :0; vertical-align : middle;\"\/>\u00a0\u00a0MINO GALESTE<\/a><\/p>\n<p style=\"text-align: justify;\">Laur\u00e9at d&rsquo;un handicap sur ce parcours en valeur 33,5, ce prot\u00e9g\u00e9 d&rsquo;Hedi Ghabri n&rsquo;a pas d\u00e9m\u00e9rit\u00e9 ensuite (7e) avec trois kilos de plus \u00e0 Compi\u00e8gne. Il a moins de marge, mais reste clairement comp\u00e9titif pour les places, a fortiori sur cette distance qu&rsquo;il affectionne.<\/p>\n<p><strong>Hedi Ghabri, entra\u00eeneur : <\/strong><\/p>\n<p style=\"text-align: justify;\">\u00ab Mino Galeste (4) s&rsquo;est bien comport\u00e9 derni\u00e8rement dans un Quint\u00e9+ \u00e0 Compi\u00e8gne. Il a fait sa course. Il pr\u00e9f\u00e8re \u00eatre cach\u00e9 jusqu&rsquo;au 400 m\u00e8tres, et l&rsquo;autre jour il est sorti un peu t\u00f4t, ce qui explique qu&rsquo;il ait un peu craqu\u00e9. Il est en forme et sur sa distance. Il a sa chance, mais il faudra un bon d\u00e9roulement de course. \u00bb<\/p>\n<p id=\"ch_ELUSIVE BELARDO\" style=\"margin-bottom: 1%;\"><a href=\"https:\/\/www.equidia.fr\/chevaux\/elusive-belardo?horse_uuid=654afb4c-f58c-4e39-b017-ec9cb3c1115c\" target=\"_blank\" rel=\"noopener\">5 &#8211; \u00a0<img decoding=\"async\" alt=\"casaque_ELUSIVE BELARDO\" src=\"https:\/\/www.europesays.com\/fr\/wp-content\/uploads\/2025\/07\/1751491883_48_20250703-r1c6p5-png.png\" style=\"width: 4.5%; margin :0; vertical-align : middle;\"\/>\u00a0\u00a0ELUSIVE BELARDO<\/a><\/p>\n<p style=\"text-align: justify;\">Pour sa premi\u00e8re tentative sous la f\u00e9rule de Nicolas Caullery, elle a fourni un tr\u00e8s bel effort final dans le Quint\u00e9+ du 10 juin, sur 1 400 m\u00e8tres (4e). Les 200 m\u00e8tres suppl\u00e9mentaires ne vont pas la contrarier, bien au contraire. \u00c0 l&rsquo;issue d&rsquo;un parcours limpide, elle devrait encore finir fort.<\/p>\n<p><strong>Nicolas Caullery, entra\u00eeneur : <\/strong><\/p>\n<p style=\"text-align: justify;\">\u00ab Elusive Belardo (5) s&rsquo;est tr\u00e8s bien comport\u00e9e pour ses d\u00e9buts \u00e0 ce niveau. Elle est toujours au top et pr\u00e9sente de solides atouts. Elle retrouve un parcours qu&rsquo;elle aime, ayant gagn\u00e9 ici l&rsquo;avant-derni\u00e8re fois, et partira avec un bon num\u00e9ro. Elle peut adopter toutes les tactiques. Je pense que les joueurs peuvent la prendre en base. \u00bb<\/p>\n<p id=\"ch_ACTO\" style=\"margin-bottom: 1%;\"><a href=\"https:\/\/www.equidia.fr\/chevaux\/acto?horse_uuid=439c5596-85cf-4bdd-abe5-b798166a2c2d\" target=\"_blank\" rel=\"noopener\">6 &#8211; \u00a0<img decoding=\"async\" alt=\"casaque_ACTO\" src=\"https:\/\/www.europesays.com\/fr\/wp-content\/uploads\/2025\/07\/1751491883_32_20250703-r1c6p6-png.png\" style=\"width: 4.5%; margin :0; vertical-align : middle;\"\/>\u00a0\u00a0ACTO<\/a><\/p>\n<p style=\"text-align: justify;\">Ce fils d&rsquo;Ectot a bien mieux couru que ne l&rsquo;indiquent ses classements bruts lors de ses trois essais \u00e0 ce niveau. Il est performant sur le mile mais doit imp\u00e9rativement b\u00e9n\u00e9ficier d&rsquo;un parcours fluide pour donner sa pleine mesure. Accessit en vue.<\/p>\n<p><strong>L&rsquo;avis du reporter : <\/strong><\/p>\n<p style=\"text-align: justify;\">\u00ab Acto (6) a couru de fa\u00e7on correcte lors de ses trois essais dans les Quints+. Il n&rsquo;a pas beaucoup de marge \u00e0 cette valeur, mais il nous gratifie parfois de belles fins de course. Avec un bon parcours, une place en bout de combinaison est jouable. \u00bb<\/p>\n<p id=\"ch_CHEMICAL\" style=\"margin-bottom: 1%;\"><a href=\"https:\/\/www.equidia.fr\/chevaux\/chemical?horse_uuid=011d0281-89fe-4698-aba1-0c03ecc94207\" target=\"_blank\" rel=\"noopener\">7 &#8211; \u00a0<img decoding=\"async\" alt=\"casaque_CHEMICAL\" src=\"https:\/\/www.europesays.com\/fr\/wp-content\/uploads\/2025\/07\/20250703-r1c6p7-png.png\" style=\"width: 4.5%; margin :0; vertical-align : middle;\"\/>\u00a0\u00a0CHEMICAL<\/a><\/p>\n<p style=\"text-align: justify;\">Laur\u00e9at d\u00e8s sa premi\u00e8re sortie sur le sol fran\u00e7ais, le 5 avril \u00e0 Nancy, il s&rsquo;est ensuite montr\u00e9 d\u00e9cevant \u00e0 deux reprises au niveau Classe 2. Il a obtenu ses meilleurs r\u00e9sultats sur 1 400 m\u00e8tres mais devrait trouver sa voie dans les handicaps \u00e0 cette valeur. Le retenir ou non est une affaire d&rsquo;impression.<\/p>\n<p><strong>Nicolas Caullery, entra\u00eeneur : <\/strong><\/p>\n<p style=\"text-align: justify;\">\u00ab Chemical (7) a du potentiel, mais il n&rsquo;a remport\u00e9 qu&rsquo;un petit maiden en province. Il va d\u00e9couvrir les handicaps et je ne suis pas certain qu&rsquo;il soit comp\u00e9titif \u00e0 cette valeur. Je demande \u00e0 voir, m\u00eame s&rsquo;il n&rsquo;est pas inint\u00e9ressant comme poulain. \u00bb<\/p>\n<p id=\"ch_KRASKHOV\" style=\"margin-bottom: 1%;\"><a href=\"https:\/\/www.equidia.fr\/chevaux\/kraskhov?horse_uuid=912d67ec-25a2-4c33-9e48-437d3b203f10\" target=\"_blank\" rel=\"noopener\">8 &#8211; \u00a0<img decoding=\"async\" alt=\"casaque_KRASKHOV\" src=\"https:\/\/www.europesays.com\/fr\/wp-content\/uploads\/2025\/07\/20250703-r1c6p8-png-1.png\" style=\"width: 4.5%; margin :0; vertical-align : middle;\"\/>\u00a0\u00a0KRASKHOV<\/a><\/p>\n<p style=\"text-align: justify;\">Pour sa rentr\u00e9e apr\u00e8s castration, ce fils de Goken s&rsquo;est impos\u00e9 avec aisance dans un maiden \u00e0 Craon. Ce succ\u00e8s lui a valu cinq livres de surcharge et il d\u00e9bute donc dans les handicaps en 36,5. Compte tenu de ses lignes, il a sans doute les moyens de prendre une place dans un tel lot. Outsider valable.<\/p>\n<p><strong>Mauricio Delcher-Sanchez, entra\u00eeneur : <\/strong><\/p>\n<p style=\"text-align: justify;\">\u00ab Kraskhov (8) a gagn\u00e9 pour sa rentr\u00e9e. Il va nettement mieux depuis sa castration et progresse bien. Il va d\u00e9couvrir les handicaps et les pelotons fournis. Il s&rsquo;agit d&rsquo;un essai pour jauger son niveau. Ce ne sera pas simple, mais il est en tr\u00e8s belle forme. \u00bb<\/p>\n<p id=\"ch_EL PEQUENIO\" style=\"margin-bottom: 1%;\"><a href=\"https:\/\/www.equidia.fr\/chevaux\/el-pequenio?horse_uuid=7c6a55d5-c2aa-4bb1-a6d0-5e353b202f05\" target=\"_blank\" rel=\"noopener\">9 &#8211; \u00a0<img decoding=\"async\" alt=\"casaque_EL PEQUENIO\" src=\"https:\/\/www.europesays.com\/fr\/wp-content\/uploads\/2025\/07\/1751491884_260_20250703-r1c6p9-png.png\" style=\"width: 4.5%; margin :0; vertical-align : middle;\"\/>\u00a0\u00a0EL PEQUENIO<\/a><\/p>\n<p style=\"text-align: justify;\">Cet excellent finisseur a remarquablement tenu sa partie dans deux r\u00e9cents Quint\u00e9+. Le profil de la moyenne piste ne va pas l&rsquo;avantager, mais il a une certaine marge en valeur 36. Malgr\u00e9 la corde 16, il constitue un choix prioritaire.<\/p>\n<p><strong>Nicolas Cl\u00e9ment, entra\u00eeneur : <\/strong><\/p>\n<p style=\"text-align: justify;\">\u00ab El Pequenio (9) reste sur deux bonnes sorties dans cette cat\u00e9gorie. Il a \u00e9t\u00e9 pr\u00e9par\u00e9 pour ce Quint\u00e9+ et sa forme est optimale. Il appr\u00e9cie l&rsquo;hippodrome de ParisLongchamp. Par contre, il a besoin d&rsquo;un rythme soutenu pour revenir de l&rsquo;arri\u00e8re, car c&rsquo;est en patientant \u00e0 l&rsquo;arri\u00e8re-garde qu&rsquo;il donne sa pleine mesure. \u00bb<\/p>\n<p id=\"ch_LA CEIBA\" style=\"margin-bottom: 1%;\"><a href=\"https:\/\/www.equidia.fr\/chevaux\/la-ceiba?horse_uuid=718fb4a3-9261-4b24-87e6-f79a28b9e617\" target=\"_blank\" rel=\"noopener\">10 &#8211; \u00a0<img decoding=\"async\" alt=\"casaque_LA CEIBA\" src=\"https:\/\/www.europesays.com\/fr\/wp-content\/uploads\/2025\/07\/1751491884_723_20250703-r1c6p10-png.png\" style=\"width: 4.5%; margin :0; vertical-align : middle;\"\/>\u00a0\u00a0LA CEIBA<\/a><\/p>\n<p style=\"text-align: justify;\">Pour son premier essai sur le mile, cette prot\u00e9g\u00e9e de Gavin Hernon s&rsquo;est impos\u00e9e avec style le 11 juin \u00e0 Craon, en devan\u00e7ant Orangerie, qui s&rsquo;\u00e9tait plac\u00e9e dans un Quint\u00e9+ similaire au mois de mai. Elle aura les m\u00e2les sur sa route cette fois, mais cette valeur semble lui laisser toutes ses chances. Attention !<\/p>\n<p><strong>Gavin Hernon, entra\u00eeneur : <\/strong><\/p>\n<p style=\"text-align: justify;\">\u00ab La Ceiba (10) a bien encaiss\u00e9 son succ\u00e8s du 11 juin \u00e0 Craon, dans un maiden. Elle d\u00e9bute dans les handicaps mais semble bien plac\u00e9e en valeur 36. Je lui vois une belle chance et j&rsquo;esp\u00e8re la voir r\u00e9pondre pr\u00e9sent. \u00bb<\/p>\n<p id=\"ch_OCEAN TREATY\" style=\"margin-bottom: 1%;\"><a href=\"https:\/\/www.equidia.fr\/chevaux\/ocean-treaty?horse_uuid=80b49995-2fe8-4e9e-a2d5-6e27728adae0\" target=\"_blank\" rel=\"noopener\">11 &#8211; \u00a0<img decoding=\"async\" alt=\"casaque_OCEAN TREATY\" src=\"https:\/\/www.europesays.com\/fr\/wp-content\/uploads\/2025\/07\/20250703-r1c6p11-png.png\" style=\"width: 4.5%; margin :0; vertical-align : middle;\"\/>\u00a0\u00a0OCEAN TREATY<\/a><\/p>\n<p style=\"text-align: justify;\">Malchanceuse dans l&rsquo;\u00e9v\u00e9nement du 15 mai, apr\u00e8s avoir attendu aux derniers rangs, elle a remis les pendules \u00e0 l&rsquo;heure ensuite au Val d&rsquo;Or en \u00e9tant mont\u00e9e offensivement (3e). La distance pourrait s&rsquo;av\u00e9rer un peu longue pour elle, mais sa comp\u00e9titivit\u00e9 en valeur 36 est certaine. Du pour et du contre.<\/p>\n<p><strong>Gavin Hernon, entra\u00eeneur : <\/strong><\/p>\n<p style=\"text-align: justify;\">\u00ab Ocean Treaty (11) a r\u00e9cemment prouv\u00e9 \u00e0 Saint-Cloud qu&rsquo;elle \u00e9tait comp\u00e9titive en valeur 36 dans les handicaps. Elle est sur la montante et a son mot \u00e0 dire, m\u00eame si elle change de distance. \u00bb<\/p>\n<p id=\"ch_MAROONED\" style=\"margin-bottom: 1%;\"><a href=\"https:\/\/www.equidia.fr\/chevaux\/marooned?horse_uuid=e144cbf7-db8f-46b1-adc1-7aab25cea64c\" target=\"_blank\" rel=\"noopener\">12 &#8211; \u00a0<img decoding=\"async\" alt=\"casaque_MAROONED\" src=\"https:\/\/www.europesays.com\/fr\/wp-content\/uploads\/2025\/07\/20250703-r1c6p12-png.png\" style=\"width: 4.5%; margin :0; vertical-align : middle;\"\/>\u00a0\u00a0MAROONED<\/a><\/p>\n<p style=\"text-align: justify;\">Apr\u00e8s quatre mois d&rsquo;absence, elle n&rsquo;a pas d\u00e9m\u00e9rit\u00e9 lors de ses deux courses de remise en route, dans des maidens bien compos\u00e9s. Elle d\u00e9bute dans les handicaps \u00e0 une valeur int\u00e9ressante et va appr\u00e9cier le bon terrain. Les amateurs d&rsquo;outsiders peuvent se laisser tenter.<\/p>\n<p><strong>Anne-Sophie Crombez, entra\u00eeneur : <\/strong><\/p>\n<p style=\"text-align: justify;\">\u00ab Depuis qu&rsquo;elle est revenue de son break hivernal, Marooned (12) est moins percutante. Elle a galop\u00e9 r\u00e9cemment avec les \u0153ill\u00e8res australiennes et son travail a \u00e9t\u00e9 plut\u00f4t convaincant, c&rsquo;est pourquoi elle sera munie de cet artifice ce jeudi. La distance va lui convenir, tout comme l&rsquo;\u00e9tat de la piste. N\u00e9anmoins, elle d\u00e9bute dans les handicaps et doit faire ses preuves \u00e0 ce niveau. Cette \u00e9preuve nous permettra de savoir si elle est prise \u00e0 sa juste valeur. \u00bb<\/p>\n<p id=\"ch_GOLDEN BROWN\" style=\"margin-bottom: 1%;\"><a href=\"https:\/\/www.equidia.fr\/chevaux\/golden-brown-2?horse_uuid=d725abac-1a9c-4705-a0ee-e549f06abe1a\" target=\"_blank\" rel=\"noopener\">13 &#8211; \u00a0<img decoding=\"async\" alt=\"casaque_GOLDEN BROWN\" src=\"https:\/\/www.europesays.com\/fr\/wp-content\/uploads\/2025\/07\/1751491885_375_20250703-r1c6p13-png.png\" style=\"width: 4.5%; margin :0; vertical-align : middle;\"\/>\u00a0\u00a0GOLDEN BROWN<\/a><\/p>\n<p style=\"text-align: justify;\">Apr\u00e8s une tr\u00e8s honorable carri\u00e8re sous la f\u00e9rule de Jean-Claude Rouget, il a rejoint l&rsquo;\u00e9curie de Xavier Blanchet suite \u00e0 son impressionnant succ\u00e8s du 28 mai dans une course \u00e0 r\u00e9clamer toulousaine. Il d\u00e9bute dans les handicaps mais semble tr\u00e8s bien plac\u00e9 en valeur 34. Un bon coup de poker !<\/p>\n<p><strong>L&rsquo;avis du reporter : <\/strong><\/p>\n<p style=\"text-align: justify;\">\u00ab Tr\u00e8s r\u00e9gulier depuis ses d\u00e9buts, Golden Brown (13) vient d&rsquo;ouvrir son palmar\u00e8s dans une \u00e9preuve \u00e0 r\u00e9clamer sur l&rsquo;hippodrome de Toulouse. Il va d\u00e9buter pour son nouvel entourage et dans la cat\u00e9gorie des handicaps. Il a tout \u00e0 prouver mais semble correctement situ\u00e9 \u00e0 cette valeur. La m\u00e9fiance est de mise. \u00bb<\/p>\n<p id=\"ch_NARGIZ\" style=\"margin-bottom: 1%;\"><a href=\"https:\/\/www.equidia.fr\/chevaux\/nargiz?horse_uuid=5e9bd93e-6050-4937-9931-86e42cc127cf\" target=\"_blank\" rel=\"noopener\">14 &#8211; \u00a0<img decoding=\"async\" alt=\"casaque_NARGIZ\" src=\"https:\/\/www.europesays.com\/fr\/wp-content\/uploads\/2025\/07\/1751491885_273_20250703-r1c6p14-png.png\" style=\"width: 4.5%; margin :0; vertical-align : middle;\"\/>\u00a0\u00a0NARGIZ<\/a><\/p>\n<p style=\"text-align: justify;\">Cette \u00e9l\u00e8ve des \u00e9poux Brandt est encore maiden apr\u00e8s six courses, mais elle a laiss\u00e9 une impression tr\u00e8s favorable lors de ses deux premiers essais dans les handicaps. Si l&rsquo;\u00e9preuve est suffisamment s\u00e9lective, sa pointe de vitesse finale peut faire merveille.<\/p>\n<p><strong>Joakim Brandt, entra\u00eeneur : <\/strong><\/p>\n<p style=\"text-align: justify;\">\u00ab Je suis satisfait des deux prestations de Nargiz (14) dans les handicaps. Elle a montr\u00e9 qu&rsquo;elle avait le niveau. On rallonge la distance car elle a \u00e9t\u00e9 prise de vitesse sur les 1 400 m\u00e8tres de Saint-Cloud. Le mile devrait lui plaire. Le num\u00e9ro 14 est un vrai handicap, il faudra donc esp\u00e9rer un bon parcours. Si c&rsquo;est le cas, elle peut mettre \u00e0 profit son joli changement de vitesse pour faire l&rsquo;arriv\u00e9e. \u00bb<\/p>\n<p id=\"ch_DOBBA\" style=\"margin-bottom: 1%;\"><a href=\"https:\/\/www.equidia.fr\/chevaux\/dobba?horse_uuid=48f31fbe-1ec2-49e2-a692-be2840e5ed70\" target=\"_blank\" rel=\"noopener\">15 &#8211; \u00a0<img decoding=\"async\" alt=\"casaque_DOBBA\" src=\"https:\/\/www.europesays.com\/fr\/wp-content\/uploads\/2025\/07\/20250703-r1c6p15-png.png\" style=\"width: 4.5%; margin :0; vertical-align : middle;\"\/>\u00a0\u00a0DOBBA<\/a><\/p>\n<p style=\"text-align: justify;\">Remarqu\u00e9 lors de ses trois premi\u00e8res tentatives, ce hongre a sans doute \u00e9t\u00e9 pr\u00e9par\u00e9 avec soin pour les handicaps. Il a \u00e9t\u00e9 suppl\u00e9ment\u00e9 et semble tr\u00e8s bien plac\u00e9 \u00e0 cette valeur. N\u00e9anmoins, la corde 15, sur ce parcours de la moyenne piste, est vraiment handicapante. Un \u00e9norme regret.<\/p>\n<p><strong>Carlos Lerner, entra\u00eeneur : <\/strong><\/p>\n<p style=\"text-align: justify;\">\u00ab Dobba (15) d\u00e9bute dans les handicaps et doit faire ses preuves \u00e0 ce niveau. Il manque encore d&rsquo;exp\u00e9rience pour ce genre de comp\u00e9tition et a h\u00e9rit\u00e9 d&rsquo;un num\u00e9ro en dehors. Dans ces conditions, sa t\u00e2che s&rsquo;annonce difficile. \u00bb<\/p>\n<p id=\"ch_EVER FAST\" style=\"margin-bottom: 1%;\"><a href=\"https:\/\/www.equidia.fr\/chevaux\/ever-fast-1?horse_uuid=ee1298f4-82fc-40f6-a4ac-cc282f185ec3\" target=\"_blank\" rel=\"noopener\">16 &#8211; \u00a0<img decoding=\"async\" alt=\"casaque_EVER FAST\" src=\"https:\/\/www.europesays.com\/fr\/wp-content\/uploads\/2025\/07\/20250703-r1c6p16-png.png\" style=\"width: 4.5%; margin :0; vertical-align : middle;\"\/>\u00a0\u00a0EVER FAST<\/a><\/p>\n<p style=\"text-align: justify;\">Ce repr\u00e9sentant de Patrick Fellous a pass\u00e9 un cap cette ann\u00e9e et vient d&rsquo;ouvrir son palmar\u00e8s avec un r\u00e9el brio sur l&rsquo;hippodrome de Compi\u00e8gne. Il monte de cat\u00e9gorie mais a probablement une petite marge de progression. \u00c0 glisser en fin de combinaison.<\/p>\n<p><strong>Flavie Bresson : <\/strong><\/p>\n<p style=\"text-align: justify;\">\u00ab Ever Fast (16) vient de s&rsquo;imposer \u00e0 Compi\u00e8gne et semble avoir encore progress\u00e9. C&rsquo;est un poulain sur la montante, qui aime ParisLongchamp. Son num\u00e9ro est correct, mais il monte de cat\u00e9gorie et aurait \u00e9t\u00e9 plus comp\u00e9titif en deuxi\u00e8me \u00e9preuve. Il est en pleine forme mais doit encore s&rsquo;endurcir. Avec ce petit poids, une place reste possible. \u00bb<\/p>\n<p><strong>Les favoris de la presse<\/strong><\/p>\n<p class=\"synthese\"><strong>SYNTH\u00c8SE \u00a0\u00a0\u00a0\u00a02\u00a0\u00a0&#8211;\u00a0\u00a09\u00a0\u00a0&#8211;\u00a0\u00a05\u00a0\u00a0&#8211;\u00a0\u00a06\u00a0\u00a0&#8211;\u00a0\u00a014\u00a0\u00a0&#8211;\u00a0\u00a013\u00a0\u00a0&#8211;\u00a0\u00a011\u00a0\u00a0&#8211;\u00a0\u00a03<\/strong><\/p>\n<p><a href=\"https:\/\/servedby.revive-adserver.net\/ck.php?n=aa10a822&amp;cb=1234\" target=\"_blank\" rel=\"noopener\"><img decoding=\"async\" alt=\"\" border=\"0\" src=\"https:\/\/www.europesays.com\/fr\/wp-content\/uploads\/2025\/07\/1751491887_453_avw\"\/><\/a><\/p>\n<p><strong>Les stats du jour<\/strong><\/p>\n<p><img decoding=\"async\" src=\"https:\/\/www.europesays.com\/fr\/wp-content\/uploads\/2025\/07\/0703_stats-web-jpg\"\/><\/p>\n<p><strong>Nos \u00e9missions de pronos<\/strong><a href=\"https:\/\/www.equidia.fr\/emissions\/3-mn-q-2023\" target=\"_blank\" rel=\"noopener\"><img decoding=\"async\" alt=\"3min-pronos\" class=\"img_prono\" src=\"https:\/\/www.europesays.com\/fr\/wp-content\/uploads\/2025\/04\/vignette-article-3min-pronos-jpg-1.jpeg\"\/><\/a>3 mn PRONOS du 03\/07<br \/>(Disponible mercredi 02 juillet 2025, \u00e0 partir de 17h55)<a href=\"https:\/\/www.equidia.fr\/emissions\/ticket-gagnant-2023\" target=\"_blank\" rel=\"noopener\"><img decoding=\"async\" alt=\"ticket-gagnant\" class=\"img_prono\" src=\"https:\/\/www.europesays.com\/fr\/wp-content\/uploads\/2025\/04\/vignette-article-ticket-gagnant-jpg-1.jpeg\"\/><\/a>TICKET GAGNANT du 03\/07<br \/>(Disponible mercredi 02 juillet 2025, \u00e0 partir de 18h00)<\/p>\n","protected":false},"excerpt":{"rendered":"Les partants du Quint\u00e9+ de ce jeudi 3 juilletPRIX DE LA GARDEN PARTYJEUDI 03 JUILLETParisLongchamp &#8211; 1600 METRES&hellip;\n","protected":false},"author":2,"featured_media":221612,"comment_status":"","ping_status":"","sticky":false,"template":"","format":"standard","meta":{"footnotes":""},"categories":[1888],"tags":[11,1777,674,1011,27,3014,12,626,3016,1821,3015,25],"class_list":{"0":"post-221611","1":"post","2":"type-post","3":"status-publish","4":"format-standard","5":"has-post-thumbnail","7":"category-paris","8":"tag-actualites","9":"tag-eu","10":"tag-europe","11":"tag-fr","12":"tag-france","13":"tag-galop","14":"tag-news","15":"tag-paris","16":"tag-plat","17":"tag-pronostics","18":"tag-qrcode","19":"tag-republique-francaise"},"share_on_mastodon":{"url":"https:\/\/pubeurope.com\/@fr\/114785779631982460","error":""},"_links":{"self":[{"href":"https:\/\/www.europesays.com\/fr\/wp-json\/wp\/v2\/posts\/221611","targetHints":{"allow":["GET"]}}],"collection":[{"href":"https:\/\/www.europesays.com\/fr\/wp-json\/wp\/v2\/posts"}],"about":[{"href":"https:\/\/www.europesays.com\/fr\/wp-json\/wp\/v2\/types\/post"}],"author":[{"embeddable":true,"href":"https:\/\/www.europesays.com\/fr\/wp-json\/wp\/v2\/users\/2"}],"replies":[{"embeddable":true,"href":"https:\/\/www.europesays.com\/fr\/wp-json\/wp\/v2\/comments?post=221611"}],"version-history":[{"count":0,"href":"https:\/\/www.europesays.com\/fr\/wp-json\/wp\/v2\/posts\/221611\/revisions"}],"wp:featuredmedia":[{"embeddable":true,"href":"https:\/\/www.europesays.com\/fr\/wp-json\/wp\/v2\/media\/221612"}],"wp:attachment":[{"href":"https:\/\/www.europesays.com\/fr\/wp-json\/wp\/v2\/media?parent=221611"}],"wp:term":[{"taxonomy":"category","embeddable":true,"href":"https:\/\/www.europesays.com\/fr\/wp-json\/wp\/v2\/categories?post=221611"},{"taxonomy":"post_tag","embeddable":true,"href":"https:\/\/www.europesays.com\/fr\/wp-json\/wp\/v2\/tags?post=221611"}],"curies":[{"name":"wp","href":"https:\/\/api.w.org\/{rel}","templated":true}]}}