{"id":221613,"date":"2025-07-02T21:32:12","date_gmt":"2025-07-02T21:32:12","guid":{"rendered":"https:\/\/www.europesays.com\/fr\/221613\/"},"modified":"2025-07-02T21:32:12","modified_gmt":"2025-07-02T21:32:12","slug":"les-francais-cecile-kohler-et-jacques-paris-inculpes-despionnage-pour-le-compte-disrael","status":"publish","type":"post","link":"https:\/\/www.europesays.com\/fr\/221613\/","title":{"rendered":"les Fran\u00e7ais C\u00e9cile Kohler et Jacques Paris inculp\u00e9s d\u2019espionnage pour le compte d\u2019Isra\u00ebl"},"content":{"rendered":"<p>Les Fran\u00e7ais <a target=\"_self\" href=\"https:\/\/www.lanouvellerepublique.fr\/a-la-une\/cecile-kohler-enseignante-brillante-retenue-depuis-1-000-jours-dans-les-geoles-iraniennes-1737979524\" rel=\"noopener\">C\u00e9cile Kohler<\/a> et Jacques Paris, arr\u00eat\u00e9s en Iran <a target=\"_self\" href=\"https:\/\/www.lanouvellerepublique.fr\/a-la-une\/iran-ce-que-l-on-sait-des-deux-francais-arretes-en-mai-et-accuses-d-espionnage\" rel=\"noopener\">le 7\u00a0mai 2022<\/a>, au dernier jour d\u2019un voyage touristique, sont inculp\u00e9s \u00ab\u00a0d\u2019espionnage pour le Mossad\u00a0\u00bb \u2013 le service de renseignement ext\u00e9rieur isra\u00e9lien \u2013, de \u00ab\u00a0complot pour renverser le r\u00e9gime\u00a0\u00bb et de \u00ab\u00a0corruption sur terre\u00a0\u00bb, selon des informations concordantes d\u2019une source diplomatique occidentale et de l\u2019entourage des deux Fran\u00e7ais.<\/p>\n<p>\u00ab\u00a0Nous avons \u00e9t\u00e9 inform\u00e9s de ces accusations\u00a0\u00bb, a affirm\u00e9 la source diplomatique occidentale, mercredi 2\u00a0juillet 2025, ajoutant que ces accusations \u00e9taient \u00ab\u00a0infond\u00e9es\u00a0\u00bb. \u00ab\u00a0Tout ce qu\u2019on sait, c\u2019est qu\u2019ils ont vu un juge qui a confirm\u00e9 ces trois chefs d\u2019inculpation\u00a0\u00bb, a d\u00e9clar\u00e9 la s\u0153ur de C\u00e9cile Kohler. \u00ab\u00a0On ignore quand [ils se sont vus notifier ces chefs d\u2019inculpation] mais ils n\u2019ont toujours pas acc\u00e8s \u00e0 des avocats ind\u00e9pendants\u00a0\u00bb, a-t-elle ajout\u00e9 au lendemain d\u2019une visite consulaire du charg\u00e9 d\u2019affaires de l\u2019ambassade de France \u00e0 T\u00e9h\u00e9ran. Chacun de ces trois chefs d\u2019inculpation est passible de la peine de mort.<\/p>\n<p>\u00ab\u00a0Ils sont innocents\u00a0\u00bb<\/p>\n<p>Jusqu\u2019\u00e0 pr\u00e9sent, l\u2019Iran a indiqu\u00e9 que les deux Fran\u00e7ais <a target=\"_self\" href=\"https:\/\/www.lanouvellerepublique.fr\/a-la-une\/iran-ce-que-l-on-sait-des-deux-francais-arretes-en-mai-et-accuses-d-espionnage\" rel=\"noopener\">\u00e9taient accus\u00e9s d\u2019espionnage<\/a> mais n\u2019a jamais r\u00e9v\u00e9l\u00e9 pour quel pays pr\u00e9cis\u00e9ment. T\u00e9h\u00e9ran n\u2019a pas encore confirm\u00e9 si de nouvelles accusations avaient \u00e9t\u00e9 port\u00e9es contre eux.<\/p>\n<p>\u00ab\u00a0C\u00e9cile Kohler et Jacques Paris sont innocents. Aucune sentence ne nous a \u00e9t\u00e9 communiqu\u00e9e et \u00e0 notre connaissance n\u2019a \u00e9t\u00e9 prononc\u00e9e\u00a0\u00bb, a r\u00e9agi une source diplomatique fran\u00e7aise, exhortant les autorit\u00e9s iraniennes \u00e0 autoriser C\u00e9cile Kohler et Jacques Paris \u00e0 avoir acc\u00e8s \u00e0 leurs avocats.<\/p>\n<p>\u00ab\u00a0Nous n\u2019avons cess\u00e9 d\u2019exiger leur lib\u00e9ration imm\u00e9diate et inconditionnelle depuis leur arrestation il y a plus de trois ans\u00a0\u00bb, a indiqu\u00e9 de son c\u00f4t\u00e9 le porte-parole du Quai d\u2019Orsay, ajoutant que le pr\u00e9sident Emmanuel Macron et le ministre des Affaires \u00e9trang\u00e8res Jean-No\u00ebl Barrot avaient \u00ab\u00a0r\u00e9it\u00e9r\u00e9 cette exigence aupr\u00e8s de leurs homologues iraniens \u00e0 plusieurs reprises et encore ces derniers jours\u00a0\u00bb.<\/p>\n<p>Dernier contact t\u00e9l\u00e9phonique le 28\u00a0mai<\/p>\n<p>Mardi, Jean-No\u00ebl Barrot avait annonc\u00e9 que C\u00e9cile Kohler et Jacques Paris, dont on \u00e9tait sans nouvelles depuis <a target=\"_self\" href=\"https:\/\/www.lanouvellerepublique.fr\/a-la-une\/direct-guerre-israel-iran-trump-evoque-l-idee-d-un-changement-de-regime-en-iran-l-armee-israelienne-poursuit-ses-frappes-1750656424\" rel=\"noopener\">la r\u00e9cente frappe isra\u00e9lienne<\/a> sur leur prison, avaient re\u00e7u la visite d\u2019un diplomate fran\u00e7ais. Les familles et les avocats du couple avaient r\u00e9clam\u00e9 vendredi \u00ab\u00a0une preuve de vie imm\u00e9diatement\u00a0\u00bb.<\/p>\n<p>Les autorit\u00e9s fran\u00e7aises avaient indiqu\u00e9 la semaine pr\u00e9c\u00e9dente avoir \u00ab\u00a0eu l\u2019assurance\u00a0\u00bb que les deux Fran\u00e7ais n\u2019avaient pas \u00e9t\u00e9 bless\u00e9s dans la frappe isra\u00e9lienne. Mais \u00ab\u00a0cette information vient des autorit\u00e9s iraniennes\u00a0\u00bb, ce qui est \u00ab\u00a0loin d\u2019\u00eatre une garantie\u00a0\u00bb, avait alert\u00e9 No\u00e9mie Kohler, dont le dernier contact t\u00e9l\u00e9phonique avec sa s\u0153ur remonte au 28\u00a0mai.<\/p>\n","protected":false},"excerpt":{"rendered":"Les Fran\u00e7ais C\u00e9cile Kohler et Jacques Paris, arr\u00eat\u00e9s en Iran le 7\u00a0mai 2022, au dernier jour d\u2019un voyage&hellip;\n","protected":false},"author":2,"featured_media":221614,"comment_status":"","ping_status":"","sticky":false,"template":"","format":"standard","meta":{"footnotes":""},"categories":[1888],"tags":[328,11,1777,674,274,1011,27,329,3019,74,12,626,25],"class_list":{"0":"post-221613","1":"post","2":"type-post","3":"status-publish","4":"format-standard","5":"has-post-thumbnail","7":"category-paris","8":"tag-a-la-une","9":"tag-actualites","10":"tag-eu","11":"tag-europe","12":"tag-faits-divers-justice","13":"tag-fr","14":"tag-france","15":"tag-france-monde","16":"tag-iran","17":"tag-monde","18":"tag-news","19":"tag-paris","20":"tag-republique-francaise"},"share_on_mastodon":{"url":"","error":""},"_links":{"self":[{"href":"https:\/\/www.europesays.com\/fr\/wp-json\/wp\/v2\/posts\/221613","targetHints":{"allow":["GET"]}}],"collection":[{"href":"https:\/\/www.europesays.com\/fr\/wp-json\/wp\/v2\/posts"}],"about":[{"href":"https:\/\/www.europesays.com\/fr\/wp-json\/wp\/v2\/types\/post"}],"author":[{"embeddable":true,"href":"https:\/\/www.europesays.com\/fr\/wp-json\/wp\/v2\/users\/2"}],"replies":[{"embeddable":true,"href":"https:\/\/www.europesays.com\/fr\/wp-json\/wp\/v2\/comments?post=221613"}],"version-history":[{"count":0,"href":"https:\/\/www.europesays.com\/fr\/wp-json\/wp\/v2\/posts\/221613\/revisions"}],"wp:featuredmedia":[{"embeddable":true,"href":"https:\/\/www.europesays.com\/fr\/wp-json\/wp\/v2\/media\/221614"}],"wp:attachment":[{"href":"https:\/\/www.europesays.com\/fr\/wp-json\/wp\/v2\/media?parent=221613"}],"wp:term":[{"taxonomy":"category","embeddable":true,"href":"https:\/\/www.europesays.com\/fr\/wp-json\/wp\/v2\/categories?post=221613"},{"taxonomy":"post_tag","embeddable":true,"href":"https:\/\/www.europesays.com\/fr\/wp-json\/wp\/v2\/tags?post=221613"}],"curies":[{"name":"wp","href":"https:\/\/api.w.org\/{rel}","templated":true}]}}