{"id":221615,"date":"2025-07-02T21:33:17","date_gmt":"2025-07-02T21:33:17","guid":{"rendered":"https:\/\/www.europesays.com\/fr\/221615\/"},"modified":"2025-07-02T21:33:17","modified_gmt":"2025-07-02T21:33:17","slug":"entre-la-russie-et-lukraine-une-guerre-drones-contre-drones","status":"publish","type":"post","link":"https:\/\/www.europesays.com\/fr\/221615\/","title":{"rendered":"entre la Russie et l&rsquo;Ukraine, une guerre drones contre drones"},"content":{"rendered":"<p>AFP Videos &#8211; France<\/p>\n<p><a class=\"Td(n) C($inherit) LineClamp(2,45px) D(f) rapidnofollow\" data-uuid=\"07586dd2-0421-3556-bd5a-c3e9233ca0d3\" href=\"https:\/\/fr.news.yahoo.com\/dala%C3%AF-lama-confirme-quil-aura-145134630.html\" data-ylk=\"elm:hdln;itc:0;pos:1;sec:strm;subsec:moreforyou;cpos:21;ct:video;g:07586dd2-0421-3556-bd5a-c3e9233ca0d3\" data-hosted-type=\"HOSTED\" target=\"_blank\" rel=\"noopener\">Le Dala\u00ef Lama confirme qu&rsquo;il aura un successeur, la Chine veut approuver son nom<\/a><\/p>\n<p class=\"M(0) C($summaryColor) Fz(14px) Lh(1.43em) LineClamp(3,60px)\">Le Dala\u00ef Lama a confirm\u00e9 mercredi qu&rsquo;un successeur serait d\u00e9sign\u00e9 \u00e0 sa mort pour perp\u00e9tuer sa fonction de chef spirituel de la communaut\u00e9 tib\u00e9taine, s&rsquo;attirant la riposte imm\u00e9diate de la Chine qui exige d&rsquo;approuver son nom.\u00a0\u00bbJ&rsquo;affirme que l&rsquo;institution du Dala\u00ef Lama sera perp\u00e9tu\u00e9e\u00a0\u00bb, a-t-il indiqu\u00e9 dans un message tr\u00e8s attendu lu lors d&rsquo;une r\u00e9union religieuse \u00e0 McLeod Ganj, dans le nord de l&rsquo;Inde, o\u00f9 il vit en exil.Sans surprise, la Chine, dont les troupes ont envahi le Tibet en 1950 et en ont fait une province chinoise, a aussit\u00f4t r\u00e9agi.\u00a0\u00bbLa r\u00e9incarnation de grandes figures bouddhistes comme le Dala\u00ef Lama et le Panchen Lama doit \u00eatre d\u00e9sign\u00e9e par tirage au sort (&#8230;) et ensuite approuv\u00e9e par le gouvernement central\u00a0\u00bb, a rappel\u00e9 Mao Ning, une porte-parole du minist\u00e8re chinois des Affaires \u00e9trang\u00e8res.\u00a0N\u00e9 le 6 juillet 1935, Tenzin Gyatso pour l&rsquo;\u00e9tat civil est devenu d\u00e8s l&rsquo;\u00e2ge de 2 ans le quatorzi\u00e8me chef spirituel et politique des Tib\u00e9tains, d\u00fbment identifi\u00e9 par la tradition bouddhiste comme la r\u00e9incarnation de son pr\u00e9d\u00e9cesseur.Il a fui \u00ab\u00a0sa\u00a0\u00bb capitale Lhassa et la r\u00e9pression chinoise en 1959 et passe depuis l&rsquo;essentiel de son temps dans un monast\u00e8re de McLeod Ganj, dans les contreforts de l&rsquo;Himalaya indien.Laur\u00e9at en 1989 du prix Nobel de la paix, il incarne depuis dans le monde entier le combat pour la libert\u00e9 du territoire himalayen.La question de sa succession fait l&rsquo;objet d&rsquo;un bras de fer entre le Dala\u00ef Lama et P\u00e9kin, qui entend bien lui nommer un successeur \u00e0 sa main.- \u00ab\u00a0Selon la tradition\u00a0\u00bb -\u00ab\u00a0La responsabilit\u00e9 (de la nomination d&rsquo;un successeur, ndlr) reposera exclusivement sur les membres du Ganden Phodrang Trust, le bureau de Sa Saintet\u00e9 le Dala\u00ef Lama\u00a0\u00bb, a rappel\u00e9 mercredi le message du dirigeant tib\u00e9tain.\u00a0\u00bbIls conduiront les proc\u00e9dures de recherche et de reconnaissance (du successeur) en accord avec la tradition pass\u00e9e\u00a0\u00bb, a-t-il insist\u00e9\u00a0\u00bb, \u00ab\u00a0personne d&rsquo;autre n&rsquo;a l&rsquo;autorit\u00e9 requise pour se m\u00ealer de cette question\u00a0\u00bb.L&rsquo;actuel Dala\u00ef Lama, consid\u00e9r\u00e9 comme un dangereux s\u00e9paratiste par P\u00e9kin, a d\u00e9j\u00e0 \u00e9cart\u00e9 \u00e0 plusieurs reprises l&rsquo;id\u00e9e que le 15e Dala\u00ef Lama puisse \u00eatre nomm\u00e9 par les Chinois.Il sera forc\u00e9ment \u00ab\u00a0n\u00e9 dans le monde libre\u00a0\u00bb, a-t-il promis publiquement .\u00a0\u00bbRien n&rsquo;a chang\u00e9 en ce qui concerne l&rsquo;implication de la Chine, le sujet n&rsquo;a pas \u00e9t\u00e9 \u00e9voqu\u00e9 en d\u00e9tail\u00a0\u00bb, a pr\u00e9cis\u00e9 devant la presse, apr\u00e8s la diffusion du message, un repr\u00e9sentant du bureau du Dala\u00ef Lama, Samdhong Rinpoche.En 1995, la Chine avait enlev\u00e9 et plac\u00e9 en d\u00e9tention un enfant de 6 ans que le Dala\u00ef Lama venait de d\u00e9signer comme Panchen Lama, l&rsquo;autre figure religieuse tib\u00e9taine de premier plan.Et elle avait dans la foul\u00e9e nomm\u00e9 \u00e0 ce titre le candidat de son choix, aussit\u00f4t rejet\u00e9 par les Tib\u00e9tains comme le \u00ab\u00a0faux Panchen\u00a0\u00bb.Le d\u00e9fi lanc\u00e9 \u00e0 la Chine par le Dala\u00ef Lama a r\u00e9joui mercredi la communaut\u00e9 tib\u00e9taine.\u00a0\u00bbNous nous opposons r\u00e9solument \u00e0 toute interf\u00e9rence ou tentative de la Chine d&rsquo;installer un Dala\u00ef Lama fantoche\u00a0\u00bb, a soulign\u00e9 aupr\u00e8s de l&rsquo;AFP un Tib\u00e9tain en exil, Jigme Taydeh.- \u00ab\u00a0Combat\u00a0\u00bb -\u00ab\u00a0Cette d\u00e9cision donne \u00e0 la communaut\u00e9 internationale l&rsquo;occasion historique (&#8230;) d&rsquo;envoyer un message fort \u00e0 P\u00e9kin et \u00e0 tous les r\u00e9gimes autoritaires\u00a0\u00bb, a rench\u00e9ri une partisane de l&rsquo;autonomie du Tibet, Chemi Lhamo, 30 ans.\u00a0\u00bbJe n&rsquo;ai aucun doute sur le fait que notre combat pour la v\u00e9rit\u00e9 et la justice finira par l&#8217;emporter\u00a0\u00bb, a ajout\u00e9 cette femme, exil\u00e9e aux Etats-Unis.M\u00eame si ces derni\u00e8res ann\u00e9es, le Dala\u00ef Lama a sugg\u00e9r\u00e9 l&rsquo;id\u00e9e qu&rsquo;il pourrait \u00eatre le dernier, une majorit\u00e9 de Tib\u00e9tains \u00e9tait favorable \u00e0 la poursuite du \u00ab\u00a0cycle de la r\u00e9incarnation\u00a0\u00bb.Dans son message, il a fait \u00e9tat mercredi des nombreuses sollicitations de sa communaut\u00e9 en faveur de la prolongation de sa charge.\u00a0\u00bbJ&rsquo;ai re\u00e7u en particulier, par divers moyens, de nombreux messages de Tib\u00e9tains du Tibet r\u00e9p\u00e9tant ce m\u00eame appel\u00a0\u00bb, a-t-il indiqu\u00e9.An nom de son bureau, Samdhong Rinpoche, a pr\u00e9cis\u00e9 qu&rsquo;aucune autre instruction n&rsquo;avait pour l&rsquo;heure \u00e9t\u00e9 donn\u00e9e sur la proc\u00e9dure de nomination.\u00a0\u00bbElles ne sont pas n\u00e9cessaires \u00e0 cette heure\u00a0\u00bb, a indiqu\u00e9 M. Rinpoche lors d&rsquo;une conf\u00e9rence de presse, \u00ab\u00a0Sa Saintet\u00e9 le Dala\u00ef Lama est actuellement en pleine forme\u00a0\u00bb.En 2011, le Dala\u00ef Lama avait renonc\u00e9 au pouvoir politique de sa charge, confi\u00e9e \u00e0 un Premier ministre, \u00e9lu par la diaspora, et \u00e0 un gouvernement en exil.Les festivit\u00e9s organis\u00e9es pour son 90e anniversaire se poursuivent jusqu&rsquo;\u00e0 la fin de la semaine.str-pa\/dsa<\/p>\n","protected":false},"excerpt":{"rendered":"AFP Videos &#8211; France Le Dala\u00ef Lama confirme qu&rsquo;il aura un successeur, la Chine veut approuver son nom&hellip;\n","protected":false},"author":2,"featured_media":221616,"comment_status":"","ping_status":"","sticky":false,"template":"","format":"standard","meta":{"footnotes":""},"categories":[1591],"tags":[11,2024,1887,12,938,1885,1886,132,17917],"class_list":{"0":"post-221615","1":"post","2":"type-post","3":"status-publish","4":"format-standard","5":"has-post-thumbnail","7":"category-russie","8":"tag-actualites","9":"tag-drones","10":"tag-federation-de-russie","11":"tag-news","12":"tag-reseaux-sociaux","13":"tag-russia","14":"tag-russian-federation","15":"tag-russie","16":"tag-systemes-de-defense"},"share_on_mastodon":{"url":"https:\/\/pubeurope.com\/@fr\/114785786520971875","error":""},"_links":{"self":[{"href":"https:\/\/www.europesays.com\/fr\/wp-json\/wp\/v2\/posts\/221615","targetHints":{"allow":["GET"]}}],"collection":[{"href":"https:\/\/www.europesays.com\/fr\/wp-json\/wp\/v2\/posts"}],"about":[{"href":"https:\/\/www.europesays.com\/fr\/wp-json\/wp\/v2\/types\/post"}],"author":[{"embeddable":true,"href":"https:\/\/www.europesays.com\/fr\/wp-json\/wp\/v2\/users\/2"}],"replies":[{"embeddable":true,"href":"https:\/\/www.europesays.com\/fr\/wp-json\/wp\/v2\/comments?post=221615"}],"version-history":[{"count":0,"href":"https:\/\/www.europesays.com\/fr\/wp-json\/wp\/v2\/posts\/221615\/revisions"}],"wp:featuredmedia":[{"embeddable":true,"href":"https:\/\/www.europesays.com\/fr\/wp-json\/wp\/v2\/media\/221616"}],"wp:attachment":[{"href":"https:\/\/www.europesays.com\/fr\/wp-json\/wp\/v2\/media?parent=221615"}],"wp:term":[{"taxonomy":"category","embeddable":true,"href":"https:\/\/www.europesays.com\/fr\/wp-json\/wp\/v2\/categories?post=221615"},{"taxonomy":"post_tag","embeddable":true,"href":"https:\/\/www.europesays.com\/fr\/wp-json\/wp\/v2\/tags?post=221615"}],"curies":[{"name":"wp","href":"https:\/\/api.w.org\/{rel}","templated":true}]}}