{"id":221626,"date":"2025-07-02T21:40:11","date_gmt":"2025-07-02T21:40:11","guid":{"rendered":"https:\/\/www.europesays.com\/fr\/221626\/"},"modified":"2025-07-02T21:40:11","modified_gmt":"2025-07-02T21:40:11","slug":"reunis-par-lucie-castets-socialistes-ecolos-et-anciens-insoumis-sentendent-sur-le-principe-dun-processus-unitaire-pour-2027-liberation","status":"publish","type":"post","link":"https:\/\/www.europesays.com\/fr\/221626\/","title":{"rendered":"R\u00e9unis par Lucie Castets, socialistes, \u00e9colos et anciens insoumis s\u2019entendent sur le principe d\u2019un processus unitaire pour\u00a02027 \u2013 Lib\u00e9ration"},"content":{"rendered":"<p class=\"sc-ksZaOG ehjQrN text-element\">Les visages ont chang\u00e9, les masques ont disparu mais les deux photographies, prises \u00e0 quatre ans d\u2019intervalle, racontent la m\u00eame histoire. Celle d\u2019une gauche qui, pr\u00e9sidentielle apr\u00e8s pr\u00e9sidentielle, cherche le chemin de l\u2019union. En 2021, c\u2019est l\u2019eurod\u00e9put\u00e9 <a href=\"https:\/\/www.liberation.fr\/politique\/yannick-jadot-entretenir-lambiguite-dune-candidature-unique-cest-construire-la-defaite-20250618_TTGKROOIIJA4NM7GETYQRYCLX4\/\" target=\"_blank\" rel=\"noopener\" title=\"https:\/\/www.liberation.fr\/politique\/yannick-jadot-entretenir-lambiguite-dune-candidature-unique-cest-construire-la-defaite-20250618_TTGKROOIIJA4NM7GETYQRYCLX4\/\">Yannick Jadot<\/a> qui avait r\u00e9uni son camp, les socialistes, les communistes et les insoumis pour tenter d\u2019\u00e9crire un sc\u00e9nario commun, en vain. <\/p>\n<p class=\"sc-ksZaOG ehjQrN text-element\">Un an plus tard, chaque famille politique pr\u00e9sentait son candidat et ratait la marche du second tour. Ce 2 juillet, le rendez-vous a \u00e9t\u00e9 donn\u00e9 \u00e0 Bagneux (Hauts-de-Seine) par Lucie Castets, <a href=\"https:\/\/www.liberation.fr\/politique\/lucie-castets-limmobilisme-a-dure-trop-longtemps-et-personne-ne-le-comprend-20240820_3EWF3AVORBCMPGIKXY3P664V2I\/\" target=\"_blank\" rel=\"noreferrer noopener\" title=\"https:\/\/www.liberation.fr\/politique\/lucie-castets-limmobilisme-a-dure-trop-longtemps-et-personne-ne-le-comprend-20240820_3EWF3AVORBCMPGIKXY3P664V2I\/\">intronis\u00e9e l\u2019ann\u00e9e derni\u00e8re pr\u00e9tendante \u00e0 Matignon<\/a> par le Nouveau Front populaire apr\u00e8s l\u2019arriv\u00e9e de la gauche en t\u00eate des \u00e9lections l\u00e9gislatives. Cette fois, socialistes, \u00e9cologistes, anciens in<\/p>\n","protected":false},"excerpt":{"rendered":"Les visages ont chang\u00e9, les masques ont disparu mais les deux photographies, prises \u00e0 quatre ans d\u2019intervalle, racontent&hellip;\n","protected":false},"author":2,"featured_media":221627,"comment_status":"","ping_status":"","sticky":false,"template":"","format":"standard","meta":{"footnotes":""},"categories":[2],"tags":[11,18835,18836,1011,27,13520,4729,12,4393,15923,25],"class_list":{"0":"post-221626","1":"post","2":"type-post","3":"status-publish","4":"format-standard","5":"has-post-thumbnail","7":"category-actualites","8":"tag-actualites","9":"tag-alexis-corbiere","10":"tag-clementine-autain","11":"tag-fr","12":"tag-france","13":"tag-lucie-castets","14":"tag-marine-tondelier","15":"tag-news","16":"tag-olivier-faure","17":"tag-raphael-glucksmann","18":"tag-republique-francaise"},"share_on_mastodon":{"url":"https:\/\/pubeurope.com\/@fr\/114785814184324009","error":""},"_links":{"self":[{"href":"https:\/\/www.europesays.com\/fr\/wp-json\/wp\/v2\/posts\/221626","targetHints":{"allow":["GET"]}}],"collection":[{"href":"https:\/\/www.europesays.com\/fr\/wp-json\/wp\/v2\/posts"}],"about":[{"href":"https:\/\/www.europesays.com\/fr\/wp-json\/wp\/v2\/types\/post"}],"author":[{"embeddable":true,"href":"https:\/\/www.europesays.com\/fr\/wp-json\/wp\/v2\/users\/2"}],"replies":[{"embeddable":true,"href":"https:\/\/www.europesays.com\/fr\/wp-json\/wp\/v2\/comments?post=221626"}],"version-history":[{"count":0,"href":"https:\/\/www.europesays.com\/fr\/wp-json\/wp\/v2\/posts\/221626\/revisions"}],"wp:featuredmedia":[{"embeddable":true,"href":"https:\/\/www.europesays.com\/fr\/wp-json\/wp\/v2\/media\/221627"}],"wp:attachment":[{"href":"https:\/\/www.europesays.com\/fr\/wp-json\/wp\/v2\/media?parent=221626"}],"wp:term":[{"taxonomy":"category","embeddable":true,"href":"https:\/\/www.europesays.com\/fr\/wp-json\/wp\/v2\/categories?post=221626"},{"taxonomy":"post_tag","embeddable":true,"href":"https:\/\/www.europesays.com\/fr\/wp-json\/wp\/v2\/tags?post=221626"}],"curies":[{"name":"wp","href":"https:\/\/api.w.org\/{rel}","templated":true}]}}