{"id":221628,"date":"2025-07-02T21:41:12","date_gmt":"2025-07-02T21:41:12","guid":{"rendered":"https:\/\/www.europesays.com\/fr\/221628\/"},"modified":"2025-07-02T21:41:12","modified_gmt":"2025-07-02T21:41:12","slug":"il-faudra-un-miracle-pour-que-lol-se-releve-de-lere-textor","status":"publish","type":"post","link":"https:\/\/www.europesays.com\/fr\/221628\/","title":{"rendered":"\u00abIl faudra un miracle pour que l\u2019OL se rel\u00e8ve de l\u2019\u00e8re Textor\u00bb"},"content":{"rendered":"<blockquote class=\"question\"><p>Apr\u00e8s deux ans et demi de gouvernance \u00e0 l\u2019OL, en quoi <a href=\"https:\/\/www.leprogres.fr\/p\/john-textor\" target=\"_blank\" rel=\"noopener\">John Textor<\/a> vous a paru d\u00e9pass\u00e9\u00a0?<\/p><\/blockquote>\n<p><strong>Micka<\/strong> \u00a0: \u00ab\u00a0Il y a deux fautes majeures. D\u2019abord, on ne voit pas de hi\u00e9rarchie claire dans la multipropri\u00e9t\u00e9 d\u2019Eagle. Quel club est la t\u00eate de pont\u00a0? On ne sait pas. La communication de Textor est son autre grande erreur. Il a fait du mal \u00e0 l\u2019OL, aux supporters, et aux instances. Quand <a href=\"https:\/\/www.leprogres.fr\/sport\/2025\/06\/24\/dncg-john-textor-et-michael-gerlinger-sont-en-audience\" target=\"_blank\" rel=\"noopener\">John Textor nous bassine avec Botafogo<\/a> , on s\u2019en fout\u00a0! Aux obs\u00e8ques de <a href=\"https:\/\/www.leprogres.fr\/p\/bernard-lacombe\" target=\"_blank\" rel=\"noopener\">Bernard Lacombe<\/a>, il n\u2019est pas l\u00e0 et pond un communiqu\u00e9 48h apr\u00e8s. Il a nourri seul la ranc\u0153ur des Lyonnais.\u00a0\u00bb<\/p>\n<p><strong>Malek<\/strong> \u00a0: \u00ab\u00a0Je lui reproche d\u2019abord son manque criant de connaissance du cadre du foot fran\u00e7ais, des r\u00e8gles DNCG, de nos r\u00e8gles comptables et fiscales\u2026 <a href=\"https:\/\/www.leprogres.fr\/sport\/2024\/11\/16\/ol-les-principales-annonces-de-john-textor-apres-les-sanctions-de-la-dncg\" target=\"_blank\" rel=\"noopener\">Il a toujours pris \u00e0 la l\u00e9g\u00e8re les rapports de la DNCG<\/a> et n\u2019a pas \u00e9t\u00e9 bon en communication. Enfin, il paye de ne pas avoir constitu\u00e9 d\u2019\u00e9quipe stable et fixe pour l\u2019OL. On ne peut pas \u00eatre le boss de clubs br\u00e9siliens et fran\u00e7ais en m\u00eame temps, tout centraliser comme il l\u2019a fait \u00e0 des fuseaux&#8230;<\/p>\n","protected":false},"excerpt":{"rendered":"Apr\u00e8s deux ans et demi de gouvernance \u00e0 l\u2019OL, en quoi John Textor vous a paru d\u00e9pass\u00e9\u00a0? Micka&hellip;\n","protected":false},"author":2,"featured_media":221629,"comment_status":"","ping_status":"","sticky":false,"template":"","format":"standard","meta":{"footnotes":""},"categories":[2],"tags":[11,2757,107,63,1011,27,2428,2756,12,2755,25,517],"class_list":{"0":"post-221628","1":"post","2":"type-post","3":"status-publish","4":"format-standard","5":"has-post-thumbnail","7":"category-actualites","8":"tag-actualites","9":"tag-edition-lyon-villeurbanne","10":"tag-fil-info","11":"tag-football","12":"tag-fr","13":"tag-france","14":"tag-lyon","15":"tag-lyon-bassin","16":"tag-news","17":"tag-ol-olympique-lyonnais-football","18":"tag-republique-francaise","19":"tag-sport"},"share_on_mastodon":{"url":"https:\/\/pubeurope.com\/@fr\/114785817956098524","error":""},"_links":{"self":[{"href":"https:\/\/www.europesays.com\/fr\/wp-json\/wp\/v2\/posts\/221628","targetHints":{"allow":["GET"]}}],"collection":[{"href":"https:\/\/www.europesays.com\/fr\/wp-json\/wp\/v2\/posts"}],"about":[{"href":"https:\/\/www.europesays.com\/fr\/wp-json\/wp\/v2\/types\/post"}],"author":[{"embeddable":true,"href":"https:\/\/www.europesays.com\/fr\/wp-json\/wp\/v2\/users\/2"}],"replies":[{"embeddable":true,"href":"https:\/\/www.europesays.com\/fr\/wp-json\/wp\/v2\/comments?post=221628"}],"version-history":[{"count":0,"href":"https:\/\/www.europesays.com\/fr\/wp-json\/wp\/v2\/posts\/221628\/revisions"}],"wp:featuredmedia":[{"embeddable":true,"href":"https:\/\/www.europesays.com\/fr\/wp-json\/wp\/v2\/media\/221629"}],"wp:attachment":[{"href":"https:\/\/www.europesays.com\/fr\/wp-json\/wp\/v2\/media?parent=221628"}],"wp:term":[{"taxonomy":"category","embeddable":true,"href":"https:\/\/www.europesays.com\/fr\/wp-json\/wp\/v2\/categories?post=221628"},{"taxonomy":"post_tag","embeddable":true,"href":"https:\/\/www.europesays.com\/fr\/wp-json\/wp\/v2\/tags?post=221628"}],"curies":[{"name":"wp","href":"https:\/\/api.w.org\/{rel}","templated":true}]}}