{"id":22163,"date":"2025-04-13T12:32:08","date_gmt":"2025-04-13T12:32:08","guid":{"rendered":"https:\/\/www.europesays.com\/fr\/22163\/"},"modified":"2025-04-13T12:32:08","modified_gmt":"2025-04-13T12:32:08","slug":"malgre-un-pneu-creve-et-un-renault-espace-il-entraine-les-policiers-dans-une-course-poursuite-pres-de-lyon","status":"publish","type":"post","link":"https:\/\/www.europesays.com\/fr\/22163\/","title":{"rendered":"Malgr\u00e9 un pneu crev\u00e9 et un Renault Espace, il entra\u00eene les policiers dans une course-poursuite pr\u00e8s de Lyon"},"content":{"rendered":"<p>Malgr\u00e9 un pneu crev\u00e9 et un Renault Espace, il entra\u00eene les policiers dans une course-poursuite pr\u00e8s de Lyon &#8211; DR<\/p>\n<p itemprop=\"description\"><strong>Ce vendredi soir, une course-poursuite a eu lieu dans les rues de Bron.<\/strong><\/p>\n<p>Un automobiliste a refus\u00e9 d&rsquo;obtemp\u00e9rer \u00e0 Saint-Priest puis a oblig\u00e9 les forces de l&rsquo;ordre \u00e0 le pourchasser dans l&rsquo;Est lyonnais peu avant minuit.<\/p>\n<p>Malgr\u00e9 un pneu crev\u00e9 et son v\u00e9hicule, un Renault Espace, peu pratique pour ce genre d&rsquo;exercice, le chauffard a tent\u00e9 le tout pour le tout, roulant \u00e0 pleine vitesse pour tenter d&rsquo;\u00e9chapper aux policiers.<\/p>\n<p>La sc\u00e8ne a \u00e9t\u00e9 film\u00e9e et publi\u00e9e sur les r\u00e9seaux sociaux.<\/p>\n<p>Le fuyard s&rsquo;est finalement encastr\u00e9 dans le trottoir de l&rsquo;arr\u00eat de tramway Bron H\u00f4tel-de-Ville et a pu \u00eatre interpell\u00e9.<\/p>\n<p>Ag\u00e9 de 30 ans, il a \u00e9t\u00e9 plac\u00e9 en garde \u00e0 vue. Dans son v\u00e9hicule, les fonctionnaires ont retrouv\u00e9 un nombre important de paquets de cigarettes, ce qui explique pourquoi il refusait d&rsquo;\u00eatre contr\u00f4l\u00e9 par ces derniers.<\/p>\n","protected":false},"excerpt":{"rendered":"Malgr\u00e9 un pneu crev\u00e9 et un Renault Espace, il entra\u00eene les policiers dans une course-poursuite pr\u00e8s de Lyon&hellip;\n","protected":false},"author":2,"featured_media":22164,"comment_status":"","ping_status":"","sticky":false,"template":"","format":"standard","meta":{"footnotes":""},"categories":[1889],"tags":[1111,11,2813,2190,2430,1109,251,1112,2811,1777,674,118,1011,27,1922,1110,1114,2428,2810,12,241,316,25,2812,517,800],"class_list":{"0":"post-22163","1":"post","2":"type-post","3":"status-publish","4":"format-standard","5":"has-post-thumbnail","7":"category-lyon","8":"tag-actu","9":"tag-actualites","10":"tag-article","11":"tag-asvel","12":"tag-auvergne-rhone-alpes","13":"tag-breves","14":"tag-culture","15":"tag-depeches","16":"tag-economique","17":"tag-eu","18":"tag-europe","19":"tag-faits-divers","20":"tag-fr","21":"tag-france","22":"tag-info","23":"tag-informations","24":"tag-infos","25":"tag-lyon","26":"tag-lyonmag","27":"tag-news","28":"tag-ol","29":"tag-politique","30":"tag-republique-francaise","31":"tag-sociale","32":"tag-sport","33":"tag-transports"},"share_on_mastodon":{"url":"https:\/\/pubeurope.com\/@fr\/114330674475551810","error":""},"_links":{"self":[{"href":"https:\/\/www.europesays.com\/fr\/wp-json\/wp\/v2\/posts\/22163","targetHints":{"allow":["GET"]}}],"collection":[{"href":"https:\/\/www.europesays.com\/fr\/wp-json\/wp\/v2\/posts"}],"about":[{"href":"https:\/\/www.europesays.com\/fr\/wp-json\/wp\/v2\/types\/post"}],"author":[{"embeddable":true,"href":"https:\/\/www.europesays.com\/fr\/wp-json\/wp\/v2\/users\/2"}],"replies":[{"embeddable":true,"href":"https:\/\/www.europesays.com\/fr\/wp-json\/wp\/v2\/comments?post=22163"}],"version-history":[{"count":0,"href":"https:\/\/www.europesays.com\/fr\/wp-json\/wp\/v2\/posts\/22163\/revisions"}],"wp:featuredmedia":[{"embeddable":true,"href":"https:\/\/www.europesays.com\/fr\/wp-json\/wp\/v2\/media\/22164"}],"wp:attachment":[{"href":"https:\/\/www.europesays.com\/fr\/wp-json\/wp\/v2\/media?parent=22163"}],"wp:term":[{"taxonomy":"category","embeddable":true,"href":"https:\/\/www.europesays.com\/fr\/wp-json\/wp\/v2\/categories?post=22163"},{"taxonomy":"post_tag","embeddable":true,"href":"https:\/\/www.europesays.com\/fr\/wp-json\/wp\/v2\/tags?post=22163"}],"curies":[{"name":"wp","href":"https:\/\/api.w.org\/{rel}","templated":true}]}}