{"id":221631,"date":"2025-07-02T21:45:11","date_gmt":"2025-07-02T21:45:11","guid":{"rendered":"https:\/\/www.europesays.com\/fr\/221631\/"},"modified":"2025-07-02T21:45:11","modified_gmt":"2025-07-02T21:45:11","slug":"en-video-le-vibrant-accueil-reserve-par-les-maoris-aux-bleus-en-tournee-en-nouvelle-zelande","status":"publish","type":"post","link":"https:\/\/www.europesays.com\/fr\/221631\/","title":{"rendered":"en vid\u00e9o, le vibrant accueil r\u00e9serv\u00e9 par les Maoris aux Bleus en tourn\u00e9e en Nouvelle-Z\u00e9lande"},"content":{"rendered":"<p><strong>LE SCAN SPORT &#8211; <\/strong>Les joueurs tricolores ont \u00e9t\u00e9 accueillis lundi soir dans un Marae, un lieu embl\u00e9matique de la culture maorie.<\/p>\n<p class=\"fig-paragraph\">Avant d\u2019affronter trois fois les redoutables All Blacks, les joueurs du XV de France ont \u00e9t\u00e9 accueillis lundi soir dans un Marae, un lieu de r\u00e9union embl\u00e9matique de la culture maorie. Un moment d\u2019\u00e9changes fort en \u00e9motions pour les Bleus. \u00c9changes, haka, chants, applaudissements et d\u00e9couverte de la culture maorie. Les internationaux fran\u00e7ais ont ensuite r\u00e9pondu \u00e0 leurs h\u00f4tes en entonnant le \u00abIl est un coin de France\u00bb de Luis Mariano.<\/p>\n","protected":false},"excerpt":{"rendered":"LE SCAN SPORT &#8211; Les joueurs tricolores ont \u00e9t\u00e9 accueillis lundi soir dans un Marae, un lieu embl\u00e9matique&hellip;\n","protected":false},"author":2,"featured_media":221632,"comment_status":"","ping_status":"","sticky":false,"template":"","format":"standard","meta":{"footnotes":""},"categories":[1416],"tags":[2305,1011,27,4977,13071,479,1468,60],"class_list":{"0":"post-221631","1":"post","2":"type-post","3":"status-publish","4":"format-standard","5":"has-post-thumbnail","7":"category-rugby","8":"tag-all-blacks","9":"tag-fr","10":"tag-france","11":"tag-le-scan-sport","12":"tag-nouvelle-zelande","13":"tag-rugby","14":"tag-rugby-football","15":"tag-sports"},"share_on_mastodon":{"url":"https:\/\/pubeurope.com\/@fr\/114785833688591690","error":""},"_links":{"self":[{"href":"https:\/\/www.europesays.com\/fr\/wp-json\/wp\/v2\/posts\/221631","targetHints":{"allow":["GET"]}}],"collection":[{"href":"https:\/\/www.europesays.com\/fr\/wp-json\/wp\/v2\/posts"}],"about":[{"href":"https:\/\/www.europesays.com\/fr\/wp-json\/wp\/v2\/types\/post"}],"author":[{"embeddable":true,"href":"https:\/\/www.europesays.com\/fr\/wp-json\/wp\/v2\/users\/2"}],"replies":[{"embeddable":true,"href":"https:\/\/www.europesays.com\/fr\/wp-json\/wp\/v2\/comments?post=221631"}],"version-history":[{"count":0,"href":"https:\/\/www.europesays.com\/fr\/wp-json\/wp\/v2\/posts\/221631\/revisions"}],"wp:featuredmedia":[{"embeddable":true,"href":"https:\/\/www.europesays.com\/fr\/wp-json\/wp\/v2\/media\/221632"}],"wp:attachment":[{"href":"https:\/\/www.europesays.com\/fr\/wp-json\/wp\/v2\/media?parent=221631"}],"wp:term":[{"taxonomy":"category","embeddable":true,"href":"https:\/\/www.europesays.com\/fr\/wp-json\/wp\/v2\/categories?post=221631"},{"taxonomy":"post_tag","embeddable":true,"href":"https:\/\/www.europesays.com\/fr\/wp-json\/wp\/v2\/tags?post=221631"}],"curies":[{"name":"wp","href":"https:\/\/api.w.org\/{rel}","templated":true}]}}