{"id":221645,"date":"2025-07-02T21:53:13","date_gmt":"2025-07-02T21:53:13","guid":{"rendered":"https:\/\/www.europesays.com\/fr\/221645\/"},"modified":"2025-07-02T21:53:13","modified_gmt":"2025-07-02T21:53:13","slug":"tarbes-paysages-de-derriere-les-barreaux","status":"publish","type":"post","link":"https:\/\/www.europesays.com\/fr\/221645\/","title":{"rendered":"Tarbes. Paysages de derri\u00e8re les barreaux"},"content":{"rendered":"<p>Le temps des cerises est arriv\u00e9, pour l\u2019association tarbaise Photographie E, toujours au rendez-vous de ce mois de juin pour son exposition annuelle. L\u2019invit\u00e9e, C\u00e9line Levain, portraitiste photographe, journaliste, entre autres des journaux le Monde et Lib\u00e9ration, venant des Charentes, rurale comme elle aime se d\u00e9finir, form\u00e9e \u00e0 l\u2019\u00e9cole de photographie de Toulouse ( ETPA), nous invite pour une s\u00e9rie d\u2019autoportraits, r\u00e9alis\u00e9e au quartier des femmes de la maison d\u2019arr\u00eat d\u2019Angoul\u00eame et de Vivonne. La photographe humaniste intervient dans les ateliers culturels de la prison, dont l\u2019objectif est de lutter contre les effets d\u00e9socialisants de l\u2019incarc\u00e9ration, de pr\u00e9venir la r\u00e9cidive, de pr\u00e9parer au mieux la sortie. D\u00e9bat politique actuel entre les tenants d\u2019un enfermement strict ou celui d\u2019un espace de r\u00e9insertion possible. Ainsi, C\u00e9cilia, Andget, Wendolin, Agn\u00e8s, Nadia, Audrey, Sarra, Jen, nous montrent \u00e0 voir, \u00e0 travers leurs portraits sur fond noir, leur sensibilit\u00e9, leur d\u00e9termination, leur pudeur, leur regard, leur g\u00eane: des visages bien s\u00fbr, des jeux de mains, des corps entiers ou dissimul\u00e9s, quelles que soient leurs peines\u2026 courtes ou longues.. Tout cela dans un travail de lumi\u00e8re naturelle. Sortir de l\u2019ombre pour une estime de soi \u00e0 retrouver. Captives, le nom de l\u2019exposition, pas craintives. De plus, C\u00e9line Levain flashe sur une lumineuse id\u00e9e. \u00c0 travers les conversations et les confidences, elle associe les portraits \u00e0 des paysages que les d\u00e9tenues d\u00e9crivent, imaginent, \u00e9voquent.. Libres dans leurs t\u00eates. \u00ab\u00a0Si j\u2019\u00e9tais un paysage, je serai un champ de bl\u00e9 en feu\u00a0\u00bb, montagne, oc\u00e9an, jungle, maison \u00e0 la campagne sont ainsi captur\u00e9s par la photographe arpenteuse et adoss\u00e9s aux portraits. Venez donc voir cette puissante exposition \u00e0 la Galerie E, 44 bis rue Abb\u00e9 &#8211; Torn\u00e9, Tarbes (ancienne \u00e9cole Louis Pergaud) du 6 juin au 6 juillet 2025, le Vendredi de 17 h\/ 20 h et les samedis et dimanches de 15h \u00e0 19 heures. Photographie E comme \u00c9tincelle, avec ses embl\u00e9matiques ateliers ouverts \u00e0 tous. Promouvoir la promotion de l\u2019art photographique, susciter des vocations, tel est le bel engagement de la pr\u00e9sidente Muriel Migeon et de son \u00e9quipe de passionn\u00e9s. Pour plus de renseignements: <a href=\"https:\/\/www.ladepeche.fr\/2025\/07\/02\/mailto:photographie-e@laposte.net\" rel=\"nofollow noopener\" target=\"_blank\">photographie-e@laposte.net<\/a>. <\/p>\n","protected":false},"excerpt":{"rendered":"Le temps des cerises est arriv\u00e9, pour l\u2019association tarbaise Photographie E, toujours au rendez-vous de ce mois de&hellip;\n","protected":false},"author":2,"featured_media":221646,"comment_status":"","ping_status":"","sticky":false,"template":"","format":"standard","meta":{"footnotes":""},"categories":[1358],"tags":[1348,1384,1385,1386,58,59,1011,27],"class_list":{"0":"post-221645","1":"post","2":"type-post","3":"status-publish","4":"format-standard","5":"has-post-thumbnail","7":"category-arts-et-design","8":"tag-arts","9":"tag-arts-and-design","10":"tag-arts-et-design","11":"tag-design","12":"tag-divertissement","13":"tag-entertainment","14":"tag-fr","15":"tag-france"},"share_on_mastodon":{"url":"https:\/\/pubeurope.com\/@fr\/114785865130817870","error":""},"_links":{"self":[{"href":"https:\/\/www.europesays.com\/fr\/wp-json\/wp\/v2\/posts\/221645","targetHints":{"allow":["GET"]}}],"collection":[{"href":"https:\/\/www.europesays.com\/fr\/wp-json\/wp\/v2\/posts"}],"about":[{"href":"https:\/\/www.europesays.com\/fr\/wp-json\/wp\/v2\/types\/post"}],"author":[{"embeddable":true,"href":"https:\/\/www.europesays.com\/fr\/wp-json\/wp\/v2\/users\/2"}],"replies":[{"embeddable":true,"href":"https:\/\/www.europesays.com\/fr\/wp-json\/wp\/v2\/comments?post=221645"}],"version-history":[{"count":0,"href":"https:\/\/www.europesays.com\/fr\/wp-json\/wp\/v2\/posts\/221645\/revisions"}],"wp:featuredmedia":[{"embeddable":true,"href":"https:\/\/www.europesays.com\/fr\/wp-json\/wp\/v2\/media\/221646"}],"wp:attachment":[{"href":"https:\/\/www.europesays.com\/fr\/wp-json\/wp\/v2\/media?parent=221645"}],"wp:term":[{"taxonomy":"category","embeddable":true,"href":"https:\/\/www.europesays.com\/fr\/wp-json\/wp\/v2\/categories?post=221645"},{"taxonomy":"post_tag","embeddable":true,"href":"https:\/\/www.europesays.com\/fr\/wp-json\/wp\/v2\/tags?post=221645"}],"curies":[{"name":"wp","href":"https:\/\/api.w.org\/{rel}","templated":true}]}}