{"id":221655,"date":"2025-07-02T21:58:10","date_gmt":"2025-07-02T21:58:10","guid":{"rendered":"https:\/\/www.europesays.com\/fr\/221655\/"},"modified":"2025-07-02T21:58:10","modified_gmt":"2025-07-02T21:58:10","slug":"rassurants-les-medecins-lui-assurent-que-sa-grosseur-au-cou-est-un-kyste-cest-en-realite-un-cancer","status":"publish","type":"post","link":"https:\/\/www.europesays.com\/fr\/221655\/","title":{"rendered":"Rassurants, les m\u00e9decins lui assurent que sa grosseur au cou est un kyste, c\u2019est en r\u00e9alit\u00e9 un cancer"},"content":{"rendered":"<p>Une erreur de diagnostic aux cons\u00e9quences dramatiques. En octobre 2023, Simon Bowler, 50 ans, remarque des changements inhabituels dans son quotidien. Sans comprendre pourquoi, il r\u00e9alise qu&rsquo;il se sent ivre apr\u00e8s un seul verre de vin rouge. \u00ab\u00a0Je peux g\u00e9n\u00e9ralement boire une bouteille de vin sans rien ressentir\u00a0\u00bb, assure l&rsquo;entra\u00eeneur de tennis. Il remarque \u00e9galement la pr\u00e9sence d&rsquo;une grosseur sur son cou mais les m\u00e9decins se montrent alors rassurants et lui assurent qu&rsquo;il s&rsquo;agit d&rsquo;un kyste.<\/p>\n<p>Le quinquag\u00e9naire ressent d&rsquo;autres sympt\u00f4mes dont une vision flou le soir. Inquiet, il retourne voir son m\u00e9decin qui l&rsquo;oriente pour r\u00e9aliser une \u00e9chographie puis une biopsie. Ces examens r\u00e9v\u00e8lent qu&rsquo;il s&rsquo;agit en r\u00e9alit\u00e9 d&rsquo;un m\u00e9lanome. \u00ab\u00a0J&rsquo;\u00e9tais en route pour le travail lorsque j&rsquo;ai re\u00e7u un appel de mon m\u00e9decin. Il m&rsquo;a demand\u00e9 si j&rsquo;\u00e9tais assis. Je lui ai r\u00e9pondu que je conduisais, et il m&rsquo;a demand\u00e9 de m&rsquo;arr\u00eater. J&rsquo;ai alors compris que c&rsquo;\u00e9tait une mauvaise nouvelle. Il a dit qu&rsquo;ils soup\u00e7onnaient un cancer\u00a0\u00bb, se souvient-il. En France, 17 922 nouveaux cas de m\u00e9lanomes cutan\u00e9s ont \u00e9t\u00e9 estim\u00e9s pour l&rsquo;ann\u00e9e 2023 (9 109 hommes et 8 813 femmes). En 2018, 1 980 d\u00e9c\u00e8s ont \u00e9t\u00e9 enregistr\u00e9s.<\/p>\n<p><strong>LIRE AUSSI &gt;&gt; <\/strong><a data-i13n=\"cpos:1;pos:1\" href=\"https:\/\/fr.news.yahoo.com\/a-15-ans-il-souffre-dun-melanome-avance-le-medecin-confond-le-premier-signe-de-son-cancer-avec-un-symptome-de-puberte-104144031.html\" data-ylk=\"slk:\u00c0 15 ans, il souffre d&#039;un m\u00e9lanome avanc\u00e9, le m\u00e9decin confond le premier signe de son cancer avec un sympt\u00f4me de pubert\u00e9;cpos:1;pos:1;elm:context_link;itc:0;sec:content-canvas;outcm:mb_qualified_link;_E:mb_qualified_link;ct:story;\" class=\"link  yahoo-link\" rel=\"nofollow noopener\" target=\"_blank\">\u00c0 15 ans, il souffre d&rsquo;un m\u00e9lanome avanc\u00e9, le m\u00e9decin confond le premier signe de son cancer avec un sympt\u00f4me de pubert\u00e9<\/a><\/p>\n<p>En f\u00e9vrier 2024, Simon subit une op\u00e9ration visant \u00e0 retirer les bosses initiales et secondaires de son cou. Quatre mois plus tard, il d\u00e9bute un traitement d&rsquo;immunoth\u00e9rapie d&rsquo;une ann\u00e9e pour pr\u00e9venir les r\u00e9cidives. Mais, en neuf mois, le cancer se propage \u00e0 son cerveau. \u00ab\u00a0Pour \u00eatre honn\u00eate, je ne me sentais pas bien dans ma t\u00eate. J&rsquo;ai recommenc\u00e9 \u00e0 avoir la vue floue et je ne pouvais plus d\u00e9connecter la nuit\u00a0\u00bb, raconte Simon, cit\u00e9 par<a data-i13n=\"cpos:2;pos:1\" href=\"https:\/\/www.dailymail.co.uk\/health\/article-14859893\/melanoma-surprising-sign-tipsy-cancer-rising-young-people.html\" rel=\"nofollow noopener\" target=\"_blank\" data-ylk=\"slk:le Daily Mail;cpos:2;pos:1;elm:context_link;itc:0;sec:content-canvas\" class=\"link \"> le Daily Mail<\/a>.<\/p>\n<p>\u00ab\u00a0C&rsquo;est comme si j&rsquo;avais \u00e9t\u00e9 renvers\u00e9 par un camion\u00a0\u00bb<\/p>\n<p>Rapidement, il re\u00e7oit une forme de radioth\u00e9rapie cibl\u00e9e pour d\u00e9truire la tumeur dans son cerveau. Mais, en mars 2025, il tombe malade et ne peut plus se rendre aux toilettes \u00e0 cause d&rsquo;un dysfonctionnement de ses intestins. Il est ensuite hospitalis\u00e9 pendant dix jours et re\u00e7oit une forte dose de st\u00e9ro\u00efdes. \u00ab\u00a0Je me sentais engourdi, abattu. C&rsquo;\u00e9tait comme si j&rsquo;avais \u00e9t\u00e9 renvers\u00e9 par un camion. J&rsquo;ai les jambes qui tremblent maintenant et ma main droite peut \u00e0 peine tenir une raquette, et encore moins taper sur un clavier. Mais je m&rsquo;accroche.\u00a0\u00bb<\/p>\n<p><strong>LIRE AUSSI &gt;&gt; <\/strong><a data-i13n=\"cpos:3;pos:1\" href=\"https:\/\/fr.news.yahoo.com\/ce-changement-a-peine-perceptible-sur-longle-de-son-orteil-etait-en-realite-le-signe-du-cancer-de-la-peau-le-plus-mortel-092020598.html\" data-ylk=\"slk:Ce changement \u00e0 peine perceptible sur l\u2019ongle de son orteil \u00e9tait en r\u00e9alit\u00e9 le signe du cancer de la peau le plus mortel;cpos:3;pos:1;elm:context_link;itc:0;sec:content-canvas;outcm:mb_qualified_link;_E:mb_qualified_link;ct:story;\" class=\"link  yahoo-link\" rel=\"nofollow noopener\" target=\"_blank\">Ce changement \u00e0 peine perceptible sur l\u2019ongle de son orteil \u00e9tait en r\u00e9alit\u00e9 le signe du cancer de la peau le plus mortel<\/a><\/p>\n<p>Simon a lanc\u00e9 une cagnotte en ligne, gr\u00e2ce aux fonds r\u00e9colt\u00e9s, il souhaite d\u00e9marrer une nouvelle entreprise de vente d&rsquo;accessoires de tennis et pr\u00e9voit de reverser une partie des ventes \u00e0 des \u00e9tablissements de sant\u00e9 et \u00e0 des associations caritatives pour la sant\u00e9 mentale. \u00ab\u00a0C&rsquo;est normal de pleurer. C&rsquo;est normal d&rsquo;admettre que tu ne vas pas bien. J\u2019ai \u00e9t\u00e9 d\u00e9pouill\u00e9 d\u2019une grande partie de mon identit\u00e9, mais je n\u2019ai pas perdu ma volont\u00e9 de continuer. Je veux juste recommencer \u00e0 aider les gens, \u00e0 encadrer les jeunes joueurs et \u00e0 leur montrer \u00e0 quoi ressemble la r\u00e9silience.\u00a0\u00bb<\/p>\n<p>D&rsquo;apr\u00e8s les chiffres de l&rsquo;Institut national du cancer, 70 % des m\u00e9lanomes sont li\u00e9s \u00e0 des expositions excessives au soleil. Pour limiter le risque, il est recommand\u00e9 d&rsquo;\u00e9viter le soleil entre 12 et 16 heures, de se prot\u00e9ger avec des v\u00eatements, un chapeau et des lunettes de soleil et d&rsquo;appliquer une cr\u00e8me solaire haute protection, au moins 20 minutes avant de sortir et au minimum toutes les 2 heures. Elle doit \u00e9galement \u00eatre appliqu\u00e9e apr\u00e8s la baignade.<\/p>\n","protected":false},"excerpt":{"rendered":"Une erreur de diagnostic aux cons\u00e9quences dramatiques. En octobre 2023, Simon Bowler, 50 ans, remarque des changements inhabituels&hellip;\n","protected":false},"author":2,"featured_media":221656,"comment_status":"","ping_status":"","sticky":false,"template":"","format":"standard","meta":{"footnotes":""},"categories":[10],"tags":[101,36057,1011,27,72,71,36056],"class_list":{"0":"post-221655","1":"post","2":"type-post","3":"status-publish","4":"format-standard","5":"has-post-thumbnail","7":"category-sante","8":"tag-cancer","9":"tag-erreur-de-diagnostic","10":"tag-fr","11":"tag-france","12":"tag-health","13":"tag-sante","14":"tag-simon-bowler"},"share_on_mastodon":{"url":"https:\/\/pubeurope.com\/@fr\/114785884931918579","error":""},"_links":{"self":[{"href":"https:\/\/www.europesays.com\/fr\/wp-json\/wp\/v2\/posts\/221655","targetHints":{"allow":["GET"]}}],"collection":[{"href":"https:\/\/www.europesays.com\/fr\/wp-json\/wp\/v2\/posts"}],"about":[{"href":"https:\/\/www.europesays.com\/fr\/wp-json\/wp\/v2\/types\/post"}],"author":[{"embeddable":true,"href":"https:\/\/www.europesays.com\/fr\/wp-json\/wp\/v2\/users\/2"}],"replies":[{"embeddable":true,"href":"https:\/\/www.europesays.com\/fr\/wp-json\/wp\/v2\/comments?post=221655"}],"version-history":[{"count":0,"href":"https:\/\/www.europesays.com\/fr\/wp-json\/wp\/v2\/posts\/221655\/revisions"}],"wp:featuredmedia":[{"embeddable":true,"href":"https:\/\/www.europesays.com\/fr\/wp-json\/wp\/v2\/media\/221656"}],"wp:attachment":[{"href":"https:\/\/www.europesays.com\/fr\/wp-json\/wp\/v2\/media?parent=221655"}],"wp:term":[{"taxonomy":"category","embeddable":true,"href":"https:\/\/www.europesays.com\/fr\/wp-json\/wp\/v2\/categories?post=221655"},{"taxonomy":"post_tag","embeddable":true,"href":"https:\/\/www.europesays.com\/fr\/wp-json\/wp\/v2\/tags?post=221655"}],"curies":[{"name":"wp","href":"https:\/\/api.w.org\/{rel}","templated":true}]}}