{"id":221659,"date":"2025-07-02T22:00:22","date_gmt":"2025-07-02T22:00:22","guid":{"rendered":"https:\/\/www.europesays.com\/fr\/221659\/"},"modified":"2025-07-02T22:00:22","modified_gmt":"2025-07-02T22:00:22","slug":"apres-5-heures-dorages-dans-quel-etat-est-le-site-du-festival-beauregard","status":"publish","type":"post","link":"https:\/\/www.europesays.com\/fr\/221659\/","title":{"rendered":"Apr\u00e8s 5 heures d\u2019orages, dans quel \u00e9tat est le site du festival Beauregard\u00a0?"},"content":{"rendered":"<p>            Par<br \/>\n        <strong><br \/>\n            <a href=\"https:\/\/actu.fr\/auteur\/arnaud-heroult\" title=\"Consulter tous les articles de Arnaud H\u00e9roult\" target=\"_blank\" rel=\"noopener\">Arnaud H\u00e9roult<\/a><br \/>\n        <\/strong><\/p>\n<p>        Publi\u00e9 le<\/p>\n<p>            2 juil. 2025 \u00e0 17h59        <\/p>\n<p>Comme <a href=\"https:\/\/actu.fr\/normandie\/herouville-saint-clair_14327\/meteo-du-festival-beauregard-une-vigilance-orage-pour-commencer_62851354.html\" target=\"_blank\" rel=\"noopener\">annonc\u00e9 par M\u00e9t\u00e9o France<\/a>, un orage s\u2019est abattu mercredi 2\u00a0juillet, 2025, jour d\u2019ouverture du <b>festival Beauregard<\/b> \u00e0 H\u00e9rouville Saint-Clair (Calvados). Entre 9h et 14h, des averses se sont d\u00e9vers\u00e9es sur le site aux portes de Caen o\u00f9 la <a href=\"https:\/\/actu.fr\/normandie\/caen_14118\/orages-a-caen-et-autour-67-impacts-de-foudre-en-3-heures_62855809.html\" target=\"_blank\" rel=\"noopener\">foudre et les \u00e9clairs<\/a> ont z\u00e9br\u00e9 le ciel.<\/p>\n<p>Un seul endroit avec de la gadoue<\/p>\n<p class=\" wall-content\">\u00c0 l\u2019ouverture des portes \u00e0 17h, alors que 30\u2009000 personnes sont attendues devant la sc\u00e8ne o\u00f9 Lucky Love, Black Eyed Peas et DJ Snake vont jouer jusqu\u2019\u00e0 minuit, le sol garde tr\u00e8s peu de stigmates des pr\u00e9cipitations.<\/p>\n<p>    <img   decoding=\"async\" loading=\"lazy\" class=\"size-large\" src=\"https:\/\/www.europesays.com\/fr\/wp-content\/uploads\/2025\/07\/2c69e8f5556862079e8f555680479ev-960x640.jpg\" alt=\"De la paille ou des copeaux ont \u00e9t\u00e9 pos\u00e9s \u00e0 certains endroits.\" width=\"960\" height=\"640\"\/><br \/>\n    De la paille ou des copeaux ont \u00e9t\u00e9 pos\u00e9s \u00e0 certains endroits. \u00a9Arnaud HEROULT<\/p>\n<p class=\" wall-content\">Il n\u2019y a <b>gu\u00e8re que l\u2019espace devant la grande roue<\/b> o\u00f9 quelques flaques d\u2019eau sont visibles.<\/p>\n<p>Paille, sable ou copeaux<\/p>\n<p class=\" wall-content\">\u00c0 certains endroits, l\u2019organisation a fait poser de la paille, du sable et des copeaux de bois pour absorber l\u2019eau et pour \u00e9viter que les festivaliers ne salissent trop leurs chaussures.<\/p>\n<p>    <img   decoding=\"async\" loading=\"lazy\" class=\"size-large\" src=\"https:\/\/www.europesays.com\/fr\/wp-content\/uploads\/2025\/07\/4c94e8f55568640a4e8f5556824a4ev-960x640.jpg\" alt=\"Les espaces devant les sc\u00e8nes ne portent pas de stigmates de la pluie.\" width=\"960\" height=\"640\"\/><br \/>\n    Les espaces devant les sc\u00e8nes ne portent pas de stigmates de la pluie. \u00a9Arnaud HEROULT<\/p>\n<p class=\" wall-content\">L\u2019herbe devant les deux sc\u00e8nes est compl\u00e8tement praticable et ne laisse pas voir les averses pass\u00e9es.<\/p>\n<p class=\" wall-content\">Suivez toute l\u2019actualit\u00e9 de vos villes et m\u00e9dias favoris en vous inscrivant \u00e0 <a href=\"https:\/\/moncompte.actu.fr\" title=\"D\u00e9couvez Mon Actu\" rel=\"nofollow noopener\" data-trk=\"{&quot;cta&quot;:{&quot;action&quot;:&quot;https:\\\/\\\/moncompte.actu.fr&quot;,&quot;category&quot;:&quot;mon compte&quot;,&quot;from&quot;:&quot;article footer&quot;,&quot;name&quot;:&quot;Mon actu&quot;,&quot;type&quot;:&quot;cta&quot;}}\" target=\"_blank\">Mon Actu<\/a>.<\/p>\n","protected":false},"excerpt":{"rendered":"Par Arnaud H\u00e9roult Publi\u00e9 le 2 juil. 2025 \u00e0 17h59 Comme annonc\u00e9 par M\u00e9t\u00e9o France, un orage s\u2019est&hellip;\n","protected":false},"author":2,"featured_media":221660,"comment_status":"","ping_status":"","sticky":false,"template":"","format":"standard","meta":{"footnotes":""},"categories":[8],"tags":[5492,58,59,36058,1011,27,1652,2357],"class_list":{"0":"post-221659","1":"post","2":"type-post","3":"status-publish","4":"format-standard","5":"has-post-thumbnail","7":"category-divertissement","8":"tag-caen","9":"tag-divertissement","10":"tag-entertainment","11":"tag-festival-beauregard","12":"tag-fr","13":"tag-france","14":"tag-loisirs-culture","15":"tag-meteo-france"},"share_on_mastodon":{"url":"https:\/\/pubeurope.com\/@fr\/114785892793258951","error":""},"_links":{"self":[{"href":"https:\/\/www.europesays.com\/fr\/wp-json\/wp\/v2\/posts\/221659","targetHints":{"allow":["GET"]}}],"collection":[{"href":"https:\/\/www.europesays.com\/fr\/wp-json\/wp\/v2\/posts"}],"about":[{"href":"https:\/\/www.europesays.com\/fr\/wp-json\/wp\/v2\/types\/post"}],"author":[{"embeddable":true,"href":"https:\/\/www.europesays.com\/fr\/wp-json\/wp\/v2\/users\/2"}],"replies":[{"embeddable":true,"href":"https:\/\/www.europesays.com\/fr\/wp-json\/wp\/v2\/comments?post=221659"}],"version-history":[{"count":0,"href":"https:\/\/www.europesays.com\/fr\/wp-json\/wp\/v2\/posts\/221659\/revisions"}],"wp:featuredmedia":[{"embeddable":true,"href":"https:\/\/www.europesays.com\/fr\/wp-json\/wp\/v2\/media\/221660"}],"wp:attachment":[{"href":"https:\/\/www.europesays.com\/fr\/wp-json\/wp\/v2\/media?parent=221659"}],"wp:term":[{"taxonomy":"category","embeddable":true,"href":"https:\/\/www.europesays.com\/fr\/wp-json\/wp\/v2\/categories?post=221659"},{"taxonomy":"post_tag","embeddable":true,"href":"https:\/\/www.europesays.com\/fr\/wp-json\/wp\/v2\/tags?post=221659"}],"curies":[{"name":"wp","href":"https:\/\/api.w.org\/{rel}","templated":true}]}}