{"id":221661,"date":"2025-07-02T22:01:11","date_gmt":"2025-07-02T22:01:11","guid":{"rendered":"https:\/\/www.europesays.com\/fr\/221661\/"},"modified":"2025-07-02T22:01:11","modified_gmt":"2025-07-02T22:01:11","slug":"cette-sonde-se-prepare-a-franchir-une-limite-cosmique-historique","status":"publish","type":"post","link":"https:\/\/www.europesays.com\/fr\/221661\/","title":{"rendered":"Cette sonde se pr\u00e9pare \u00e0 franchir une limite cosmique historique !"},"content":{"rendered":"<p data-start=\"522\" data-end=\"959\"><a href=\"https:\/\/sciencepost.fr\/voyager-1-la-nasa-reussit-une-manoeuvre-que-lon-croyait-impossible-pour-prolonger-son-incroyable-mission\/\" target=\"_blank\" rel=\"noopener nofollow\">Depuis son lancement en 1977<\/a>, la<br \/>\nsonde Voyager 1 n\u2019a jamais<br \/>\ncess\u00e9 d\u2019avancer. Silencieuse et intr\u00e9pide, elle file dans le vide<br \/>\nsid\u00e9ral \u00e0 plus de 61 000 km\/h. En pr\u00e8s de 50 ans de voyage, elle a<br \/>\nquitt\u00e9 l\u2019environnement solaire familier pour plonger dans l\u2019espace<br \/>\ninterstellaire. Et \u00e0 la <a href=\"https:\/\/eyes.nasa.gov\/apps\/solar-system\/#\/sc_voyager_1\/distance?time=2026-11-15T16:21:15.692+00:00&amp;rate=0&amp;to=earth\" target=\"_blank\" rel=\"noopener nofollow\">fin de l\u2019ann\u00e9e 2026<\/a>, elle<br \/>\nfranchira une fronti\u00e8re symbolique et in\u00e9dite dans l\u2019histoire<br \/>\nhumaine : la distance que la lumi\u00e8re parcourt en 24 heures.<\/p>\n<p data-start=\"961\" data-end=\"1193\">Cette unit\u00e9, appel\u00e9e<br \/>\njour-lumi\u00e8re, \u00e9quivaut \u00e0<br \/>\nenviron 25,9 milliards de kilom\u00e8tres. Autrement dit : l\u00e0 o\u00f9 la<br \/>\nlumi\u00e8re met une journ\u00e9e enti\u00e8re pour nous parvenir, notre plus<br \/>\nlointaine ambassadrice y aura mis\u2026 un demi-si\u00e8cle.<\/p>\n<p>Une sonde mythique, toujours<br \/>\nen mouvement<\/p>\n<p data-start=\"1250\" data-end=\"1553\">Lanc\u00e9e par la NASA le 5<br \/>\nseptembre 1977, quelques jours apr\u00e8s sa jumelle Voyager 2, Voyager 1 avait pour mission initiale<br \/>\nd\u2019explorer les plan\u00e8tes ext\u00e9rieures du Syst\u00e8me solaire. Elle nous a<br \/>\noffert les premi\u00e8res vues d\u00e9taill\u00e9es de Jupiter et Saturne,<br \/>\nr\u00e9volutionnant notre compr\u00e9hension de ces g\u00e9antes.<\/p>\n<p data-start=\"1555\" data-end=\"1916\">Mais le voyage ne s\u2019est pas<br \/>\narr\u00eat\u00e9 l\u00e0. Apr\u00e8s avoir quitt\u00e9 la r\u00e9gion plan\u00e9taire, Voyager 1 a continu\u00e9, toujours plus<br \/>\nloin, jusqu\u2019\u00e0 franchir en 2012 l\u2019h\u00e9liopause, la fronti\u00e8re o\u00f9 le<br \/>\nvent solaire c\u00e8de face au milieu interstellaire. Elle est ainsi<br \/>\ndevenue le premier objet humain \u00e0 quitter l\u2019h\u00e9liosph\u00e8re \u2014 cette<br \/>\nbulle protectrice g\u00e9n\u00e9r\u00e9e par notre Soleil.<\/p>\n<p>Pourquoi un jour-lumi\u00e8re,<br \/>\nc\u2019est \u00e9norme<\/p>\n<p data-start=\"1970\" data-end=\"2310\">Pour donner une id\u00e9e plus<br \/>\nconcr\u00e8te : la lumi\u00e8re met un peu plus de 8 minutes pour atteindre<br \/>\nla Terre depuis le Soleil(soit 1 unit\u00e9 astronomique ou ~150<br \/>\nmillions de km). Voyager 1, elle, est actuellement \u00e0 plus de 166<br \/>\nunit\u00e9s astronomiques, et le temps que met un signal radio pour<br \/>\natteindre la sonde d\u00e9passe d\u00e9sormais 23 heures.<\/p>\n<p data-start=\"2312\" data-end=\"2623\">Cela signifie qu\u2019en novembre<br \/>\n2026, les signaux mettront 24 heures pile \u00e0 faire le trajet aller<br \/>\nsimple depuis la Terre. \u00c0 cette date, Voyager 1 aura atteint une<br \/>\ndistance-lumi\u00e8re de 1 jour. Elle franchira ce cap le 15 novembre<br \/>\n2026 vis-\u00e0-vis de la Terre, et le 28 janvier 2027 vis-\u00e0-vis du<br \/>\nSoleil.<\/p>\n<p data-start=\"2625\" data-end=\"2830\">Ce jalon n\u2019est pas seulement<br \/>\nsymbolique. Il mat\u00e9rialise \u00e0 quel point l\u2019exploration humaine est<br \/>\nencore balbutiante \u00e0 l\u2019\u00e9chelle galactique. Une journ\u00e9e-lumi\u00e8re,<br \/>\nc\u2019est un cheveu dans l\u2019oc\u00e9an de l\u2019Univers.<\/p>\n<p><img loading=\"lazy\" data-lazyloaded=\"1\" decoding=\"async\" class=\"size-full wp-image-310341\" src=\"https:\/\/www.europesays.com\/fr\/wp-content\/uploads\/2025\/07\/voyager-1-revives-back.jpg\" alt=\"voyager\" width=\"1320\" height=\"742\"  data-\/><br \/>\nLes sondes jumelles Voyager de la NASA, lanc\u00e9es en 1977, voyagent<br \/>\nactuellement dans l\u2019espace interstellaire \u00e0 environ 56 000 km\/h.<br \/>\nCette vue d\u2019artiste repr\u00e9sente l\u2019une des sondes s\u2019\u00e9loignant \u00e0 toute<br \/>\nvitesse. Cr\u00e9dit : NASA\/JPL-CaltechJusqu\u2019o\u00f9 ira-t-elle ?<\/p>\n<p data-start=\"2867\" data-end=\"3311\">Voyager 1 est loin d\u2019avoir<br \/>\ntermin\u00e9 sa course. M\u00eame si ses instruments scientifiques<br \/>\ns\u2019\u00e9teindront progressivement au d\u00e9but des ann\u00e9es 2030, la sonde<br \/>\ncontinuera de d\u00e9river dans le vide \u2014 muette, mais intacte. \u00c0 sa<br \/>\nvitesse actuelle, il lui faudra environ 40 000 ans pour s\u2019\u00e9loigner<br \/>\n\u00e0 deux ann\u00e9es-lumi\u00e8re, soit la limite ext\u00e9rieure estim\u00e9e du Syst\u00e8me<br \/>\nsolaire (\u00e0 mi-chemin entre nous et l\u2019\u00e9toile la plus proche, Proxima<br \/>\ndu Centaure).<\/p>\n<p data-start=\"3313\" data-end=\"3646\">Car contrairement \u00e0 ce qu\u2019on<br \/>\npourrait croire, Voyager 1 n\u2019a pas encore totalement \u00ab quitt\u00e9 le<br \/>\nSyst\u00e8me solaire \u00bb. Si elle a bien d\u00e9pass\u00e9 l\u2019h\u00e9liosph\u00e8re, elle<br \/>\n\u00e9volue encore dans la zone gravitationnelle d\u2019influence du Soleil,<br \/>\nnotamment dans la r\u00e9gion suppos\u00e9e du nuage d\u2019Oort, une immense<br \/>\nsph\u00e8re hypoth\u00e9tique de com\u00e8tes glac\u00e9es.<\/p>\n<p>Un rappel de notre petitesse<br \/>\ncosmique<\/p>\n<p data-start=\"3699\" data-end=\"4138\">L\u2019\u00e9v\u00e9nement \u00e0 venir \u2013 franchir<br \/>\nune journ\u00e9e-lumi\u00e8re \u2013 nous donne une perspective vertigineuse. M\u00eame<br \/>\navec des technologies avanc\u00e9es, aucun engin habit\u00e9 ne s\u2019est jamais<br \/>\napproch\u00e9 d\u2019un tel exploit. Apollo 10 d\u00e9tient encore, depuis 1969,<br \/>\nle record de vitesse humaine (pr\u00e8s de 40 000 km\/h) \u2013 soit 6 fois<br \/>\nmoins que Voyager 1 \u2013 et il faudrait 155 jours \u00e0 cette vitesse pour<br \/>\natteindre seulement 1 UA. Ce sont des chiffres qui font<br \/>\nr\u00e9fl\u00e9chir.<\/p>\n<p>L\u2019espace, notre prochain<br \/>\ngrand d\u00e9fi<\/p>\n<p data-start=\"4189\" data-end=\"4469\">Alors que Voyager 1 s\u2019\u00e9loigne<br \/>\nvers l\u2019inconnu, elle emporte \u00e0 son bord un message pour les<br \/>\n\u00e9ventuelles civilisations extraterrestres : le c\u00e9l\u00e8bre<br \/>\nGolden Record, un disque<br \/>\ncontenant sons, images et musiques de la Terre. Un espoir fragile,<br \/>\nmais magnifique, de contact cosmique.<\/p>\n<p data-start=\"4471\" data-end=\"4626\">Et surtout, elle laisse<br \/>\nderri\u00e8re elle une le\u00e7on : l\u2019Univers est immense, le voyage est<br \/>\nlong, mais l\u2019audace humaine, elle, ne conna\u00eet pas de<br \/>\nfronti\u00e8res.<\/p>\n","protected":false},"excerpt":{"rendered":"Depuis son lancement en 1977, la sonde Voyager 1 n\u2019a jamais cess\u00e9 d\u2019avancer. Silencieuse et intr\u00e9pide, elle file&hellip;\n","protected":false},"author":2,"featured_media":221662,"comment_status":"","ping_status":"","sticky":false,"template":"","format":"standard","meta":{"footnotes":""},"categories":[7],"tags":[1011,27,43,40,41,39,42,44],"class_list":{"0":"post-221661","1":"post","2":"type-post","3":"status-publish","4":"format-standard","5":"has-post-thumbnail","7":"category-sciences-et-technologies","8":"tag-fr","9":"tag-france","10":"tag-science","11":"tag-science-and-technology","12":"tag-sciences","13":"tag-sciences-et-technologies","14":"tag-technologies","15":"tag-technology"},"share_on_mastodon":{"url":"https:\/\/pubeurope.com\/@fr\/114785896917113351","error":""},"_links":{"self":[{"href":"https:\/\/www.europesays.com\/fr\/wp-json\/wp\/v2\/posts\/221661","targetHints":{"allow":["GET"]}}],"collection":[{"href":"https:\/\/www.europesays.com\/fr\/wp-json\/wp\/v2\/posts"}],"about":[{"href":"https:\/\/www.europesays.com\/fr\/wp-json\/wp\/v2\/types\/post"}],"author":[{"embeddable":true,"href":"https:\/\/www.europesays.com\/fr\/wp-json\/wp\/v2\/users\/2"}],"replies":[{"embeddable":true,"href":"https:\/\/www.europesays.com\/fr\/wp-json\/wp\/v2\/comments?post=221661"}],"version-history":[{"count":0,"href":"https:\/\/www.europesays.com\/fr\/wp-json\/wp\/v2\/posts\/221661\/revisions"}],"wp:featuredmedia":[{"embeddable":true,"href":"https:\/\/www.europesays.com\/fr\/wp-json\/wp\/v2\/media\/221662"}],"wp:attachment":[{"href":"https:\/\/www.europesays.com\/fr\/wp-json\/wp\/v2\/media?parent=221661"}],"wp:term":[{"taxonomy":"category","embeddable":true,"href":"https:\/\/www.europesays.com\/fr\/wp-json\/wp\/v2\/categories?post=221661"},{"taxonomy":"post_tag","embeddable":true,"href":"https:\/\/www.europesays.com\/fr\/wp-json\/wp\/v2\/tags?post=221661"}],"curies":[{"name":"wp","href":"https:\/\/api.w.org\/{rel}","templated":true}]}}