{"id":221667,"date":"2025-07-02T22:04:11","date_gmt":"2025-07-02T22:04:11","guid":{"rendered":"https:\/\/www.europesays.com\/fr\/221667\/"},"modified":"2025-07-02T22:04:11","modified_gmt":"2025-07-02T22:04:11","slug":"la-gauche-unitaire-promet-une-candidature-commune-pour-2027-sauf-lfi","status":"publish","type":"post","link":"https:\/\/www.europesays.com\/fr\/221667\/","title":{"rendered":"La gauche unitaire promet une candidature commune pour\u00a02027 (sauf LFI)"},"content":{"rendered":"<p> \u00abMoment historique\u00a0\u00bb, \u00ab\u00a0grand jour\u00a0\u00bb, \u00ab\u00a0tournant\u00a0\u00bb\u00a0: un an apr\u00e8s le sursaut du <a href=\"https:\/\/www.20minutes.fr\/politique\/front-populaire\/\" class=\"color-ultramarine c-link\" target=\"_blank\" rel=\"noopener\">Nouveau Front populaire<\/a> (NFP), la gauche unitaire (sans LFI, les communistes et <a href=\"https:\/\/www.20minutes.fr\/politique\/raphael-glucksmann\/\" class=\"color-ultramarine c-link\" target=\"_blank\" rel=\"noopener\">Rapha\u00ebl Glucksmann<\/a>) a fait \u00ab\u00a0le serment\u00a0\u00bb mercredi \u00e0 Bagneux (Haut-de-Seine) d\u2019avoir \u00ab\u00a0un projet commun\u00a0\u00bb et un candidat commun pour\u00a02027.<\/p>\n<p>Le Parti socialiste, les Ecologistes, G\u00e9n\u00e9rations, Debout (le parti de Fran\u00e7ois Ruffin) et l\u2019Apr\u00e8s, le parti des ex-insoumis, se sont r\u00e9unis \u00e0 l\u2019invitation de l\u2019ex-candidate du Nouveau Front populaire pour <a href=\"https:\/\/www.20minutes.fr\/dossier\/matignon\" class=\"color-ultramarine c-link\" target=\"_blank\" rel=\"noopener\">Matignon<\/a>, Lucie Castets, afin de discuter d\u2019une candidature commune pour la prochaine pr\u00e9sidentielle.<\/p>\n<p>\u00ab\u00a0Une \u00e9quipe qui va se pr\u00e9parer pendant deux ans\u00a0\u00bb<\/p>\n<p>\u00ab\u00a0Nous avons act\u00e9 que nous aurons une candidature commune en\u00a02027\u00a0\u00bb, a expliqu\u00e9 Lucie Castets lors d\u2019une conf\u00e9rence de presse \u00e0 l\u2019issue d\u2019une journ\u00e9e de discussions, avec des \u00ab\u00a0modalit\u00e9s de d\u00e9signation du candidat\u00a0\u00bb qui seront d\u00e9cid\u00e9es fin\u00a02025, et le choix du candidat \u00ab\u00a0entre mai et octobre\u00a02026\u00a0\u00bb.<\/p>\n<p>\u00ab\u00a0Ce que vous avez en face de vous c\u2019est une \u00e9quipe qui annonce qu\u2019elle va se pr\u00e9parer pendant deux ans\u00a0\u00bb et \u00ab\u00a0sera pr\u00eate \u00e0 gouverner\u00a0\u00bb, a-t-elle affirm\u00e9. Les participants ont \u00e9galement d\u00e9cid\u00e9 le lancement d\u2019une \u00ab\u00a0d\u00e9marche programmatique\u00a0\u00bb, avec six conventions th\u00e9matiques (\u00e9ducation, industrie\u2026.) partout en France, ouvertes \u00e0 la population, aux experts, \u00e0 la soci\u00e9t\u00e9 civile, pour \u00e9tablir un programme commun \u00ab\u00a0de rupture\u00a0\u00bb.<\/p>\n<p>\u00ab\u00a0On rallume la lumi\u00e8re\u00a0\u00bb<\/p>\n<p>\u00ab\u00a0Nous allons construire d\u2019abord une plateforme commune, qui nous liera\u00a0\u00bb, a pr\u00e9cis\u00e9 le patron des socialistes Olivier Faure. \u00ab\u00a0Aujourd\u2019hui est un grand jour pour la gauche et les Ecologistes\u00a0\u00bb, a-t-il soulign\u00e9, \u00e9voquant \u00ab\u00a0un serment du jeu de paume un peu particulier\u00a0\u00bb, celui \u00ab\u00a0de ne pas laisser le monopole de l\u2019alternative \u00e0 l\u2019extr\u00eame droite\u00a0\u00bb. \u00ab\u00a0En cr\u00e9ant ce Front populaire 2027, on rallume la lumi\u00e8re au fond du tunnel\u00a0\u00bb, a d\u00e9clar\u00e9 la patronne des Ecologistes Marine Tondelier.<\/p>\n<\/p>\n<p>S\u2019ils ont jusqu\u2019\u00e0 la fin de l\u2019ann\u00e9e pour trouver le mode de d\u00e9signation, elle a pour sa part clairement \u00e9voqu\u00e9 \u00ab\u00a0une primaire\u00a0\u00bb, avant d\u2019expliquer que c\u2019\u00e9tait une \u00ab\u00a0option forte\u00a0\u00bb, et qu\u2019il n\u2019y avait \u00ab\u00a0pas vraiment d\u2019autres modes de d\u00e9signation possible\u00a0\u00bb. Mais certains chefs de parti, comme Olivier Faure, devront faire valider ce choix par les militants.<\/p>\n<p>\u00ab\u00a0Nous avons act\u00e9 que nous aurons un programme commun et un candidat commun, c\u2019est pas rien\u00a0\u00bb, a insist\u00e9 le d\u00e9put\u00e9 <a href=\"https:\/\/www.20minutes.fr\/dossier\/francois-ruffin\" class=\"color-ultramarine c-link\" target=\"_blank\" rel=\"noopener\">Fran\u00e7ois Ruffin<\/a>, candidat \u00e0 cette primaire et \u00e0 l\u2019origine du NFP jute apr\u00e8s la dissolution de\u00a02024.<\/p>\n","protected":false},"excerpt":{"rendered":"\u00abMoment historique\u00a0\u00bb, \u00ab\u00a0grand jour\u00a0\u00bb, \u00ab\u00a0tournant\u00a0\u00bb\u00a0: un an apr\u00e8s le sursaut du Nouveau Front populaire (NFP), la gauche unitaire&hellip;\n","protected":false},"author":2,"featured_media":221668,"comment_status":"","ping_status":"","sticky":false,"template":"","format":"standard","meta":{"footnotes":""},"categories":[4],"tags":[11,1011,27,2383,13520,4729,12,12017,4393,316,25],"class_list":{"0":"post-221667","1":"post","2":"type-post","3":"status-publish","4":"format-standard","5":"has-post-thumbnail","7":"category-france","8":"tag-actualites","9":"tag-fr","10":"tag-france","11":"tag-gauche","12":"tag-lucie-castets","13":"tag-marine-tondelier","14":"tag-news","15":"tag-nouveau-front-populaire","16":"tag-olivier-faure","17":"tag-politique","18":"tag-republique-francaise"},"share_on_mastodon":{"url":"https:\/\/pubeurope.com\/@fr\/114785908420289129","error":""},"_links":{"self":[{"href":"https:\/\/www.europesays.com\/fr\/wp-json\/wp\/v2\/posts\/221667","targetHints":{"allow":["GET"]}}],"collection":[{"href":"https:\/\/www.europesays.com\/fr\/wp-json\/wp\/v2\/posts"}],"about":[{"href":"https:\/\/www.europesays.com\/fr\/wp-json\/wp\/v2\/types\/post"}],"author":[{"embeddable":true,"href":"https:\/\/www.europesays.com\/fr\/wp-json\/wp\/v2\/users\/2"}],"replies":[{"embeddable":true,"href":"https:\/\/www.europesays.com\/fr\/wp-json\/wp\/v2\/comments?post=221667"}],"version-history":[{"count":0,"href":"https:\/\/www.europesays.com\/fr\/wp-json\/wp\/v2\/posts\/221667\/revisions"}],"wp:featuredmedia":[{"embeddable":true,"href":"https:\/\/www.europesays.com\/fr\/wp-json\/wp\/v2\/media\/221668"}],"wp:attachment":[{"href":"https:\/\/www.europesays.com\/fr\/wp-json\/wp\/v2\/media?parent=221667"}],"wp:term":[{"taxonomy":"category","embeddable":true,"href":"https:\/\/www.europesays.com\/fr\/wp-json\/wp\/v2\/categories?post=221667"},{"taxonomy":"post_tag","embeddable":true,"href":"https:\/\/www.europesays.com\/fr\/wp-json\/wp\/v2\/tags?post=221667"}],"curies":[{"name":"wp","href":"https:\/\/api.w.org\/{rel}","templated":true}]}}