{"id":221681,"date":"2025-07-02T22:11:13","date_gmt":"2025-07-02T22:11:13","guid":{"rendered":"https:\/\/www.europesays.com\/fr\/221681\/"},"modified":"2025-07-02T22:11:13","modified_gmt":"2025-07-02T22:11:13","slug":"plages-electro-son-by-toulon-nice-jazz-fest-mas-des-escaravatiers-jazz-a-juan-le-programme-des-festivals-de-lete-dans-le-var-et-les-alpes-maritimes","status":"publish","type":"post","link":"https:\/\/www.europesays.com\/fr\/221681\/","title":{"rendered":"Plages \u00e9lectro, Son by Toulon, Nice jazz fest, Mas des Escaravatiers, Jazz \u00e0 Juan&#8230; Le programme des festivals de l\u2019\u00e9t\u00e9 dans le Var et les Alpes-Maritimes"},"content":{"rendered":"<p>En 2025, notre territoire n\u2019aurapas droit \u00e0 son grand concert en stade. Pas de successeur \u00e0 The Weeknd et Travis Scott \u00e0 l\u2019Allianz Riviera de Nice \u00e0 l\u2019horizon. Cet \u00e9t\u00e9, pour vibrer dans une ar\u00e8ne g\u00e9ante, il faudra prendre la direction de Marseille et de son V\u00e9lodrome.<\/p>\n<p>Apr\u00e8s IAM samedi, ce sera au tour d&rsquo;<b>Alonzo, <\/b>de faire rugir les tribunes, le 19 juillet<b>.<\/b> Mais bien \u00e9videmment, les occasions de laisser tra\u00eener vos oreilles dans les festivals seront tr\u00e8s nombreuses, quels que soient vos go\u00fbts musicaux, votre \u00e2ge et votre budget.<\/p>\n<p>Le plus massif: les Plages \u00e9lectroniques \u00e0 Cannes<\/p>\n<p>Pour les 18es Plages \u00e9lectroniques (du 8 au 10 ao\u00fbt) \u00e0 Cannes, on peut s\u2019attendre \u00e0 du lourd, comme toujours. Solide sur ses appuis avec des t\u00eates d\u2019affiche internationales comme <b>Ti\u00ebsto<\/b>, <b>Charlotte de Witte<\/b>, <b>Peggy Gou <\/b>et <b>Eric Prydz<\/b>, ou encore quelques Frenchies qui s\u2019exportent tr\u00e8s bien, \u00e0 l\u2019image de <b>Myd<\/b>, <b>Kungs<\/b> ou <b>Bellaire<\/b>, l\u2019\u00e9v\u00e9nement propuls\u00e9 par Allover continue de s\u2019ouvrir au rap avec <b>Booba<\/b>, <b>Vald<\/b> et <b>Luidji<\/b>. Tout en misant sur des sensations pop du moment comme <b>Miki<\/b>.<\/p>\n<p>La recette fonctionne: l\u2019an dernier, 60.000 places ont \u00e9t\u00e9 vendues en trois soirs, un record. Qui pourrait bien \u00eatre battu en 2025, puisque la jauge sera port\u00e9e \u00e0 22.000 personnes par jour. \u00ab\u00a0C\u2019est une des \u00e9volutions. Elle est importante, mais on cherche surtout \u00e0 continuer d\u2019am\u00e9liorer ce festival, \u00e0 faire en sorte qu\u2019il devienne une exp\u00e9rience unique, \u00e0 la hauteur de ce qu\u2019on a envie de raconter\u00a0\u00bb, promeut Allegra Trichard, la directrice des Plages \u00e9lectro.<\/p>\n<p>              <img ci-src=\"https:\/\/www.monacomatin.mc\/concerts\/protec\/DATA_ART_15823052-gaujSvvx.jpg?vh=06d44d&amp;ci_seal=c49f7be82e\" alt=\"\"\/><\/p>\n<p>                                Le plus r\u00e9tro-cool: La Kermesse \u00e0 Nice et La Seyne<\/p>\n<p>C\u2019est ce qu\u2019on appelle une ascension fulgurante. Lanc\u00e9 en 2022 au th\u00e9\u00e2tre de verdure de Nice, <b>La Kermesse festival<\/b> affiche complet \u00e0 chaque \u00e9dition depuis. \u00c0 La Seyne-sur-Mer, dans la plus vaste enceinte du parc de la Navale, le succ\u00e8s est exponentiel: 5.000 spectateurs par soir pour d\u00e9marrer en 2023, 10.000 en 2024 et sans doute 20.000 pour ce nouveau mill\u00e9sime. Le Ni\u00e7ois Jordan Galtier et le Toulonnais Pierre Abbate, associ\u00e9s au sein de Chafadou productions, ont trouv\u00e9 la formule magique avec leurs plateaux rassemblant des artistes ayant sign\u00e9 des hits inoubliables dans les ann\u00e9es 1990-2000, dans une atmosph\u00e8re d\u00e9contract\u00e9e et d\u00e9licieusement r\u00e9gressive.<\/p>\n<p>La Kermesse passera d\u2019abord par Nice, du 4 au 6 juillet, avant de faire \u00e9tape \u00e0 La Seyne du 1er au 3 ao\u00fbt (et de gagner Toulouse mi-ao\u00fbt \u00e9galement). Au programme: <b>Fatal Bazooka<\/b>, <b>Shy\u2019m<\/b>, <b>Nuttea<\/b>, <b>Zaho<\/b>, <b>Oph\u00e9lie Winter<\/b>, <b>Kamini<\/b>, <b>Willy Denzey<\/b> ou encore <b>Helmut Fritz<\/b>, <b>K. Maro<\/b>, <b>Amine<\/b> et les <b>L5<\/b>. \u00ab\u00a0On a tout de suite voulu cr\u00e9er une ambiance familiale et une proximit\u00e9 avec le public. On propose un vrai spectacle, bien s\u00fbr. Mais on a envie de rester dans l\u2019esprit d\u2019une kermesse, avec des animations, un animateur que les gens adorent ou avec des pom-pom girls qui ne sont pas pros mais mettent une \u00e9nergie folle\u00a0\u00bb, glisse Jordan Galtier.<\/p>\n<p>              <img ci-src=\"https:\/\/www.monacomatin.mc\/concerts\/protec\/DATA_ART_15823063-X1i46yZ5.jpg?vh=1223ad&amp;ci_seal=6e5674cf31\" alt=\"\"\/><br \/>\n        Tr\u00e8s en vue, la Ni\u00e7oise Santa passera par le Festival du Ch\u00e2teau de Solli\u00e8s-Pont le 18 juillet, puis le Nice jazz fest le 27 juillet. Dr <\/p>\n<p>                                Les plus historiques: Nice jazz fest et Jazz \u00e0 Juan<\/p>\n<p>Leur image est indissociable de celle de la C\u00f4te d\u2019Azur et ils occupent une place \u00e0 part dans le paysage. En un mot comme en cent, ce sont des monuments. D\u2019un c\u00f4t\u00e9, le Nice jazz fest (et plus Nice jazz festival, depuis l\u2019an dernier) prolongement de l\u2019\u00e9v\u00e9nement fondateur lanc\u00e9 en f\u00e9vrier 1948, \u00e0 l\u2019op\u00e9ra, avec Louis Armstrong, Django Reinhardt ou Claude Luther. De l\u2019autre, Jazz \u00e0 Juan, son \u00e9crin de la pin\u00e8de Gould avec la M\u00e9diterran\u00e9e en guise de fond de sc\u00e8ne, o\u00f9 John Coltrane, Ray Charles, Ella Fitzgerald ou Keith Jarrett ont fa\u00e7onn\u00e9 leur l\u00e9gende.<\/p>\n<p>Le premier \u00e0 entrer en piste, ce sera <b>Juan<\/b>, du 10 au 20 juillet. L\u2019objectif du trio de programmateurs (Pascal Pilorget, Reno di Matteo et Jean-No\u00ebl Ginibre): \u00ab\u00a0respecter l\u2019ADN du festival, tout en osant des ponts\u00a0\u00bb, comme le r\u00e9sumait Pascal Pilorget en conf\u00e9rence de presse.<\/p>\n<p>\u00c7a donne une affiche o\u00f9 l\u2019un des g\u00e9ants historiques de la note bleue, Herbie Hancock, croise aussi bien <b>Gregory Porter<\/b>, <b>Jamie Cullum<\/b>, <b>Dianne Reeves<\/b> ou <b>Ibrahim Maalouf<\/b>, aussi bien que le guitariste <b>Robert Plant<\/b>, le chanteur <b>Ben Harper<\/b>, le duo French touch <b>Air, <\/b>le trio \u00e9lectro-swing<b> Caravan Palace<\/b> ou le tr\u00e8s funky <b>Dabeull<\/b>. Le tout en laissant de la place \u00e0 des figures \u00e9mergentes comme <b>Sophye Soliveau<\/b> et <b>Marion Rampal<\/b>.<\/p>\n<p>Du c\u00f4t\u00e9 du Nice jazz fest, avec 28 concerts entre le 24 et le 27 juillet, on a mis le paquet, avec un cr\u00e9neau de plus chaque soir au th\u00e9\u00e2tre de verdure pour mettre en lumi\u00e8re les valeurs montantes du jazz (<b>Daoud<\/b>, <b>Tyreek McDole<\/b>, <b>Ekep Nkwelle<\/b>, <b>Nubya Garcia<\/b>\u2026). \u00ab\u00a0C\u2019est aussi notre r\u00f4le de leur offrir cette exposition, de cr\u00e9er ces liens avec eux. On ne regarde pas leur notori\u00e9t\u00e9, on se base juste sur la qualit\u00e9 et la cr\u00e9ativit\u00e9 de leur musique\u00a0\u00bb, estime S\u00e9bastien Vidal, le directeur artistique du festival. Cette nouvelle vague ouvrira ainsi la voie \u00e0 de grands noms (<b>John Scofield<\/b>, <b>Christian McBride<\/b>, <b>The Cookers<\/b>, <b>Avishai Cohen<\/b> ou la formation \u00e9ph\u00e9m\u00e8re mont\u00e9e pour le show Jazz celebration avec <b>Hugh Coltman<\/b>, <b>Robin McKelle<\/b>, <b>China Moses\u2026<\/b>).<\/p>\n<p>Sur sa sc\u00e8ne principale, c\u00f4t\u00e9 Mass\u00e9na, le NJF d\u00e9borde du cadre avec les brillantes chanteuses anglaises <b>Raye<\/b> et <b>Jorja Smith<\/b>, le duo \u00e9lectro <b>Polo &amp; Pan,<\/b> le collectif <b>Lamomali <\/b>emmen\u00e9 par Matthieu Chedid et Fatoumata Diawara, la Ni\u00e7oise <b>Santa<\/b>, les rockeurs-po\u00e8tes <b>Feu! Chatterton<\/b> ou encore le producteur hip-hop US<b> Mustard<\/b>.<\/p>\n<p>              <img ci-src=\"https:\/\/www.monacomatin.mc\/concerts\/protec\/DATA_ART_15823061-CchnHhTx.jpg?vh=6e11ca&amp;ci_seal=3ffe8f0438\" alt=\"\"\/><br \/>\n        Le guitariste Carlos Santana jouera au prestigieux Monte-Carlo Summer Festival, le 23 juillet. Photo alfredo estrella\/AFP <\/p>\n<p>                                Le plus champ\u00eatre: Le Mas des Escaravatiers \u00e0 Puget-sur-Argens<\/p>\n<p>Une vieille b\u00e2tisse proven\u00e7ale avec piscine, pos\u00e9e au milieu des vignes, des artistes re\u00e7us comme s\u2019ils \u00e9taient en goguette dans la famille et des affiches qui feraient saliver plus d\u2019un grand festival. Le Mas des Escaravatiers atteint sa 23e \u00e9dition et ne perd rien de son charme atypique. Lanc\u00e9 d\u00e9but juin par J\u00e9r\u00e9my Fr\u00e9rot, le \u00ab\u00a0menu\u00a0\u00bb couvrira tout l\u2019\u00e9t\u00e9, jusqu\u2019au 28 ao\u00fbt. D\u2019ici l\u00e0, on verra d\u00e9filer <b>Synapson<\/b>, <b>Keziah Jones<\/b>, <b>Tiken Jah Fakoly<\/b>, <b>Lucky Love<\/b>, <b>Kimberose<\/b>, <b>le Saian Supa C\u00e9l\u00e9bration<\/b>, <b>V\u00e9ronique Sanson<\/b>, <b>Kompromat<\/b> ou encore <b>Biga Ranx<\/b>, <b>L\u2019Entourloop<\/b> et <b>Bon Entendeur<\/b>.<\/p>\n<p>Le plus \u00e9clectique: Le Son by Toulon<\/p>\n<p>Quel est donc le point commun entre <b>Michel Polnareff<\/b>, <b>Gims<\/b>, <b>Lamomali<\/b>, <b>Ibrahim Maalouf<\/b>, <b>Simple Minds<\/b>, <b>Nada Surf<\/b>, <b>Sofiane Pamart<\/b> et <b>Ferdi <\/b>? R\u00e9ponse: ils seront tous attendus au Son by Toulon, lors de cinq soir\u00e9es planifi\u00e9es entre le 12 et le 25 juillet. Lanc\u00e9 l\u2019an dernier sur le parvis du Z\u00e9nith, ce festival a les atouts pour r\u00e9unir un large public, issu de diff\u00e9rentes g\u00e9n\u00e9rations. Comme il l\u2019avait affirm\u00e9 dans nos colonnes, Robert Algucci, le directeur de l\u2019\u00e9v\u00e9nement, compte encore am\u00e9liorer l\u2019accueil du public lors de cette deuxi\u00e8me \u00e9dition.<\/p>\n<p>              <img ci-src=\"https:\/\/www.monacomatin.mc\/concerts\/protec\/DATA_ART_15823060-FHpyCRmv.jpg?vh=cb49d7&amp;ci_seal=c55f17f256\" alt=\"\"\/><br \/>\n        Apr\u00e8s Marseille d\u00e9but juin, Michel Polnareff passera par Toulon, le 12 juillet, puis Sainte-Maxime, le 17 juillet.&#13;<br \/>\nPhoto val\u00e9rie le parc <\/p>\n<p>                                Le plus voyageur: Les Nuits du Sud \u00e0 Vence<\/p>\n<p>Tout en alignant des valeurs s\u00fbres fran\u00e7aises (<b>IAM<\/b>, <b>The Avener<\/b>, <b>Chinese Man<\/b>, <b>les N\u00e8g\u2019 Marrons <\/b>ou<b> Olivia Ruiz<\/b>) du 10 au 19 juillet, les Nuits du Sud nous ferons voyager dans de nombreux pays. La Jama\u00efque, avec le reggae des <b>Gladiators<\/b> et des <b>Congos<\/b>, le S\u00e9n\u00e9gal avec <b>Faada Freddy<\/b> et ses musiciens utilisent leurs corps comme instruments, le Br\u00e9sil avec l\u2019audacieux trio <b>PPJ <\/b>ou encore l\u2019\u00c9thiopie avec le duo <b>Kutu<\/b>. Sans oublier la Franco-Camerounaise <b>Sandra Nkak\u00e9<\/b>, impressionnante en live.<\/p>\n<p>Jazz \u00e0 Toulon et Plage de Rock: gratuits et de haut vol!<\/p>\n<p>Courir les festivals, ok. Mais sans d\u00e9lier les cordons de sa bourse, c\u2019est encore mieux. Surtout quand le \u00ab\u00a0cadeau\u00a0\u00bb a de l\u2019allure. Du 26 juillet au 8 ao\u00fbt, Jazz \u00e0 Toulon se posera dans sept lieux populaires de la ville avec des artistes de renom. <b>Bir\u00e9li Lagr\u00e8ne<\/b> lancera la 35e \u00e9dition, <b>The Amazing Keystone big band<\/b> la refermera. Et entre-temps, <b>Roberto Fonseca<\/b>, <b>Tyreek McDole<\/b>, <b>Carmen Souza<\/b>, <b>Joshua Redman<\/b>, <b>Elie Portal<\/b>, le <b>Cuban Jazz Syndicate Eric Serra<\/b> et <b>Avishai Cohen<\/b> (le trompettiste, homonyme du plus c\u00e9l\u00e8bre contrebassiste). De quoi rassembler largement.<\/p>\n<p>Du c\u00f4t\u00e9 des Prairies de la mer, \u00e0 Port-Grimaud, cinq belles soir\u00e9es attendent les amateurs de musique indie avec Plage de rock, entre le 9 et le 31 juillet. L\u00e0 encore, gratuit\u00e9 rimera avec qualit\u00e9. En ouverture, on retrouvera par exemple <b>Future Islands<\/b>, formation synthpop r\u00e9put\u00e9e venue de Baltimore. Viendront ensuite leurs compatriotes <b>BLK Odyssy<\/b> et les <b>Lemon Twigs<\/b>, sans oublier la songwriter australienne <b>Merrynn<\/b> <b>Jeann<\/b>.<\/p>\n<p>Le Monte-Carlo Summer festival, pour r\u00eaver\u2026<\/p>\n<p>Changement de d\u00e9cor cette fois. Direction Monaco, le Sporting et sa mythique salle des \u00e9toiles, En version \u00ab\u00a0classique\u00a0\u00bb ou avec un d\u00eener de prestige, tout cela a un co\u00fbt\u2026 mon\u00e9gasque, hors de port\u00e9e pour la plupart d\u2019entre nous (\u00e0 partir de 120 \u00e0 490 euros selon les dates).<\/p>\n<p>Mais il est toujours permis de r\u00eaver, ou de faire une folie pour assister \u00e0 un de ces concerts hors norme. Lanc\u00e9 \u00ab\u00a0modestement\u00a0\u00bb par les <b>Goldmen<\/b> le 5 juillet, le programme s\u2019emballera ensuite jusqu\u2019au 15 ao\u00fbt, avec la star du moment, <b>Benson Boone<\/b>, le guitar hero <b>Santana<\/b>, le DJ allemand <b>Paul Kalkbrenner<\/b>, <b>Scorpions<\/b>, <b>Will Smith<\/b> ou encore <b>Kool &amp; The Gang<\/b>. <b>Billy Idol<\/b>, lui, ravira les h\u00f4tes du Gala de la Croix-Rouge, le 12 juillet.<\/p>\n<p>              <img ci-src=\"https:\/\/www.monacomatin.mc\/concerts\/protec\/DATA_ART_15823042-A05yH38Y.jpg?vh=d5e656&amp;ci_seal=a43d24a1dd\" alt=\"\"\/><\/p>\n<p>                                \u00c0 Fr\u00e9jus, triple dose d\u2019\u00e9lectro<\/p>\n<p>\u00c0 la base Nature de Fr\u00e9jus, \u00e7a va danser. Encore et encore, pendant tout l\u2019\u00e9t\u00e9, puisque le site accueillera trois \u00e9v\u00e9nements d\u2019envergure,<\/p>\n<p>Le premier rendez-vous pr\u00e9vu sera aussi le plus ancien. Le <b>Summer Vibes<\/b> proposera sa 9e \u00e9dition les 18 et 19 juillet, avec du costaud derri\u00e8re les platines. <b>Steve Angello, <\/b>ancien membre de la Swedish House Mafia, sera de la partie. Tout comme l\u2019Allemand <b>Claptone<\/b>, avec son masque au long bec, l\u2018incontournable <b>Mosimann<\/b>, aux fortes attaches varoises, ou encore le Biotois <b>Feder, <\/b>les Suisses <b>Mont Rouge<\/b> et <b>Boombass<\/b> qui prolonge l\u2018histoire de <b>Cassius<\/b>.<\/p>\n<p>Le week-end suivant, les 25 et 26 juillet, place \u00e0 une nouveaut\u00e9 nomm\u00e9e <b>Madame Loyal.<\/b> Une v\u00e9ritable f\u00eate foraine avec des attractions, acrobates jongleurs et pyrotechnie d\u00e9j\u00e0 implant\u00e9e \u00e0 Bordeaux, Paris ou Lille. \u00c0 Fr\u00e9jus, une belle escouade a \u00e9t\u00e9 d\u00e9p\u00each\u00e9e, avec <b>Vladimir Cauchemar<\/b>, <b>Etienne de Cr\u00e9cy<\/b>, <b>Kavinsky<\/b>, <b>Joachim Pastor<\/b>, <b>Ir\u00e8ne Dresel<\/b> ou les <b>Bloody Beetroots<\/b>. Les 1er et 2 ao\u00fbt, le <b>Zamna C\u00f4te d\u2019Azur, <\/b>d\u00e9clinaison sudiste d\u2019un immense festival mexicain port\u00e9 sur la tech-house et la techno m\u00e9lodique,<b> <\/b>vivra sa deuxi\u00e8me \u00e9dition. <b>Anyma<\/b>, <b>Agents of Time<\/b>, <b>Mind Against<\/b>, <b>Gordo<\/b>, <b>Artbat<\/b>, <b>Korolova <\/b>et<b> Rivo<\/b> seront notamment pr\u00e9sents sur une sc\u00e8ne faisant la part belle aux animations visuelles.<\/p>\n","protected":false},"excerpt":{"rendered":"En 2025, notre territoire n\u2019aurapas droit \u00e0 son grand concert en stade. Pas de successeur \u00e0 The Weeknd&hellip;\n","protected":false},"author":2,"featured_media":221682,"comment_status":"","ping_status":"","sticky":false,"template":"","format":"standard","meta":{"footnotes":""},"categories":[9619],"tags":[1111,11,4156,251,1777,674,1011,27,12,882,25,2310],"class_list":{"0":"post-221681","1":"post","2":"type-post","3":"status-publish","4":"format-standard","5":"has-post-thumbnail","7":"category-toulon","8":"tag-actu","9":"tag-actualites","10":"tag-concerts","11":"tag-culture","12":"tag-eu","13":"tag-europe","14":"tag-fr","15":"tag-france","16":"tag-news","17":"tag-provence-alpes-cote-dazur","18":"tag-republique-francaise","19":"tag-toulon"},"share_on_mastodon":{"url":"https:\/\/pubeurope.com\/@fr\/114785936208091523","error":""},"_links":{"self":[{"href":"https:\/\/www.europesays.com\/fr\/wp-json\/wp\/v2\/posts\/221681","targetHints":{"allow":["GET"]}}],"collection":[{"href":"https:\/\/www.europesays.com\/fr\/wp-json\/wp\/v2\/posts"}],"about":[{"href":"https:\/\/www.europesays.com\/fr\/wp-json\/wp\/v2\/types\/post"}],"author":[{"embeddable":true,"href":"https:\/\/www.europesays.com\/fr\/wp-json\/wp\/v2\/users\/2"}],"replies":[{"embeddable":true,"href":"https:\/\/www.europesays.com\/fr\/wp-json\/wp\/v2\/comments?post=221681"}],"version-history":[{"count":0,"href":"https:\/\/www.europesays.com\/fr\/wp-json\/wp\/v2\/posts\/221681\/revisions"}],"wp:featuredmedia":[{"embeddable":true,"href":"https:\/\/www.europesays.com\/fr\/wp-json\/wp\/v2\/media\/221682"}],"wp:attachment":[{"href":"https:\/\/www.europesays.com\/fr\/wp-json\/wp\/v2\/media?parent=221681"}],"wp:term":[{"taxonomy":"category","embeddable":true,"href":"https:\/\/www.europesays.com\/fr\/wp-json\/wp\/v2\/categories?post=221681"},{"taxonomy":"post_tag","embeddable":true,"href":"https:\/\/www.europesays.com\/fr\/wp-json\/wp\/v2\/tags?post=221681"}],"curies":[{"name":"wp","href":"https:\/\/api.w.org\/{rel}","templated":true}]}}