{"id":221687,"date":"2025-07-02T22:14:25","date_gmt":"2025-07-02T22:14:25","guid":{"rendered":"https:\/\/www.europesays.com\/fr\/221687\/"},"modified":"2025-07-02T22:14:25","modified_gmt":"2025-07-02T22:14:25","slug":"une-tentative-devasion-dejouee-a-la-maison-darret","status":"publish","type":"post","link":"https:\/\/www.europesays.com\/fr\/221687\/","title":{"rendered":"une tentative d\u2019\u00e9vasion d\u00e9jou\u00e9e \u00e0 la maison d\u2019arr\u00eat"},"content":{"rendered":"\n<p data-start=\"206\" data-end=\"790\">Le syndicat <strong data-start=\"218\" data-end=\"244\">Force Ouvri\u00e8re Justice<\/strong> de la maison d\u2019arr\u00eat de Rouen a annonc\u00e9 <strong>la mise en \u00e9chec d&rsquo;une tentative d\u2019\u00e9vasion, en pleine nuit, entre ces dimanche 29 et lundi 30 juin<\/strong>. Selon le communiqu\u00e9 du syndicat, un surveillant en poste dans un mirador a entendu des bruits suspects et a alert\u00e9 ses coll\u00e8gues \u00e0 l\u2019int\u00e9rieur de la prison Bonne-Nouvelle. Une \u00e9quipe de gardiens a alors surpris <strong data-start=\"588\" data-end=\"607\">trois cod\u00e9tenus<\/strong> en train de pr\u00e9parer une \u00e9vasion depuis leur cellule. L\u2019un d\u2019eux, muni d\u2019un \u00ab\u00a0pied de chaise\u00a0\u00bb, <strong>\u00e9tait en train de frapper violemment le mur ext\u00e9rieur afin de cr\u00e9er une ouverture<\/strong>.<\/p>\n<p><strong data-start=\"797\" data-end=\"833\">Plac\u00e9s en quartier disciplinaire<\/strong><\/p>\n<p data-start=\"835\" data-end=\"1293\">Les agents p\u00e9nitentiaires ont mis fin au projet en intervenant dans la cellule en <strong data-start=\"917\" data-end=\"941\">tenue d\u2019intervention<\/strong>, c\u2019est-\u00e0-dire \u00e9quip\u00e9s de protections suppl\u00e9mentaires et d\u2019armes de type matraque pour assurer leur s\u00e9curit\u00e9. Les trois d\u00e9tenus ont \u00e9t\u00e9 arr\u00eat\u00e9s et plac\u00e9s en <strong data-start=\"1098\" data-end=\"1124\">quartier disciplinaire<\/strong>, \u00e0 l\u2019isolement. Le syndicat Force Ouvri\u00e8re a <strong>salu\u00e9 le \u00ab\u00a0savoir-faire\u00a0\u00bb\u00a0de l\u2019ensemble des agents ayant particip\u00e9 \u00e0 la r\u00e9solution de cette situation critique<\/strong>.<\/p>\n","protected":false},"excerpt":{"rendered":"Le syndicat Force Ouvri\u00e8re Justice de la maison d\u2019arr\u00eat de Rouen a annonc\u00e9 la mise en \u00e9chec d&rsquo;une&hellip;\n","protected":false},"author":2,"featured_media":221688,"comment_status":"","ping_status":"","sticky":false,"template":"","format":"standard","meta":{"footnotes":""},"categories":[9587],"tags":[1111,11,36060,4946,36059,6492,1777,674,3727,1011,27,303,9804,12,5161,1072,806,25,9590,656,808],"class_list":{"0":"post-221687","1":"post","2":"type-post","3":"status-publish","4":"format-standard","5":"has-post-thumbnail","7":"category-rouen","8":"tag-actu","9":"tag-actualites","10":"tag-administration-penitentiaire","11":"tag-amnesty-international","12":"tag-bonne-nouvelle","13":"tag-droits-de-lhomme","14":"tag-eu","15":"tag-europe","16":"tag-evasion","17":"tag-fr","18":"tag-france","19":"tag-justice","20":"tag-maison-darret","21":"tag-news","22":"tag-normandie","23":"tag-police","24":"tag-prison","25":"tag-republique-francaise","26":"tag-rouen","27":"tag-securite","28":"tag-surveillants"},"share_on_mastodon":{"url":"https:\/\/pubeurope.com\/@fr\/114785947722296911","error":""},"_links":{"self":[{"href":"https:\/\/www.europesays.com\/fr\/wp-json\/wp\/v2\/posts\/221687","targetHints":{"allow":["GET"]}}],"collection":[{"href":"https:\/\/www.europesays.com\/fr\/wp-json\/wp\/v2\/posts"}],"about":[{"href":"https:\/\/www.europesays.com\/fr\/wp-json\/wp\/v2\/types\/post"}],"author":[{"embeddable":true,"href":"https:\/\/www.europesays.com\/fr\/wp-json\/wp\/v2\/users\/2"}],"replies":[{"embeddable":true,"href":"https:\/\/www.europesays.com\/fr\/wp-json\/wp\/v2\/comments?post=221687"}],"version-history":[{"count":0,"href":"https:\/\/www.europesays.com\/fr\/wp-json\/wp\/v2\/posts\/221687\/revisions"}],"wp:featuredmedia":[{"embeddable":true,"href":"https:\/\/www.europesays.com\/fr\/wp-json\/wp\/v2\/media\/221688"}],"wp:attachment":[{"href":"https:\/\/www.europesays.com\/fr\/wp-json\/wp\/v2\/media?parent=221687"}],"wp:term":[{"taxonomy":"category","embeddable":true,"href":"https:\/\/www.europesays.com\/fr\/wp-json\/wp\/v2\/categories?post=221687"},{"taxonomy":"post_tag","embeddable":true,"href":"https:\/\/www.europesays.com\/fr\/wp-json\/wp\/v2\/tags?post=221687"}],"curies":[{"name":"wp","href":"https:\/\/api.w.org\/{rel}","templated":true}]}}