{"id":221696,"date":"2025-07-02T22:21:17","date_gmt":"2025-07-02T22:21:17","guid":{"rendered":"https:\/\/www.europesays.com\/fr\/221696\/"},"modified":"2025-07-02T22:21:17","modified_gmt":"2025-07-02T22:21:17","slug":"un-mois-de-voyage-incroyable-illustre-en-68-photos","status":"publish","type":"post","link":"https:\/\/www.europesays.com\/fr\/221696\/","title":{"rendered":"un mois de voyage incroyable illustr\u00e9 en 68 photos"},"content":{"rendered":"<p><strong>De Tokyo \u00e0 Osaka, en passant par Kamakura, le mont Fuji, Hiroshima ou encore Kyoto : le Japon est un pays aux mille nuances, o\u00f9 chaque d\u00e9tail semble charg\u00e9 de sens. Ce voyage, on l\u2019a v\u00e9cu les yeux grands ouverts, pour vous raconter en 68 photos un mois suspendu dans le temps, entre tradition et modernit\u00e9. Et promis, l\u2019Alsace n\u2019est jamais loin.\u00a0<\/strong><\/p>\n<p>Dans la vie,<strong> il y a des voyages qui marquent plus que d\u2019autres.<\/strong> Pas seulement parce qu\u2019ils sont d\u00e9paysants, mais parce qu\u2019ils cr\u00e9ent quelque chose en nous. <strong>Le Japon en fait partie.<\/strong><\/p>\n<p>Pendant un mois, <strong>on a travers\u00e9 des villes tentaculaires et des temples fig\u00e9s dans le temps,<\/strong> avec un objectif : comprendre un peu plus ce pays fascinant.<\/p>\n<p>    <img width=\"800\" height=\"533\" src=\"https:\/\/www.europesays.com\/fr\/wp-content\/uploads\/2025\/07\/nikko-1-800x533.jpg\" class=\"attachment-image-size-L size-image-size-L\" alt=\"JAPON\" decoding=\"async\" loading=\"lazy\"  \/>         Le Shinkansen, le \u00ab TGV japonais \u00bb. \u00a9 Anthony Jilli \/ Pokaa <\/p>\n<p>Ces photos ne forment pas un guide de voyage, mais <strong>elles sont comme des souvenirs \u00e0 piocher dans une bo\u00eete.<\/strong> Des instants vol\u00e9s, des paysages, des hommes et des femmes qui racontent, \u00e0 leur mani\u00e8re, ce que les mots seuls ne pourraient pas dire.<\/p>\n<p><strong>Alors bon voyage !<\/strong><\/p>\n<p>Tokyo : des temples et de grands gratte-ciels<\/p>\n<p>Un tourbillon silencieux,<strong> une ville-monde qui d\u00e9borde sans jamais prendre de pause.<\/strong> \u00c0 chaque coin de rue, un contraste : une all\u00e9e minuscule bord\u00e9e de lanternes c\u00f4toie un immeuble de 50 \u00e9tages.<\/p>\n<p>\u00c7a y est, apr\u00e8s des mois d\u2019attente, <strong>notre p\u00e9riple commence autour d\u2019un bol de ramen \u00e0 Tokyo, la capitale. <\/strong>Et m\u00eame \u00e0 l\u2019autre bout du monde, <strong>la F\u00eate de la bi\u00e8re d\u00e9ploie ses rires et chants, comme un souffle venu d\u2019Alsace et d\u2019Allemagne <\/strong>port\u00e9 par le vent.<\/p>\n<p>                <img width=\"333\" height=\"500\" src=\"https:\/\/www.europesays.com\/fr\/wp-content\/uploads\/2025\/07\/tokyo-7-333x500.jpg\" class=\"attachment-gallery size-gallery\" alt=\"TOKYO JAPON\" data-full-url=\"https:\/\/pokaa.fr\/wp-content\/uploads\/2025\/06\/26\/tokyo-7.jpg\" decoding=\"async\" loading=\"lazy\"  \/>            <\/p>\n<p>                <img width=\"333\" height=\"500\" src=\"https:\/\/www.europesays.com\/fr\/wp-content\/uploads\/2025\/07\/tokyo-3-333x500.jpg\" class=\"attachment-gallery size-gallery\" alt=\"TOKYO JAPON\" data-full-url=\"https:\/\/pokaa.fr\/wp-content\/uploads\/2025\/06\/26\/tokyo-3.jpg\" decoding=\"async\" loading=\"lazy\"  \/>            <\/p>\n<p>                    \u00a9 Anthony Jilli \/ Pokaa<\/p>\n<p>                <img width=\"750\" height=\"500\" src=\"https:\/\/www.europesays.com\/fr\/wp-content\/uploads\/2025\/07\/tokyo-15-750x500.jpg\" class=\"attachment-gallery size-gallery\" alt=\"TOKYO JAPON\" data-full-url=\"https:\/\/pokaa.fr\/wp-content\/uploads\/2025\/06\/26\/tokyo-15.jpg\" decoding=\"async\" loading=\"lazy\"  \/>            <\/p>\n<p>                <img width=\"750\" height=\"500\" src=\"https:\/\/www.europesays.com\/fr\/wp-content\/uploads\/2025\/07\/tokyo-14-750x500.jpg\" class=\"attachment-gallery size-gallery\" alt=\"TOKYO JAPON\" data-full-url=\"https:\/\/pokaa.fr\/wp-content\/uploads\/2025\/06\/26\/tokyo-14.jpg\" decoding=\"async\" loading=\"lazy\"  \/>            <\/p>\n<p>                <img width=\"667\" height=\"500\" src=\"https:\/\/www.europesays.com\/fr\/wp-content\/uploads\/2025\/07\/tokyo-20-667x500.jpeg\" class=\"attachment-gallery size-gallery\" alt=\"TOKYO JAPON\" data-full-url=\"https:\/\/pokaa.fr\/wp-content\/uploads\/2025\/06\/26\/tokyo-20.jpeg\" decoding=\"async\" loading=\"lazy\"  \/>            <\/p>\n<p>                    \u00a9 Anthony Jilli \/ Pokaa<\/p>\n<p>                <img width=\"750\" height=\"500\" src=\"https:\/\/www.europesays.com\/fr\/wp-content\/uploads\/2025\/07\/tokyo-5-750x500.jpg\" class=\"attachment-gallery size-gallery\" alt=\"TOKYO JAPON\" data-full-url=\"https:\/\/pokaa.fr\/wp-content\/uploads\/2025\/06\/26\/tokyo-5.jpg\" decoding=\"async\" loading=\"lazy\"  \/>            <\/p>\n<p>                <img width=\"334\" height=\"500\" src=\"https:\/\/www.europesays.com\/fr\/wp-content\/uploads\/2025\/07\/tokyo-1-334x500.jpg\" class=\"attachment-gallery size-gallery\" alt=\"TOKYO JAPON SALAM\u00c8CHE\" data-full-url=\"https:\/\/pokaa.fr\/wp-content\/uploads\/2025\/06\/26\/tokyo-1.jpg\" decoding=\"async\" loading=\"lazy\"  \/>            <\/p>\n<p>                <img width=\"333\" height=\"500\" src=\"https:\/\/www.europesays.com\/fr\/wp-content\/uploads\/2025\/07\/tokyo-16-333x500.jpg\" class=\"attachment-gallery size-gallery\" alt=\"TOKYO JAPON GODZILLA\" data-full-url=\"https:\/\/pokaa.fr\/wp-content\/uploads\/2025\/06\/26\/tokyo-16.jpg\" decoding=\"async\" loading=\"lazy\"  \/>            <\/p>\n<p>                <img width=\"750\" height=\"500\" src=\"https:\/\/www.europesays.com\/fr\/wp-content\/uploads\/2025\/07\/tokyo-4-750x500.jpg\" class=\"attachment-gallery size-gallery\" alt=\"TOKYO JAPON\" data-full-url=\"https:\/\/pokaa.fr\/wp-content\/uploads\/2025\/06\/26\/tokyo-4.jpg\" decoding=\"async\" loading=\"lazy\"  \/>            <\/p>\n<p>                    \u00a9 Anthony Jilli \/ Pokaa<\/p>\n<p>    <img width=\"1200\" height=\"800\" src=\"https:\/\/www.europesays.com\/fr\/wp-content\/uploads\/2025\/07\/tokyo-9-1200x800.jpg\" class=\"attachment-image-size-XL size-image-size-XL\" alt=\"TOKYO JAPON\" decoding=\"async\" loading=\"lazy\"  \/>         \u00a9 Anthony Jilli \/ Pokaa <\/p>\n<p>                <img width=\"333\" height=\"500\" src=\"https:\/\/www.europesays.com\/fr\/wp-content\/uploads\/2025\/07\/tokyo-6-333x500.jpg\" class=\"attachment-gallery size-gallery\" alt=\"TOKYO JAPON\" data-full-url=\"https:\/\/pokaa.fr\/wp-content\/uploads\/2025\/06\/26\/tokyo-6.jpg\" decoding=\"async\" loading=\"lazy\"  \/>            <\/p>\n<p>                <img width=\"750\" height=\"500\" src=\"https:\/\/www.europesays.com\/fr\/wp-content\/uploads\/2025\/07\/tokyo-19-750x500.jpg\" class=\"attachment-gallery size-gallery\" alt=\"TOKYO JAPON\" data-full-url=\"https:\/\/pokaa.fr\/wp-content\/uploads\/2025\/06\/26\/tokyo-19.jpg\" decoding=\"async\" loading=\"lazy\"  \/>            <\/p>\n<p>                <img width=\"750\" height=\"500\" src=\"https:\/\/www.europesays.com\/fr\/wp-content\/uploads\/2025\/07\/tokyo-12-750x500.jpg\" class=\"attachment-gallery size-gallery\" alt=\"TOKYO JAPON\" data-full-url=\"https:\/\/pokaa.fr\/wp-content\/uploads\/2025\/06\/26\/tokyo-12.jpg\" decoding=\"async\" loading=\"lazy\"  \/>            <\/p>\n<p>                    \u00a9 Anthony Jilli \/ Pokaa<\/p>\n<p>                <img width=\"375\" height=\"500\" src=\"https:\/\/www.europesays.com\/fr\/wp-content\/uploads\/2025\/07\/tokyo-21-375x500.jpg\" class=\"attachment-gallery size-gallery\" alt=\"TOKYO JAPON\" data-full-url=\"https:\/\/pokaa.fr\/wp-content\/uploads\/2025\/06\/26\/tokyo-21.jpg\" decoding=\"async\" loading=\"lazy\"  \/>            <\/p>\n<p>                <img width=\"748\" height=\"500\" src=\"https:\/\/www.europesays.com\/fr\/wp-content\/uploads\/2025\/07\/tokyo-2-748x500.jpg\" class=\"attachment-gallery size-gallery\" alt=\"TOKYO JAPON\" data-full-url=\"https:\/\/pokaa.fr\/wp-content\/uploads\/2025\/06\/26\/tokyo-2.jpg\" decoding=\"async\" loading=\"lazy\"  \/>            <\/p>\n<p>                    \u00a9 Anthony Jilli \/ Pokaa<\/p>\n<p>Nikko et Kamakura : de la for\u00eat \u00e0 la plage<\/p>\n<p>\u00c0 Nikko, le monde ralentit. <strong>Ici, les arbres parlent plus fort que les habitant(e)s, les temples se cachent un peu mais gardent leurs portes grandes ouvertes.<\/strong> Il y a de l\u2019or, du rouge, du vert partout.<\/p>\n<p>Chaque pierre, chaque torii, chaque escalier raide semble dire : \u00ab Prends ton temps. \u00bb Dans la for\u00eat, il faut tendre l\u2019oreille : <strong>on y entend le souffle discret des dragons sculpt\u00e9s.<\/strong><\/p>\n<p>                <img width=\"375\" height=\"500\" src=\"https:\/\/www.europesays.com\/fr\/wp-content\/uploads\/2025\/07\/nikko-0-375x500.jpg\" class=\"attachment-gallery size-gallery\" alt=\"NIKKO JAPON\" data-full-url=\"https:\/\/pokaa.fr\/wp-content\/uploads\/2025\/06\/26\/nikko-0.jpg\" decoding=\"async\" loading=\"lazy\"  \/>            <\/p>\n<p>                <img width=\"750\" height=\"500\" src=\"https:\/\/www.europesays.com\/fr\/wp-content\/uploads\/2025\/07\/nikko-2-750x500.jpg\" class=\"attachment-gallery size-gallery\" alt=\"NIKKO JAPON\" data-full-url=\"https:\/\/pokaa.fr\/wp-content\/uploads\/2025\/06\/26\/nikko-2.jpg\" decoding=\"async\" loading=\"lazy\"  \/>            <\/p>\n<p>                    \u00a9 Anthony Jilli \/ Pokaa<\/p>\n<p>    <img width=\"800\" height=\"533\" src=\"https:\/\/www.europesays.com\/fr\/wp-content\/uploads\/2025\/07\/nikko-11-800x533.jpg\" class=\"attachment-image-size-L size-image-size-L\" alt=\"NIKKO JAPON\" decoding=\"async\" loading=\"lazy\"  \/>         \u00a9 Anthony Jilli \/ Pokaa <\/p>\n<p>                <img width=\"333\" height=\"500\" src=\"https:\/\/www.europesays.com\/fr\/wp-content\/uploads\/2025\/07\/nikko-8-333x500.jpg\" class=\"attachment-gallery size-gallery\" alt=\"NIKKO JAPON\" data-full-url=\"https:\/\/pokaa.fr\/wp-content\/uploads\/2025\/06\/26\/nikko-8.jpg\" decoding=\"async\" loading=\"lazy\"  \/>            <\/p>\n<p>                <img width=\"750\" height=\"500\" src=\"https:\/\/www.europesays.com\/fr\/wp-content\/uploads\/2025\/07\/nikko-9-750x500.jpg\" class=\"attachment-gallery size-gallery\" alt=\"NIKKO JAPON\" data-full-url=\"https:\/\/pokaa.fr\/wp-content\/uploads\/2025\/06\/26\/nikko-9.jpg\" decoding=\"async\" loading=\"lazy\"  \/>            <\/p>\n<p>                <img width=\"750\" height=\"500\" src=\"https:\/\/www.europesays.com\/fr\/wp-content\/uploads\/2025\/07\/nikko-7-750x500.jpg\" class=\"attachment-gallery size-gallery\" alt=\"NIKKO JAPON\" data-full-url=\"https:\/\/pokaa.fr\/wp-content\/uploads\/2025\/06\/26\/nikko-7.jpg\" decoding=\"async\" loading=\"lazy\"  \/>            <\/p>\n<p>                <img width=\"750\" height=\"500\" src=\"https:\/\/www.europesays.com\/fr\/wp-content\/uploads\/2025\/07\/nikko-6-750x500.jpg\" class=\"attachment-gallery size-gallery\" alt=\"NIKKO JAPON\" data-full-url=\"https:\/\/pokaa.fr\/wp-content\/uploads\/2025\/06\/26\/nikko-6.jpg\" decoding=\"async\" loading=\"lazy\"  \/>            <\/p>\n<p>                    \u00a9 Anthony Jilli \/ Pokaa<\/p>\n<p>\u00c0 contrario, \u00e0 Kamakura,<strong> l\u2019odeur de la for\u00eat laisse place \u00e0 la douceur des bords de mer.<\/strong> C\u2019est une escapade qui sent l\u2019iode et le th\u00e9 vert. Une ville \u00e0 taille humaine, entre petits temples et brise marine, o\u00f9 le Grand Bouddha de Kotoku-in veille avec bienveillance.<strong> Les surfeurs\/ses d\u00e9couvrent chaque vague au rythme des chants des cigales.<\/strong><\/p>\n<p>Kamakura donne envie de s\u2019arr\u00eater, de regarder les oiseaux voler et de ne plus jamais repartir. <strong>C\u2019est donc \u00e7a avoir un coup de coeur ?<\/strong><\/p>\n<p>                <img width=\"375\" height=\"500\" src=\"https:\/\/www.europesays.com\/fr\/wp-content\/uploads\/2025\/07\/kamakura-0-375x500.jpeg\" class=\"attachment-gallery size-gallery\" alt=\"KAMAKURA JAPON\" data-full-url=\"https:\/\/pokaa.fr\/wp-content\/uploads\/2025\/06\/26\/kamakura-0.jpeg\" decoding=\"async\" loading=\"lazy\"  \/>            <\/p>\n<p>                <img width=\"750\" height=\"500\" src=\"https:\/\/www.europesays.com\/fr\/wp-content\/uploads\/2025\/07\/kamakura-2-750x500.jpg\" class=\"attachment-gallery size-gallery\" alt=\"KAMAKURA JAPON\" data-full-url=\"https:\/\/pokaa.fr\/wp-content\/uploads\/2025\/06\/26\/kamakura-2.jpg\" decoding=\"async\" loading=\"lazy\"  \/>            <\/p>\n<p>                <img width=\"750\" height=\"500\" src=\"https:\/\/www.europesays.com\/fr\/wp-content\/uploads\/2025\/07\/kamakura-3-750x500.jpg\" class=\"attachment-gallery size-gallery\" alt=\"KAMAKURA JAPON\" data-full-url=\"https:\/\/pokaa.fr\/wp-content\/uploads\/2025\/06\/26\/kamakura-3.jpg\" decoding=\"async\" loading=\"lazy\"  \/>            <\/p>\n<p>                    \u00a9 Anthony Jilli \/ Pokaa<\/p>\n<p>    <img width=\"1200\" height=\"800\" src=\"https:\/\/www.europesays.com\/fr\/wp-content\/uploads\/2025\/07\/kamakura-5-1200x800.jpg\" class=\"attachment-image-size-XL size-image-size-XL\" alt=\"KAMAKURA JAPON\" decoding=\"async\" loading=\"lazy\"  \/>         \u00a9 Anthony Jilli \/ Pokaa <\/p>\n<p>Mont Fuji : bien plus qu&rsquo;une simple montagne<\/p>\n<p>Avec un peu de chance, on le voit avant m\u00eame de le chercher. <strong>Un matin au ciel clair, il appara\u00eet, presque par surprise, car il adore jouer \u00e0 cache-cache dans les nuages.<\/strong> Mais quand il est l\u00e0, devant nous, c\u2019est comme un moment suspendu. On observe d\u2019abord avec les yeux, puis avec le coeur, et enfin avec l\u2019objectif de notre appareil photo.<\/p>\n<p><strong>C\u2019est une montagne qui ressemble \u00e0 une image, mais qui, en vrai, d\u00e9passe l\u2019entendement.<\/strong> On le contemple depuis le train, un parking, un lac, sans jamais perdre une \u00e9trange sensation : celle d\u2019\u00eatre minuscule.<\/p>\n<p>                <img width=\"333\" height=\"500\" src=\"https:\/\/www.europesays.com\/fr\/wp-content\/uploads\/2025\/07\/fuji-2-333x500.jpg\" class=\"attachment-gallery size-gallery\" alt=\"MONT FUJI JAPON\" data-full-url=\"https:\/\/pokaa.fr\/wp-content\/uploads\/2025\/06\/26\/fuji-2.jpg\" decoding=\"async\" loading=\"lazy\"  \/>            <\/p>\n<p>                <img width=\"333\" height=\"500\" src=\"https:\/\/www.europesays.com\/fr\/wp-content\/uploads\/2025\/07\/fuji-7-333x500.jpg\" class=\"attachment-gallery size-gallery\" alt=\"MONT FUJI JAPON\" data-full-url=\"https:\/\/pokaa.fr\/wp-content\/uploads\/2025\/06\/26\/fuji-7.jpg\" decoding=\"async\" loading=\"lazy\"  \/>            <\/p>\n<p>                <img width=\"748\" height=\"500\" src=\"https:\/\/www.europesays.com\/fr\/wp-content\/uploads\/2025\/07\/fuji-3-748x500.jpg\" class=\"attachment-gallery size-gallery\" alt=\"MONT FUJI JAPON\" data-full-url=\"https:\/\/pokaa.fr\/wp-content\/uploads\/2025\/06\/26\/fuji-3.jpg\" decoding=\"async\" loading=\"lazy\"  \/>            <\/p>\n<p>                    \u00a9 Anthony Jilli \/ Pokaa<\/p>\n<p>    <img width=\"1200\" height=\"800\" src=\"https:\/\/www.europesays.com\/fr\/wp-content\/uploads\/2025\/07\/dsc00449-1200x800.jpg\" class=\"attachment-image-size-XL size-image-size-XL\" alt=\"MONT FUJI JAPON\" decoding=\"async\" loading=\"lazy\"  \/>         \u00a9 Anthony Jilli \/ Pokaa <\/p>\n<p>Fukuoka et Hiroshima : vie tranquille et lieu de m\u00e9moire<\/p>\n<p><strong>\u00c0 Fukuoka, la mer n\u2019est jamais loin,<\/strong> les habitant(e)s sourient plus facilement et on y mange bien, pas \u00e9tonnant, elle sent les nouilles artisanales et le poisson frais.<\/p>\n<p><strong>C\u2019est une ville qui ne se la raconte pas,<\/strong> elle est d\u00e9tendue, moins touristique. Et ici aussi, <strong>les bretzels savent remplir les estomacs et r\u00e9chauffer les coeurs.\u00a0<\/strong><\/p>\n<p>                <img width=\"333\" height=\"500\" src=\"https:\/\/www.europesays.com\/fr\/wp-content\/uploads\/2025\/07\/fukuoka-6-333x500.jpg\" class=\"attachment-gallery size-gallery\" alt=\"FUKUOKA JAPON\" data-full-url=\"https:\/\/pokaa.fr\/wp-content\/uploads\/2025\/06\/26\/fukuoka-6.jpg\" decoding=\"async\" loading=\"lazy\"  \/>            <\/p>\n<p>                <img width=\"375\" height=\"500\" src=\"https:\/\/www.europesays.com\/fr\/wp-content\/uploads\/2025\/07\/img-5678-375x500.jpeg\" class=\"attachment-gallery size-gallery\" alt=\"JAPON\" data-full-url=\"https:\/\/pokaa.fr\/wp-content\/uploads\/2025\/06\/27\/img-5678.jpeg\" decoding=\"async\" loading=\"lazy\"  \/>            <\/p>\n<p>                <img width=\"375\" height=\"500\" src=\"https:\/\/www.europesays.com\/fr\/wp-content\/uploads\/2025\/07\/fukuoka-0-375x500.jpg\" class=\"attachment-gallery size-gallery\" alt=\"FUKUOKA JAPON\" data-full-url=\"https:\/\/pokaa.fr\/wp-content\/uploads\/2025\/06\/26\/fukuoka-0.jpg\" decoding=\"async\" loading=\"lazy\"  \/>            <\/p>\n<p>                    \u00a9 Anthony Jilli \/ Pokaa<\/p>\n<p>                <img width=\"750\" height=\"500\" src=\"https:\/\/www.europesays.com\/fr\/wp-content\/uploads\/2025\/07\/fukuoka-1-750x500.jpg\" class=\"attachment-gallery size-gallery\" alt=\"FUKUOKA JAPON\" data-full-url=\"https:\/\/pokaa.fr\/wp-content\/uploads\/2025\/06\/26\/fukuoka-1.jpg\" decoding=\"async\" loading=\"lazy\"  \/>            <\/p>\n<p>                <img width=\"750\" height=\"500\" src=\"https:\/\/www.europesays.com\/fr\/wp-content\/uploads\/2025\/07\/fukuoka-3-750x500.jpg\" class=\"attachment-gallery size-gallery\" alt=\"FUKUOKA JAPON\" data-full-url=\"https:\/\/pokaa.fr\/wp-content\/uploads\/2025\/06\/26\/fukuoka-3.jpg\" decoding=\"async\" loading=\"lazy\"  \/>            <\/p>\n<p>                    \u00a9 Anthony Jilli \/ Pokaa<\/p>\n<p>Plus connue, son pass\u00e9 pr\u00e9c\u00e8de son pr\u00e9sent. <strong>Hiroshima est une ville qui porte son histoire sans l\u2019imposer.<\/strong> Au parc de la Paix ou au D\u00f4me de Genbaku, on marche lentement, sans trop parler, <strong>conscient d\u2019\u00eatre sur une terre marqu\u00e9e par la bombe atomique.<\/strong> On lit les t\u00e9moignages, les yeux s\u2019humidifient et ce n\u2019est pas le pollen.<\/p>\n<p>Ne vous m\u00e9prenez pas, <strong>Hiroshima n\u2019est pas fig\u00e9e dans la douleur,<\/strong> elle est debout, lumineuse, vivante. Une dignit\u00e9 tranquille, une force douce.<\/p>\n<p>                <img width=\"333\" height=\"500\" src=\"https:\/\/www.europesays.com\/fr\/wp-content\/uploads\/2025\/07\/hiroshima-3-333x500.jpg\" class=\"attachment-gallery size-gallery\" alt=\"HIROSHIMA JAPON\" data-full-url=\"https:\/\/pokaa.fr\/wp-content\/uploads\/2025\/06\/26\/hiroshima-3.jpg\" decoding=\"async\" loading=\"lazy\"  \/>            <\/p>\n<p>                <img width=\"333\" height=\"500\" src=\"https:\/\/www.europesays.com\/fr\/wp-content\/uploads\/2025\/07\/hiroshima-4-333x500.jpg\" class=\"attachment-gallery size-gallery\" alt=\"HIROSHIMA JAPON PAIX\" data-full-url=\"https:\/\/pokaa.fr\/wp-content\/uploads\/2025\/06\/26\/hiroshima-4.jpg\" decoding=\"async\" loading=\"lazy\"  \/>            <\/p>\n<p>                <img width=\"375\" height=\"500\" src=\"https:\/\/www.europesays.com\/fr\/wp-content\/uploads\/2025\/07\/hiroshima-0-375x500.jpg\" class=\"attachment-gallery size-gallery\" alt=\"HIROSHIMA JAPON\" data-full-url=\"https:\/\/pokaa.fr\/wp-content\/uploads\/2025\/06\/26\/hiroshima-0.jpg\" decoding=\"async\" loading=\"lazy\"  \/>            <\/p>\n<p>                <img width=\"375\" height=\"500\" src=\"https:\/\/www.europesays.com\/fr\/wp-content\/uploads\/2025\/07\/hiroshima-01-375x500.jpg\" class=\"attachment-gallery size-gallery\" alt=\"HIROSHIMA JAPON\" data-full-url=\"https:\/\/pokaa.fr\/wp-content\/uploads\/2025\/06\/26\/hiroshima-01.jpg\" decoding=\"async\" loading=\"lazy\"  \/>            <\/p>\n<p>                    \u00a9 Anthony Jilli \/ Pokaa<\/p>\n<p>    <img width=\"800\" height=\"533\" src=\"https:\/\/www.europesays.com\/fr\/wp-content\/uploads\/2025\/07\/hiroshima-10-800x533.jpg\" class=\"attachment-image-size-L size-image-size-L\" alt=\"HIROSHIMA JAPON\" decoding=\"async\" loading=\"lazy\"  \/>         \u00a9 Anthony Jilli \/ Pokaa <\/p>\n<p>Miyajima : une \u00eele peu peupl\u00e9e mais tr\u00e8s vivante<\/p>\n<p>Non loin d\u2019Hiroshima, bienvenue \u00e0 Miyajima. <strong>Cette \u00eele ressemble \u00e0 un r\u00eave qui aurait pris forme dans la brume. <\/strong><\/p>\n<p>On y arrive en bateau, et soudain, <strong>le torii flottant du sanctuaire d\u2019Itsukushima s\u2019\u00e9l\u00e8ve au-dessus de l\u2019eau,<\/strong> comme un miracle ancr\u00e9. Les daims sont en libert\u00e9 alors attention \u00e0 vos doigts, ils ont faim !<\/p>\n<p>                <img width=\"750\" height=\"500\" src=\"https:\/\/www.europesays.com\/fr\/wp-content\/uploads\/2025\/07\/miyajima-1-750x500.jpg\" class=\"attachment-gallery size-gallery\" alt=\"MIYAJIMA JAPON\" data-full-url=\"https:\/\/pokaa.fr\/wp-content\/uploads\/2025\/06\/26\/miyajima-1.jpg\" decoding=\"async\" loading=\"lazy\"  \/>            <\/p>\n<p>                <img width=\"750\" height=\"500\" src=\"https:\/\/www.europesays.com\/fr\/wp-content\/uploads\/2025\/07\/miyajima-6-750x500.jpg\" class=\"attachment-gallery size-gallery\" alt=\"MIYAJIMA JAPON\" data-full-url=\"https:\/\/pokaa.fr\/wp-content\/uploads\/2025\/06\/26\/miyajima-6.jpg\" decoding=\"async\" loading=\"lazy\"  \/>            <\/p>\n<p>                    \u00a9 Anthony Jilli \/ Pokaa<\/p>\n<p>    <img width=\"800\" height=\"533\" src=\"https:\/\/www.europesays.com\/fr\/wp-content\/uploads\/2025\/07\/miyajima-5-800x533.jpg\" class=\"attachment-image-size-L size-image-size-L\" alt=\"MIYAJIMA JAPON\" decoding=\"async\" loading=\"lazy\"  \/>         \u00a9 Anthony Jilli \/ Pokaa <\/p>\n<p>Kyoto : l&rsquo;\u00e9ternelle discr\u00e8te<\/p>\n<p>Tokyo, Kyoto, Tokyo, Kyoto : un anagramme qui cache deux villes au paysage bien diff\u00e9rent.<strong> Ici, les gratte-ciels ont comme disparu, et la vie semble diff\u00e9rente. <\/strong><\/p>\n<p>Les temples surgissent un peu partout, les geishas se cachent entre deux ombres et chaque porte entrouverte cache un monde de traditions bien vivantes. <strong>Quand la nuit tombe, c\u2019est au dancefloor d\u2019accueillir habitant(e)s et touristes, pour un beau mix de rencontres.\u00a0<\/strong><\/p>\n<p>                <img width=\"750\" height=\"500\" src=\"https:\/\/www.europesays.com\/fr\/wp-content\/uploads\/2025\/07\/kyoto-5-750x500.jpg\" class=\"attachment-gallery size-gallery\" alt=\"KYOTO JAPON\" data-full-url=\"https:\/\/pokaa.fr\/wp-content\/uploads\/2025\/06\/26\/kyoto-5.jpg\" decoding=\"async\" loading=\"lazy\"  \/>            <\/p>\n<p>                <img width=\"750\" height=\"500\" src=\"https:\/\/www.europesays.com\/fr\/wp-content\/uploads\/2025\/07\/kyoto-8-750x500.jpg\" class=\"attachment-gallery size-gallery\" alt=\"KYOTO JAPON\" data-full-url=\"https:\/\/pokaa.fr\/wp-content\/uploads\/2025\/06\/26\/kyoto-8.jpg\" decoding=\"async\" loading=\"lazy\"  \/>            <\/p>\n<p>                <img width=\"667\" height=\"500\" src=\"https:\/\/www.europesays.com\/fr\/wp-content\/uploads\/2025\/07\/kyoto-02-667x500.jpeg\" class=\"attachment-gallery size-gallery\" alt=\"KYOTO JAPON\" data-full-url=\"https:\/\/pokaa.fr\/wp-content\/uploads\/2025\/06\/26\/kyoto-02.jpeg\" decoding=\"async\" loading=\"lazy\"  \/>            <\/p>\n<p>                    \u00a9 Anthony Jilli \/ Pokaa<\/p>\n<p>                <img width=\"375\" height=\"500\" src=\"https:\/\/www.europesays.com\/fr\/wp-content\/uploads\/2025\/07\/kyoto-0-375x500.jpeg\" class=\"attachment-gallery size-gallery\" alt=\"KYOTO JAPON DRAGON BALL\" data-full-url=\"https:\/\/pokaa.fr\/wp-content\/uploads\/2025\/06\/26\/kyoto-0.jpeg\" decoding=\"async\" loading=\"lazy\"  \/>            <\/p>\n<p>                <img width=\"667\" height=\"500\" src=\"https:\/\/www.europesays.com\/fr\/wp-content\/uploads\/2025\/07\/kyoto-0-copie-667x500.jpeg\" class=\"attachment-gallery size-gallery\" alt=\"KYOTO JAPON\" data-full-url=\"https:\/\/pokaa.fr\/wp-content\/uploads\/2025\/06\/26\/kyoto-0-copie.jpeg\" decoding=\"async\" loading=\"lazy\"  \/>            <\/p>\n<p>                <img width=\"375\" height=\"500\" src=\"https:\/\/www.europesays.com\/fr\/wp-content\/uploads\/2025\/07\/kyoto-01-375x500.jpeg\" class=\"attachment-gallery size-gallery\" alt=\"KYOTO JAPON MARIO\" data-full-url=\"https:\/\/pokaa.fr\/wp-content\/uploads\/2025\/06\/26\/kyoto-01.jpeg\" decoding=\"async\" loading=\"lazy\"  \/>            <\/p>\n<p>                    \u00a9 Anthony Jilli \/ Pokaa<\/p>\n<p>    <img width=\"1200\" height=\"800\" src=\"https:\/\/www.europesays.com\/fr\/wp-content\/uploads\/2025\/07\/kyoto-9-1200x800.jpg\" class=\"attachment-image-size-XL size-image-size-XL\" alt=\"KYOTO JAPON\" decoding=\"async\" loading=\"lazy\"  \/>         \u00a9 Anthony Jilli \/ Pokaa <\/p>\n<p>Nara : daims en libert\u00e9 et Grand Bouddha<\/p>\n<p>Tout est calme, presque suspendu.<strong> \u00c0 Nara, des daims en libert\u00e9 traversent les rues<\/strong> avec une gr\u00e2ce qui dit : \u00ab Nous sommes chez nous. \u00bb Les temples mill\u00e9naires se dressent avec une humilit\u00e9 majestueuse, envelopp\u00e9s de mousse, de for\u00eats et de lanternes de pierre.<\/p>\n<p>Ici, chaque pas r\u00e9sonne et<strong> devant le Grand Bouddha de Todai-ji, on reste silencieux.<\/strong><\/p>\n<p>                <img width=\"750\" height=\"500\" src=\"https:\/\/www.europesays.com\/fr\/wp-content\/uploads\/2025\/07\/nara-6-750x500.jpg\" class=\"attachment-gallery size-gallery\" alt=\"NARA JAPON DAIMS\" data-full-url=\"https:\/\/pokaa.fr\/wp-content\/uploads\/2025\/06\/26\/nara-6.jpg\" decoding=\"async\" loading=\"lazy\"  \/>            <\/p>\n<p>                <img width=\"333\" height=\"500\" src=\"https:\/\/www.europesays.com\/fr\/wp-content\/uploads\/2025\/07\/nara-2-333x500.jpg\" class=\"attachment-gallery size-gallery\" alt=\"NARA JAPON\" data-full-url=\"https:\/\/pokaa.fr\/wp-content\/uploads\/2025\/06\/26\/nara-2.jpg\" decoding=\"async\" loading=\"lazy\"  \/>            <\/p>\n<p>                <img width=\"750\" height=\"500\" src=\"https:\/\/www.europesays.com\/fr\/wp-content\/uploads\/2025\/07\/nara-3-750x500.jpg\" class=\"attachment-gallery size-gallery\" alt=\"NARA JAPON\" data-full-url=\"https:\/\/pokaa.fr\/wp-content\/uploads\/2025\/06\/26\/nara-3.jpg\" decoding=\"async\" loading=\"lazy\"  \/>            <\/p>\n<p>                    \u00a9 Anthony Jilli \/ Pokaa<\/p>\n<p>    <img width=\"800\" height=\"535\" src=\"https:\/\/www.europesays.com\/fr\/wp-content\/uploads\/2025\/07\/nara-0-800x535.jpg\" class=\"attachment-image-size-L size-image-size-L\" alt=\"NARA JAPON DAIMS\" decoding=\"async\" loading=\"lazy\"  \/>         \u00a9 Anthony Jilli \/ Pokaa <\/p>\n<p>                <img width=\"750\" height=\"500\" src=\"https:\/\/www.europesays.com\/fr\/wp-content\/uploads\/2025\/07\/nara-5-750x500.jpg\" class=\"attachment-gallery size-gallery\" alt=\"NARA JAPON\" data-full-url=\"https:\/\/pokaa.fr\/wp-content\/uploads\/2025\/06\/26\/nara-5.jpg\" decoding=\"async\" loading=\"lazy\"  \/>            <\/p>\n<p>                <img width=\"750\" height=\"500\" src=\"https:\/\/www.europesays.com\/fr\/wp-content\/uploads\/2025\/07\/nara-4-750x500.jpg\" class=\"attachment-gallery size-gallery\" alt=\"NARA JAPON DAIMS\" data-full-url=\"https:\/\/pokaa.fr\/wp-content\/uploads\/2025\/06\/26\/nara-4.jpg\" decoding=\"async\" loading=\"lazy\"  \/>            <\/p>\n<p>                    \u00a9 Anthony Jilli \/ Pokaa<\/p>\n<p>Nagoya et Osaka : de belles surprises et de la g\u00e9n\u00e9rosit\u00e9<\/p>\n<p>Nagoya n\u2019a pas les projecteurs de Tokyo, ni le charme historique de Kyoto, mais <strong>c\u2019est une ville o\u00f9 l\u2019on vit.<\/strong> D\u2019ailleurs, c\u2019est ici qu\u2019est n\u00e9e une bonne partie du Japon industriel.<\/p>\n<p>Mais derri\u00e8re ses airs fonctionnels, <strong>Nagoya cache des surprises : des mus\u00e9es, un ch\u00e2teau, des petits caf\u00e9s\u2026<\/strong> C\u2019est une ville qui ne veut pas s\u00e9duire mais qui se laisse aimer doucement.<\/p>\n<p>                <img width=\"375\" height=\"500\" src=\"https:\/\/www.europesays.com\/fr\/wp-content\/uploads\/2025\/07\/nagoya-2-375x500.jpg\" class=\"attachment-gallery size-gallery\" alt=\"NAGOYA JAPON\" data-full-url=\"https:\/\/pokaa.fr\/wp-content\/uploads\/2025\/06\/26\/nagoya-2.jpg\" decoding=\"async\" loading=\"lazy\"  \/>            <\/p>\n<p>                <img width=\"375\" height=\"500\" src=\"https:\/\/www.europesays.com\/fr\/wp-content\/uploads\/2025\/07\/nagoya-3-375x500.jpg\" class=\"attachment-gallery size-gallery\" alt=\"NAGOYA JAPON\" data-full-url=\"https:\/\/pokaa.fr\/wp-content\/uploads\/2025\/06\/26\/nagoya-3.jpg\" decoding=\"async\" loading=\"lazy\"  \/>            <\/p>\n<p>                    \u00a9 Anthony Jilli \/ Pokaa<\/p>\n<p>                <img width=\"667\" height=\"500\" src=\"https:\/\/www.europesays.com\/fr\/wp-content\/uploads\/2025\/07\/nagoya-6-667x500.jpeg\" class=\"attachment-gallery size-gallery\" alt=\"NAGOYA JAPON\" data-full-url=\"https:\/\/pokaa.fr\/wp-content\/uploads\/2025\/06\/26\/nagoya-6.jpeg\" decoding=\"async\" loading=\"lazy\"  \/>            <\/p>\n<p>                <img width=\"375\" height=\"500\" src=\"https:\/\/www.europesays.com\/fr\/wp-content\/uploads\/2025\/07\/nagoya-7-375x500.jpeg\" class=\"attachment-gallery size-gallery\" alt=\"NAGOYA JAPON\" data-full-url=\"https:\/\/pokaa.fr\/wp-content\/uploads\/2025\/06\/26\/nagoya-7.jpeg\" decoding=\"async\" loading=\"lazy\"  \/>            <\/p>\n<p>                <img width=\"750\" height=\"500\" src=\"https:\/\/www.europesays.com\/fr\/wp-content\/uploads\/2025\/07\/nagoya-1-750x500.jpg\" class=\"attachment-gallery size-gallery\" alt=\"NAGOYA JAPON\" data-full-url=\"https:\/\/pokaa.fr\/wp-content\/uploads\/2025\/06\/26\/nagoya-1.jpg\" decoding=\"async\" loading=\"lazy\"  \/>            <\/p>\n<p>                    \u00a9 Anthony Jilli \/ Pokaa<\/p>\n<p>La fin du voyage approche \u00e0 grands pas, Strasbourg est dans le viseur mais avant \u00e7a, Osaka ! <strong>Les go\u00fbts, les rires, les n\u00e9ons : c\u2019est le ventre du Japon,<\/strong> au sens propre comme au figur\u00e9. Les rues de Dotonbori s\u2019illuminent comme un th\u00e9\u00e2tre permanent, les odeurs de takoyaki et d\u2019okonomiyaki vous attrapent au vol, et <strong>les conversations d\u00e9bordent des comptoirs.<\/strong><\/p>\n<p>Derri\u00e8re cette folle \u00e9nergie, il y aussi une vraie chaleur. <strong>On s\u2019y sent rapidement \u00e0 sa place, un peu comme avec un stammtisch.<\/strong><\/p>\n<p>                <img width=\"750\" height=\"500\" src=\"https:\/\/www.europesays.com\/fr\/wp-content\/uploads\/2025\/07\/osaka-1-750x500.jpg\" class=\"attachment-gallery size-gallery\" alt=\"OSAKA JAPON\" data-full-url=\"https:\/\/pokaa.fr\/wp-content\/uploads\/2025\/06\/26\/osaka-1.jpg\" decoding=\"async\" loading=\"lazy\"  \/>            <\/p>\n<p>                <img width=\"750\" height=\"500\" src=\"https:\/\/www.europesays.com\/fr\/wp-content\/uploads\/2025\/07\/osaka-3-750x500.jpg\" class=\"attachment-gallery size-gallery\" alt=\"OSAKA JAPON\" data-full-url=\"https:\/\/pokaa.fr\/wp-content\/uploads\/2025\/06\/26\/osaka-3.jpg\" decoding=\"async\" loading=\"lazy\"  \/>            <\/p>\n<p>                    \u00a9 Anthony Jilli \/ Pokaa<\/p>\n<p>                <img width=\"375\" height=\"500\" src=\"https:\/\/www.europesays.com\/fr\/wp-content\/uploads\/2025\/07\/osaka-24-375x500.jpeg\" class=\"attachment-gallery size-gallery\" alt=\"OSAKA JAPON\" data-full-url=\"https:\/\/pokaa.fr\/wp-content\/uploads\/2025\/06\/26\/osaka-24.jpeg\" decoding=\"async\" loading=\"lazy\"  \/>            <\/p>\n<p>                <img width=\"375\" height=\"500\" src=\"https:\/\/www.europesays.com\/fr\/wp-content\/uploads\/2025\/07\/osaka-21-375x500.jpeg\" class=\"attachment-gallery size-gallery\" alt=\"OSAKA JAPON\" data-full-url=\"https:\/\/pokaa.fr\/wp-content\/uploads\/2025\/06\/26\/osaka-21.jpeg\" decoding=\"async\" loading=\"lazy\"  \/>            <\/p>\n<p>                <img width=\"375\" height=\"500\" src=\"https:\/\/www.europesays.com\/fr\/wp-content\/uploads\/2025\/07\/osaka-255-375x500.jpeg\" class=\"attachment-gallery size-gallery\" alt=\"OSAKA JAPON\" data-full-url=\"https:\/\/pokaa.fr\/wp-content\/uploads\/2025\/06\/26\/osaka-255.jpeg\" decoding=\"async\" loading=\"lazy\"  \/>            <\/p>\n<p>                <img width=\"375\" height=\"500\" src=\"https:\/\/www.europesays.com\/fr\/wp-content\/uploads\/2025\/07\/osaka-22-375x500.jpg\" class=\"attachment-gallery size-gallery\" alt=\"OSAKA JAPON\" data-full-url=\"https:\/\/pokaa.fr\/wp-content\/uploads\/2025\/06\/26\/osaka-22.jpg\" decoding=\"async\" loading=\"lazy\"  \/>            <\/p>\n<p>                    Vous connaissez Cora ? \u00a9 Anthony Jilli \/ Pokaa<\/p>\n<p>    <img width=\"800\" height=\"533\" src=\"https:\/\/www.europesays.com\/fr\/wp-content\/uploads\/2025\/07\/osaka-6-800x533.jpg\" class=\"attachment-image-size-L size-image-size-L\" alt=\"OSAKA JAPON\" decoding=\"async\" loading=\"lazy\"  \/>         \u00a9 Anthony Jilli \/ Pokaa <\/p>\n<p style=\"text-align: center;\"><strong>Et si vous pr\u00e9voyez de visiter ce pays aux mille saveurs, un conseil : baladez-vous dans les pages des nombreux guides papiers et num\u00e9riques qui existent, il y a tant de choses \u00e0 d\u00e9couvrir !\u00a0<\/strong><\/p>\n<p>                <a href=\"https:\/\/pokaa.fr\/2024\/05\/22\/je-suis-strasbourgeoise-et-je-vous-fais-decouvrir-un-petit-bout-du-japon-en-32-photos\/\" target=\"_blank\" rel=\"noopener\"><br \/>\n                    <img width=\"450\" height=\"270\" src=\"https:\/\/www.europesays.com\/fr\/wp-content\/uploads\/2025\/07\/japon2-450x270.png\" class=\"attachment-card-horizontal--same-subject size-card-horizontal--same-subject wp-post-image\" alt=\"\" decoding=\"async\" loading=\"lazy\"\/>                <\/a><\/p>\n","protected":false},"excerpt":{"rendered":"De Tokyo \u00e0 Osaka, en passant par Kamakura, le mont Fuji, Hiroshima ou encore Kyoto : le Japon&hellip;\n","protected":false},"author":2,"featured_media":221697,"comment_status":"","ping_status":"","sticky":false,"template":"","format":"standard","meta":{"footnotes":""},"categories":[2820],"tags":[1111,11,1777,674,1011,27,775,30330,2070,36061,12,8447,2459,25,640,17281,586],"class_list":{"0":"post-221696","1":"post","2":"type-post","3":"status-publish","4":"format-standard","5":"has-post-thumbnail","7":"category-strasbourg","8":"tag-actu","9":"tag-actualites","10":"tag-eu","11":"tag-europe","12":"tag-fr","13":"tag-france","14":"tag-grand-est","15":"tag-hiroshima","16":"tag-japon","17":"tag-kyoto","18":"tag-news","19":"tag-osaka","20":"tag-pokemon","21":"tag-republique-francaise","22":"tag-strasbourg","23":"tag-tokyo","24":"tag-voyage"},"share_on_mastodon":{"url":"https:\/\/pubeurope.com\/@fr\/114785977470390220","error":""},"_links":{"self":[{"href":"https:\/\/www.europesays.com\/fr\/wp-json\/wp\/v2\/posts\/221696","targetHints":{"allow":["GET"]}}],"collection":[{"href":"https:\/\/www.europesays.com\/fr\/wp-json\/wp\/v2\/posts"}],"about":[{"href":"https:\/\/www.europesays.com\/fr\/wp-json\/wp\/v2\/types\/post"}],"author":[{"embeddable":true,"href":"https:\/\/www.europesays.com\/fr\/wp-json\/wp\/v2\/users\/2"}],"replies":[{"embeddable":true,"href":"https:\/\/www.europesays.com\/fr\/wp-json\/wp\/v2\/comments?post=221696"}],"version-history":[{"count":0,"href":"https:\/\/www.europesays.com\/fr\/wp-json\/wp\/v2\/posts\/221696\/revisions"}],"wp:featuredmedia":[{"embeddable":true,"href":"https:\/\/www.europesays.com\/fr\/wp-json\/wp\/v2\/media\/221697"}],"wp:attachment":[{"href":"https:\/\/www.europesays.com\/fr\/wp-json\/wp\/v2\/media?parent=221696"}],"wp:term":[{"taxonomy":"category","embeddable":true,"href":"https:\/\/www.europesays.com\/fr\/wp-json\/wp\/v2\/categories?post=221696"},{"taxonomy":"post_tag","embeddable":true,"href":"https:\/\/www.europesays.com\/fr\/wp-json\/wp\/v2\/tags?post=221696"}],"curies":[{"name":"wp","href":"https:\/\/api.w.org\/{rel}","templated":true}]}}