{"id":221703,"date":"2025-07-02T22:26:35","date_gmt":"2025-07-02T22:26:35","guid":{"rendered":"https:\/\/www.europesays.com\/fr\/221703\/"},"modified":"2025-07-02T22:26:35","modified_gmt":"2025-07-02T22:26:35","slug":"une-enquete-ouverte-apres-la-disparition-inquietante-de-deux-adolescentes","status":"publish","type":"post","link":"https:\/\/www.europesays.com\/fr\/221703\/","title":{"rendered":"Une enqu\u00eate ouverte apr\u00e8s la disparition inqui\u00e9tante de deux adolescentes"},"content":{"rendered":"<p>Dans la nuit du mercredi\u00a025 au jeudi 26\u00a0juin 2025, deux adolescentes de 15 et 16 ans, amies et scolaris\u00e9es en 4e et 3e dans une maison familiale rurale de <a href=\"https:\/\/www.20minutes.fr\/societe\/loire-atlantique\/\" class=\"color-ultramarine c-link\" rel=\"nofollow noopener\" target=\"_blank\">Loire-Atlantique<\/a>, ont fugu\u00e9 de leur domicile respectif, l\u2019une \u00e0 <a href=\"https:\/\/www.20minutes.fr\/nantes\/\" class=\"color-ultramarine c-link\" rel=\"nofollow noopener\" target=\"_blank\">Nantes<\/a>, l\u2019autre dans une commune situ\u00e9e \u00e0 environ 50 km au nord, rapporte <a href=\"https:\/\/www.ouest-france.fr\/faits-divers\/disparition\/a-nantes-une-enquete-judiciaire-ouverte-apres-la-disparition-inquietante-de-deux-adolescentes-be1fc7e2-56a2-11f0-9771-bf42ae6be7a5\" rel=\"nofollow noopener\" target=\"_blank\" class=\"color-ultramarine c-link\">Ouest-France<\/a>.<\/p>\n<p>Ce mardi 1er\u00a0juillet, face \u00e0 des \u00e9l\u00e9ments pr\u00e9occupants, le parquet de Nantes a ouvert une enqu\u00eate pour <a href=\"https:\/\/www.20minutes.fr\/dossier\/disparition\" class=\"color-ultramarine c-link\" rel=\"nofollow noopener\" target=\"_blank\">disparition inqui\u00e9tante<\/a>. Initialement consid\u00e9r\u00e9e comme une fugue volontaire, un ph\u00e9nom\u00e8ne fr\u00e9quent selon les forces de l\u2019ordre, la situation a \u00e9volu\u00e9.<\/p>\n<p>Un d\u00e9part sans affaires personnelles<\/p>\n<p>Les enqu\u00eateurs, alert\u00e9s par les familles, ont collect\u00e9 des informations aupr\u00e8s des proches, surveill\u00e9 les t\u00e9l\u00e9phones, les cam\u00e9ras de surveillance, ainsi que les gares et a\u00e9roports. \u00ab\u00a0Le p\u00e8re de l\u2019une [d\u2019elles] a donn\u00e9 des informations qui nous ont incit\u00e9s \u00e0 changer de cadre proc\u00e9dural\u00a0\u00bb, confirme le procureur de la R\u00e9publique de Nantes, Antoine Leroy, ce mardi soir.<\/p>\n<\/p>\n<p>Le p\u00e8re de la plus jeune, particuli\u00e8rement inquiet, relaie activement l\u2019information depuis le week-end. \u00ab\u00a0Elles sont parties sans affaires personnelles et n\u2019ont donn\u00e9 aucune nouvelle\u00a0\u00bb, d\u00e9plore-t-il, ajoutant que le t\u00e9l\u00e9phone de sa fille a born\u00e9 \u00e0 Saint-Herblain jeudi. \u00ab\u00a0[Sa] fille, sans son t\u00e9l\u00e9phone, c\u2019est inimaginable\u00a0!\u00a0\u00bb, s\u2019alarme-t-il, craignant de possibles mauvaises rencontres. L\u2019enqu\u00eate se poursuit pour retrouver les deux adolescentes.<\/p>\n","protected":false},"excerpt":{"rendered":"Dans la nuit du mercredi\u00a025 au jeudi 26\u00a0juin 2025, deux adolescentes de 15 et 16 ans, amies et&hellip;\n","protected":false},"author":2,"featured_media":221704,"comment_status":"","ping_status":"","sticky":false,"template":"","format":"standard","meta":{"footnotes":""},"categories":[2818],"tags":[1111,47,11,36062,1084,2715,1067,1777,674,118,6944,1011,27,886,3047,766,12,15860,2636,25],"class_list":{"0":"post-221703","1":"post","2":"type-post","3":"status-publish","4":"format-standard","5":"has-post-thumbnail","7":"category-nantes","8":"tag-actu","9":"tag-actualite","10":"tag-actualites","11":"tag-adolescense","12":"tag-adolescent","13":"tag-disparition","14":"tag-enquete","15":"tag-eu","16":"tag-europe","17":"tag-faits-divers","18":"tag-faits-divers-nantes","19":"tag-fr","20":"tag-france","21":"tag-fugue","22":"tag-loire-atlantique","23":"tag-nantes","24":"tag-news","25":"tag-parquet","26":"tag-pays-de-la-loire","27":"tag-republique-francaise"},"share_on_mastodon":{"url":"https:\/\/pubeurope.com\/@fr\/114785994918256242","error":""},"_links":{"self":[{"href":"https:\/\/www.europesays.com\/fr\/wp-json\/wp\/v2\/posts\/221703","targetHints":{"allow":["GET"]}}],"collection":[{"href":"https:\/\/www.europesays.com\/fr\/wp-json\/wp\/v2\/posts"}],"about":[{"href":"https:\/\/www.europesays.com\/fr\/wp-json\/wp\/v2\/types\/post"}],"author":[{"embeddable":true,"href":"https:\/\/www.europesays.com\/fr\/wp-json\/wp\/v2\/users\/2"}],"replies":[{"embeddable":true,"href":"https:\/\/www.europesays.com\/fr\/wp-json\/wp\/v2\/comments?post=221703"}],"version-history":[{"count":0,"href":"https:\/\/www.europesays.com\/fr\/wp-json\/wp\/v2\/posts\/221703\/revisions"}],"wp:featuredmedia":[{"embeddable":true,"href":"https:\/\/www.europesays.com\/fr\/wp-json\/wp\/v2\/media\/221704"}],"wp:attachment":[{"href":"https:\/\/www.europesays.com\/fr\/wp-json\/wp\/v2\/media?parent=221703"}],"wp:term":[{"taxonomy":"category","embeddable":true,"href":"https:\/\/www.europesays.com\/fr\/wp-json\/wp\/v2\/categories?post=221703"},{"taxonomy":"post_tag","embeddable":true,"href":"https:\/\/www.europesays.com\/fr\/wp-json\/wp\/v2\/tags?post=221703"}],"curies":[{"name":"wp","href":"https:\/\/api.w.org\/{rel}","templated":true}]}}