{"id":221711,"date":"2025-07-02T22:30:12","date_gmt":"2025-07-02T22:30:12","guid":{"rendered":"https:\/\/www.europesays.com\/fr\/221711\/"},"modified":"2025-07-02T22:30:12","modified_gmt":"2025-07-02T22:30:12","slug":"greve-dans-les-aeroports-de-nombreux-vols-annules-au-depart-de-toulouse-blagnac-voici-la-liste","status":"publish","type":"post","link":"https:\/\/www.europesays.com\/fr\/221711\/","title":{"rendered":"Gr\u00e8ve dans les a\u00e9roports. De nombreux vols annul\u00e9s au d\u00e9part de Toulouse-Blagnac : voici la liste"},"content":{"rendered":"<p>            Par<br \/>\n        <strong><br \/>\n            <a href=\"https:\/\/actu.fr\/auteur\/marie-lamarque\" title=\"Consulter tous les articles de Marie Lamarque\" target=\"_blank\" rel=\"noopener\">Marie Lamarque<\/a><br \/>\n        <\/strong><\/p>\n<p>        Publi\u00e9 le<\/p>\n<p>            2 juil. 2025 \u00e0 19h59        <\/p>\n<p>\u00c0 quelques jours de l\u2019arriv\u00e9e des grandes vacances scolaires, nul doute que ceux qui comptent prendre l\u2019avion sont d\u00e9j\u00e0 en train de pr\u00e9parer leur valise. Mais attention, si vous devez d\u00e9coller ce jeudi ou vendredi 4 juillet 2025, <strong>des vols sont annul\u00e9s<\/strong> depuis <a href=\"https:\/\/actu.fr\/tag\/aeroport-toulouse-blagnac\" target=\"_blank\" rel=\"noopener\">l\u2019a\u00e9roport de Toulouse-Blagnac<\/a>. En cause : <strong>une gr\u00e8ve des contr\u00f4leurs a\u00e9riens<\/strong>.<\/p>\n<p>La liste des vols annul\u00e9s \u00e0 Toulouse<\/p>\n<p class=\" wall-content\"><a href=\"https:\/\/www.toulouse.aeroport.fr\/\" target=\"_blank\" rel=\"noopener\">L\u2019a\u00e9roport de la Ville rose alerte les voyageurs<\/a>, des perturbations sont \u00e0 pr\u00e9voir dans le programme de vol pour ce jeudi 3 et vendredi 4 juillet.<\/p>\n<p class=\" wall-content\">Dans le d\u00e9tail, voici <strong>la liste 20 vols <\/strong>annul\u00e9s ce jeudi :<\/p>\n<ul class=\" wall-content\">\n<li>7h30 : \u00e0 destination de<strong> Marseille<\/strong> via Twin Jet ;<\/li>\n<li>12h : \u00e0 destination de <strong>Paris-Orly<\/strong> via Air France ;<\/li>\n<li>12h20 : \u00e0 destination de <strong>Bruxelles Sud \u2013 Charleroi<\/strong> via Ryanair ;<\/li>\n<li>14h : \u00e0 destination de<strong> Fez<\/strong> via Ryanair ;<\/li>\n<li>15h : \u00e0 destination de <strong>Paris-Orly<\/strong> via Air France ;<\/li>\n<li>16h : \u00e0 destination de<strong> Paris-Orly<\/strong> via Air France ;<\/li>\n<li>17h : \u00e0 destination de <strong>Paris-Orly<\/strong> via Air France ;<\/li>\n<li>17h30 : \u00e0 destination de <strong>Marseille<\/strong> via Twin Jet ;<\/li>\n<li>18h : \u00e0 destination de <strong>Paris-Orly<\/strong> via Air France ;<\/li>\n<li>18h30 : \u00e0 destination de <strong>Paris- Charles-de-Gaulle<\/strong> via Air France ;<\/li>\n<li>18h40 : \u00e0 destination d\u2019<strong>Oujda<\/strong> via Ryanair ;<\/li>\n<li>18h45 : \u00e0 destination de <strong>Brest<\/strong> via Transavia ;<\/li>\n<li>18h45 : \u00e0 destination de<strong> Lyon<\/strong> via Air France ;<\/li>\n<li>19h : \u00e0 destination de <strong>S\u00e9ville<\/strong> via Ryanair ;<\/li>\n<li>19h : \u00e0 destination de<strong> Paris-Orly<\/strong> via Air France ;<\/li>\n<li>20h : \u00e0 destination de <strong>Paris-Orly<\/strong> via Air France ;<\/li>\n<li>20h30 : \u00e0 destination de <strong>Paris-Orly<\/strong> via Air France ;<\/li>\n<li>21h05 : \u00e0 destination de <strong>Paris-Orly<\/strong> via EasyJet ;<\/li>\n<li>21h30 : \u00e0 destination de <strong>Paris- Charles-de-Gaulle<\/strong> via Air France ;<\/li>\n<li>22h55 : \u00e0 destination d\u2019<strong>Edimbourg<\/strong> via Ryanair.<\/li>\n<\/ul>\n<p>Pas d\u2019informations encore sur les vols de vendredi<\/p>\n<p class=\" wall-content\">Concernant les vols du <strong>vendredi 4 juillet,<\/strong> veille de d\u00e9part pour les grandes vacances scolaires, le site de l\u2019a\u00e9roport de Toulouse-Blagnac ne donne <strong>aucune information<\/strong> pour le moment. Il est conseill\u00e9 aux voyageurs de consulter le site la veille de leur d\u00e9part et, si besoin, de contacter leur compagnie a\u00e9rienne.<\/p>\n<p>Gr\u00e8ve contre \u00ab\u00a0un management toxique\u00a0\u00bb<\/p>\n<p class=\" wall-content\"><strong>L\u2019UNSA-ICNA<\/strong>, deuxi\u00e8me syndicat repr\u00e9sentatif des contr\u00f4leurs a\u00e9riens fran\u00e7ais, <a href=\"https:\/\/actu.fr\/societe\/les-controleurs-aeriens-lancent-un-preavis-de-greve-juste-avant-les-vacances-d-ete-des-perturbations-prevues_62811806.html\" target=\"_blank\" rel=\"noopener\">avait annonc\u00e9 cette gr\u00e8ve<\/a> lanc\u00e9e \u00e0 un moment strat\u00e9gique de l\u2019ann\u00e9e, afin de protester notamment contre \u00ab un management toxique \u00bb.<\/p>\n<p class=\" wall-content\">Il \u00ab d\u00e9nonce les d\u00e9rives manag\u00e9riales au sein de la Direction des services de la navigation a\u00e9rienne, dont le mode de management autoritaire, brutal, reniant ses engagements et d\u00e9connect\u00e9 des r\u00e9alit\u00e9s op\u00e9rationnelles, entretient un climat de pression constante et de d\u00e9fiance incompatible avec les exigences en mati\u00e8re de s\u00e9r\u00e9nit\u00e9 et de s\u00e9curit\u00e9 du m\u00e9tier de contr\u00f4leur a\u00e9rien \u00bb, a-t-il d\u00e9taill\u00e9.<\/p>\n<p class=\" wall-content\">Comme le d\u00e9montre la liste ci-dessus, il sera particuli\u00e8rement difficile de rejoindre la capitale ce jeudi. \u00c0 Paris, c\u2019est <a href=\"https:\/\/actu.fr\/ile-de-france\/tremblay-en-france_93073\/greve-des-controleurs-aeriens-un-vol-sur-quatre-annule-jeudi-dans-les-aeroports-de-paris_62853297.html\" target=\"_blank\" rel=\"noopener\"><strong>un vol sur quatre<\/strong> qui est annul\u00e9<\/a>.<\/p>\n<p><strong>Infos pratiques :<\/strong><br \/>\nPour plus d\u2019informations <a href=\"https:\/\/www.toulouse.aeroport.fr\/vols-et-destinations\/infos-vols-departs?dates=2025-07-03&amp;informationsType=departures&amp;langcode=fr\" target=\"_blank\" rel=\"noopener\">sur le site de l\u2019a\u00e9roport de Toulouse-Blagnac<\/a>.<\/p>\n<p class=\" wall-content\">Suivez toute l\u2019actualit\u00e9 de vos villes et m\u00e9dias favoris en vous inscrivant \u00e0 <a href=\"https:\/\/moncompte.actu.fr\" title=\"D\u00e9couvez Mon Actu\" rel=\"nofollow noopener\" data-trk=\"{&quot;cta&quot;:{&quot;action&quot;:&quot;https:\\\/\\\/moncompte.actu.fr&quot;,&quot;category&quot;:&quot;mon compte&quot;,&quot;from&quot;:&quot;article footer&quot;,&quot;name&quot;:&quot;Mon actu&quot;,&quot;type&quot;:&quot;cta&quot;}}\" target=\"_blank\">Mon Actu<\/a>.<\/p>\n","protected":false},"excerpt":{"rendered":"Par Marie Lamarque Publi\u00e9 le 2 juil. 2025 \u00e0 19h59 \u00c0 quelques jours de l\u2019arriv\u00e9e des grandes vacances&hellip;\n","protected":false},"author":2,"featured_media":221712,"comment_status":"","ping_status":"","sticky":false,"template":"","format":"standard","meta":{"footnotes":""},"categories":[2816],"tags":[1111,11,103,1777,674,1011,27,6151,12,2680,25,104,2312,586],"class_list":{"0":"post-221711","1":"post","2":"type-post","3":"status-publish","4":"format-standard","5":"has-post-thumbnail","7":"category-toulouse","8":"tag-actu","9":"tag-actualites","10":"tag-aeroport-toulouse-blagnac","11":"tag-eu","12":"tag-europe","13":"tag-fr","14":"tag-france","15":"tag-greve","16":"tag-news","17":"tag-occitanie","18":"tag-republique-francaise","19":"tag-societe","20":"tag-toulouse","21":"tag-voyage"},"share_on_mastodon":{"url":"https:\/\/pubeurope.com\/@fr\/114786010661005675","error":""},"_links":{"self":[{"href":"https:\/\/www.europesays.com\/fr\/wp-json\/wp\/v2\/posts\/221711","targetHints":{"allow":["GET"]}}],"collection":[{"href":"https:\/\/www.europesays.com\/fr\/wp-json\/wp\/v2\/posts"}],"about":[{"href":"https:\/\/www.europesays.com\/fr\/wp-json\/wp\/v2\/types\/post"}],"author":[{"embeddable":true,"href":"https:\/\/www.europesays.com\/fr\/wp-json\/wp\/v2\/users\/2"}],"replies":[{"embeddable":true,"href":"https:\/\/www.europesays.com\/fr\/wp-json\/wp\/v2\/comments?post=221711"}],"version-history":[{"count":0,"href":"https:\/\/www.europesays.com\/fr\/wp-json\/wp\/v2\/posts\/221711\/revisions"}],"wp:featuredmedia":[{"embeddable":true,"href":"https:\/\/www.europesays.com\/fr\/wp-json\/wp\/v2\/media\/221712"}],"wp:attachment":[{"href":"https:\/\/www.europesays.com\/fr\/wp-json\/wp\/v2\/media?parent=221711"}],"wp:term":[{"taxonomy":"category","embeddable":true,"href":"https:\/\/www.europesays.com\/fr\/wp-json\/wp\/v2\/categories?post=221711"},{"taxonomy":"post_tag","embeddable":true,"href":"https:\/\/www.europesays.com\/fr\/wp-json\/wp\/v2\/tags?post=221711"}],"curies":[{"name":"wp","href":"https:\/\/api.w.org\/{rel}","templated":true}]}}