{"id":221713,"date":"2025-07-02T22:31:17","date_gmt":"2025-07-02T22:31:17","guid":{"rendered":"https:\/\/www.europesays.com\/fr\/221713\/"},"modified":"2025-07-02T22:31:17","modified_gmt":"2025-07-02T22:31:17","slug":"les-brocantes-et-vide-greniers-organises-dans-le-nord-le-week-end-des-5-et-6-juillet","status":"publish","type":"post","link":"https:\/\/www.europesays.com\/fr\/221713\/","title":{"rendered":"Les brocantes et vide-greniers organis\u00e9s dans le Nord le week-end des 5 et 6 juillet"},"content":{"rendered":"<p>            Par<br \/>\n        <strong><br \/>\n            <a href=\"https:\/\/actu.fr\/auteur\/hervine-mahaud\" title=\"Consulter tous les articles de Hervine Mahaud\" rel=\"nofollow noopener\" target=\"_blank\">Hervine Mahaud<\/a><br \/>\n        <\/strong><\/p>\n<p>        Publi\u00e9 le<\/p>\n<p>            2 juil. 2025 \u00e0 12h03        <\/p>\n<p>Vous allez encore pouvoir faire de <b>bonnes affaires<\/b> ce <b>week-end<\/b>. Samedi\u00a05 et dimanche 6\u00a0juillet 2025, plusieurs <b>brocantes<\/b>, <b>vide-greniers<\/b> et <b>braderies<\/b> sont organis\u00e9s dans <b>Nord<\/b>. Pour compl\u00e9ter, retrouvez aussi <a href=\"https:\/\/actu.fr\/loisirs-culture\/voici-les-brocantes-et-vide-greniers-organises-dans-le-pas-de-calais-ces-samedi-5-et-dimanche-6-juillet_62853611.html\" rel=\"nofollow noopener\" target=\"_blank\">la liste des march\u00e9s aux puces dans le Pas-de-Calais<\/a>.<\/p>\n<p>Samedi 5\u00a0juillet 2025<\/p>\n<p class=\" wall-content\"><b>Autour de Dunkerque<\/b><\/p>\n<ul class=\" wall-content\">\n<li><b>Ochtezeele<\/b> \u2013\u00a0Vide-greniers de 7h \u00e0 17h. Rue de la Mairie, rue Principale.<\/li>\n<li><b>Petite-Synthe<\/b> \u2013\u00a0Brocante avec 200\u00a0exposants, de 7h \u00e0 17h. Fort de Petite-Synthe, rue de Nancy.<\/li>\n<li><b>Qua\u00ebdypre<\/b> \u2013\u00a0Brocante de 6h30 \u00e0 16h. Rue des 5 Chemins, lotissement Saint-Pierre, rue 7 Fontaines.<\/li>\n<li><b>Vieux-Berquin<\/b> \u2013\u00a0Brocante de 8h \u00e0 14h. Rue d\u2019Estaires, rue de la Gare, rue Bailleul.<\/li>\n<\/ul>\n<p class=\" wall-content\"><b>Autour de Lille<\/b><\/p>\n<ul class=\" wall-content\">\n<li><b>Lomme<\/b> \u2013\u00a0Braderie, d\u00e9stockage de produits neufs et occasion de 10h \u00e0 17h30. Secours Populaire Fran\u00e7ais, 183 rue Anatole France.<\/li>\n<li><b>Villeneuve-d\u2019Ascq<\/b> \u2013 Vente de livres \u00e0 1\u00a0\u20ac, de 10h \u00e0 18h. M\u00e9diath\u00e8que, 96, chauss\u00e9e de l\u2019H\u00f4tel de Ville.<\/li>\n<\/ul>\n<p class=\" wall-content\"><b>Autour de Douai<\/b><\/p>\n<ul class=\" wall-content\">\n<li><b>Raimbeaucourt<\/b> \u2013\u00a0Brocante de 10h \u00e0 16h. Parking de l\u2019Ehpad\u00a0Les Myosotis, 160 rue Augustin Tirmont.<\/li>\n<\/ul>\n<p class=\" wall-content\"><b>Autour de Valenciennes<\/b><\/p>\n<ul class=\" wall-content\">\n<li><b>Saint-Saulve<\/b> \u2013\u00a0Brocante avec 500\u00a0exposants, de 16h \u00e0 23h. Rue Jean Jaur\u00e8s, rue Jean Moulin.<\/li>\n<\/ul>\n<p>Dimanche 6\u00a0juillet 2025<\/p>\n<p class=\" wall-content\"><b>Autour de Dunkerque<\/b><\/p>\n<ul class=\" wall-content\">\n<li><b>Coudekerque-Village<\/b> \u2013 Vide-greniers avec 280\u00a0exposants, de 7h \u00e0 17h. All\u00e9e du Relais des Forts.<\/li>\n<li><b>Gravelines<\/b> \u2013\u00a0Brocante avec 580\u00a0exposants, de 7h \u00e0 17h. Les Huttes, avenue L\u00e9on Jouhaux.<\/li>\n<li><b>Loon-Plage<\/b> \u2013\u00a0Brocante avec 400\u00a0exposants, de 8h \u00e0 17h. Rue Charles de\u00a0Gaulle, rue Georges Pompidou.<\/li>\n<li><b>Saint-Sylvestre-Cappel<\/b> \u2013\u00a0Brocante avec 150\u00a0exposants, de 7h \u00e0 14h. Rue des Acacias, rue Jacques Pr\u00e9vert, rue Poupart, rue des Houblonni\u00e8res.<\/li>\n<li><b>Spycker<\/b> \u2013\u00a0Brocante avec 200\u00a0exposants, de 6h30 \u00e0 18h. Avenue Rapha\u00ebl Pigache, place de l\u2019\u00c9glise, place du 225 RI.<\/li>\n<\/ul>\n<p class=\" wall-content\"><b>Autour de Lille<\/b><\/p>\n<ul class=\" wall-content\">\n<li><b>Anstaing<\/b> \u2013\u00a0Braderie avec300\u00a0exposants, de 7h \u00e0 14h. Rue Marie Curie, place Jules Guesde, rue Camille Dufay.<\/li>\n<li><b>Erquinghem-Lys<\/b> \u2013\u00a0Vide-greniers avec 300\u00a0exposants, de 7h \u00e0 13h. Place du G\u00e9n\u00e9ral de Gaulle, rue du Bac, rue d\u2019Armenti\u00e8res, rue Delpierre.<\/li>\n<li><b>Frelinghien<\/b> \u2013\u00a0Brocante avec 300\u00a0exposants, de 7h \u00e0 13h. Rue d\u2019Armenti\u00e8res, rue Amp\u00e8re.<\/li>\n<li><b>Houplines<\/b> \u2013\u00a0Brocante avec 450\u00a0exposants, de 8h \u00e0 16h. Rue Paul Lafargue, rue Chevalier de la Barre, rue Racine, rue Moli\u00e8re.<\/li>\n<li><b>Lille<\/b> \u2013 Vide-greniers \u00ab\u2009o\u00f9 tout est gratuit\u2009\u00bb, de 10h \u00e0 16h. Cour Morel, 67 rue de la justice. Entr\u00e9e 1\u20ac. Plus d\u2019infos <a href=\"https:\/\/www.facebook.com\/events\/s\/le-vide-greniers-de-la-cour-mo\/2107543126404030\/\" rel=\"nofollow noopener\" target=\"_blank\">en cliquant ici<\/a>.<\/li>\n<li><b>Lomme<\/b> \u2013\u00a0Vide-greniers de 7h \u00e0 14h. Rue Anatole France, rue Victor Hugo, rue des Martyres de la R\u00e9sistance, rue Delannoy, rue Delory.<\/li>\n<li><b>Lomme<\/b> \u2013\u00a0Braderie, d\u00e9stockage de produits neufs et occasion de 10h \u00e0 17h30. Secours Populaire Fran\u00e7ais, 183 rue Anatole France.<\/li>\n<li><b>Santes<\/b> \u2013\u00a0Brocante avec 300\u00a0exposants, de 7h \u00e0 13h. Place Hennion.<\/li>\n<li><b>Tourcoing<\/b> \u2013\u00a0March\u00e9 aux puces avec 300\u00a0exposants, de 8h \u00e0 16h. Rue d\u2019Anvers.<\/li>\n<li><b>Wattrelos<\/b> \u2013\u00a0Vide-greniers avec 200\u00a0exposants, de 8h \u00e0 18h. Rue du Syndicat, rue du 19\u00a0Mars, rue Carri\u00e8re Houz\u00e9, rue Jacques \u00c9douard.<\/li>\n<\/ul>\n<p class=\" wall-content\"><b>Autour de Douai<\/b><\/p>\n<ul class=\" wall-content\">\n<li><b>Aubigny-au-Bac<\/b> \u2013\u00a0Brocante de 7h \u00e0 18h. Rue Jean-Baptiste Alphonse, rue Lucien Dupas, rue L\u00e9o Lagrange, rue Jean Simon Dumont, rue Charles Bayen, rue Fran\u00e7ois Pontieux, rue Jeanne Claire.<\/li>\n<li><b>Waziers<\/b> \u2013\u00a0Braderie avec 300\u00a0exposants, de 8h \u00e0 16h. Rue Pasteur, rue Gustave Deloeil.<\/li>\n<\/ul>\n<p class=\" wall-content\"><b>Autour de Cambrai<\/b><\/p>\n<ul class=\" wall-content\">\n<li><b>Cambrai<\/b> \u2013\u00a0Brocante de 8h \u00e0 18h. Place Aristide Briand.<\/li>\n<li><b>Iwuy<\/b> \u2013\u00a0Brocante avec 200\u00a0exposants, de 6h \u00e0 16h. Rue du 4\u00a0Septembre, rue Pierre et Josette Dagniaux, rue du Parc, rue des Lilas, rue de la Libert\u00e9.<\/li>\n<\/ul>\n<p class=\" wall-content\"><b>Autour de Valenciennes<\/b><\/p>\n<ul class=\" wall-content\">\n<li><b>Anzin<\/b> \u2013 Brocante avec 120\u00a0exposants, de 8h \u00e0 16h. Rue Waldeck Rousseau.<\/li>\n<li><b>Bruay-sur-l\u2019Escaut<\/b> \u2013\u00a0Vide-greniers avec 80\u00a0exposants, de 8h \u00e0 17h. Rue Pablo Picasso, rue Pablo Neruda.<\/li>\n<li><b>Denain<\/b> \u2013 Brocante avec 300\u00a0exposants, de7h \u00e0 17h. Rue Arthur Brunet.<\/li>\n<li><b>Douchy-les-Mines<\/b> \u2013\u00a0Brocante avec 200\u00a0exposants, de 7h30 \u00e0 17h. Parking salle Barbusse, rue Julio Curie, rue Gabriel P\u00e9ri, rue Andr\u00e9 Coupez.<\/li>\n<li><b>Escaudain<\/b> \u2013\u00a0Brocante avec 150\u00a0exposants, de 6h \u00e0 16h. All\u00e9e Robert de Nervo, rue de Bouchain.<\/li>\n<li><b>Hergnies<\/b> \u2013 Brocante avec 150\u00a0exposants, de 6h \u00e0 18h. Place de la R\u00e9publique.<\/li>\n<li><b>Marly<\/b> \u2013 Brocante avec 150\u00a0exposants, de 8h \u00e0 17h. Avenue des Lilas.<\/li>\n<li><b>Pr\u00e9seau<\/b> \u2013\u00a0Brocante avec 700\u00a0exposants, de 8h \u00e0 18h. Rue Jean Jaur\u00e8s, rue Armand Delbove, rue \u00c9variste Boussemart.<\/li>\n<li><b>Saint-Amand-les-Eaux<\/b> \u2013\u00a0Brocante avec 120\u00a0exposants, de 8h \u00e0 15h. Rue du Carme, r\u00e9sidence du Saubois, rue du Sergent Depeuil.<\/li>\n<\/ul>\n<p class=\" wall-content\"><b>Autour d\u2019Avesnes-sur-Helpe<\/b><\/p>\n<ul class=\" wall-content\">\n<li><b>Aulnoye-Aymeries<\/b> \u2013 Vide-greniers avec 100\u00a0exposants, de 8h \u00e0 18h. Place du 8\u00a0Mai 1945.<\/li>\n<li><b>Bermeries<\/b> \u2013\u00a0Brocante avec 100\u00a0exposants, de 7h \u00e0 18h. Rue de la Ruelle, chemin du Partiau.<\/li>\n<li><b>Eth<\/b> \u2013\u00a0Brocante avec 100\u00a0exposants, de 7h \u00e0 17h. Rue du Bois, rue du Cur\u00e9, place de l\u2019\u00c9glise, rue du Ch\u00e2teau.<\/li>\n<li><b>Feignies<\/b> \u2013 Brocante avec 100\u00a0exposants, de 6h \u00e0 18h. Rue de Blaton.<\/li>\n<li><b>Ferri\u00e8re-la-Grande<\/b> \u2013\u00a0Brocante avec 100\u00a0exposants, de 6h30 \u00e0 18h. Cit\u00e9 du Marais, rue de la Chapelle.<\/li>\n<li><b>Maubeuge<\/b> \u2013\u00a0Brocante avec 100\u00a0exposants, de 8h \u00e0 18h. Rue de Montplaisir, rue de l\u2019\u00c9cole Maternelle.<\/li>\n<li><b>Wignehies<\/b> \u2013 Brocante avec moins de 50\u00a0exposants, de 8h \u00e0 17h. Rue des Soigneuses.<\/li>\n<\/ul>\n<p class=\" wall-content\">Suivez toute l\u2019actualit\u00e9 de vos villes et m\u00e9dias favoris en vous inscrivant \u00e0 <a href=\"https:\/\/moncompte.actu.fr\" title=\"D\u00e9couvez Mon Actu\" rel=\"nofollow noopener\" data-trk=\"{&quot;cta&quot;:{&quot;action&quot;:&quot;https:\\\/\\\/moncompte.actu.fr&quot;,&quot;category&quot;:&quot;mon compte&quot;,&quot;from&quot;:&quot;article footer&quot;,&quot;name&quot;:&quot;Mon actu&quot;,&quot;type&quot;:&quot;cta&quot;}}\" target=\"_blank\">Mon Actu<\/a>.<\/p>\n","protected":false},"excerpt":{"rendered":"Par Hervine Mahaud Publi\u00e9 le 2 juil. 2025 \u00e0 12h03 Vous allez encore pouvoir faire de bonnes affaires&hellip;\n","protected":false},"author":2,"featured_media":221714,"comment_status":"","ping_status":"","sticky":false,"template":"","format":"standard","meta":{"footnotes":""},"categories":[2815],"tags":[1111,11,6961,1777,674,1011,27,811,1307,1652,12,25,3365],"class_list":{"0":"post-221713","1":"post","2":"type-post","3":"status-publish","4":"format-standard","5":"has-post-thumbnail","7":"category-lille","8":"tag-actu","9":"tag-actualites","10":"tag-brocante","11":"tag-eu","12":"tag-europe","13":"tag-fr","14":"tag-france","15":"tag-hauts-de-france","16":"tag-lille","17":"tag-loisirs-culture","18":"tag-news","19":"tag-republique-francaise","20":"tag-vide-greniers"},"share_on_mastodon":{"url":"https:\/\/pubeurope.com\/@fr\/114786014566516935","error":""},"_links":{"self":[{"href":"https:\/\/www.europesays.com\/fr\/wp-json\/wp\/v2\/posts\/221713","targetHints":{"allow":["GET"]}}],"collection":[{"href":"https:\/\/www.europesays.com\/fr\/wp-json\/wp\/v2\/posts"}],"about":[{"href":"https:\/\/www.europesays.com\/fr\/wp-json\/wp\/v2\/types\/post"}],"author":[{"embeddable":true,"href":"https:\/\/www.europesays.com\/fr\/wp-json\/wp\/v2\/users\/2"}],"replies":[{"embeddable":true,"href":"https:\/\/www.europesays.com\/fr\/wp-json\/wp\/v2\/comments?post=221713"}],"version-history":[{"count":0,"href":"https:\/\/www.europesays.com\/fr\/wp-json\/wp\/v2\/posts\/221713\/revisions"}],"wp:featuredmedia":[{"embeddable":true,"href":"https:\/\/www.europesays.com\/fr\/wp-json\/wp\/v2\/media\/221714"}],"wp:attachment":[{"href":"https:\/\/www.europesays.com\/fr\/wp-json\/wp\/v2\/media?parent=221713"}],"wp:term":[{"taxonomy":"category","embeddable":true,"href":"https:\/\/www.europesays.com\/fr\/wp-json\/wp\/v2\/categories?post=221713"},{"taxonomy":"post_tag","embeddable":true,"href":"https:\/\/www.europesays.com\/fr\/wp-json\/wp\/v2\/tags?post=221713"}],"curies":[{"name":"wp","href":"https:\/\/api.w.org\/{rel}","templated":true}]}}