{"id":221719,"date":"2025-07-02T22:34:13","date_gmt":"2025-07-02T22:34:13","guid":{"rendered":"https:\/\/www.europesays.com\/fr\/221719\/"},"modified":"2025-07-02T22:34:13","modified_gmt":"2025-07-02T22:34:13","slug":"vers-30-dannulation-des-vols-a-marseille-40-a-paris","status":"publish","type":"post","link":"https:\/\/www.europesays.com\/fr\/221719\/","title":{"rendered":"vers 30% d&rsquo;annulation des vols \u00e0 Marseille, 40% \u00e0 Paris"},"content":{"rendered":"<p>Les compagnies a\u00e9riennes sont appel\u00e9es \u00e0 annuler <strong>40% de leurs vols au d\u00e9part ou \u00e0 l&rsquo;arriv\u00e9e des a\u00e9roports de Paris-Charles-de-Gaulle et Orly <\/strong>ce<strong> <\/strong>vendredi, <a href=\"https:\/\/www.laprovence.com\/article\/france-monde\/35894966069704\/preavis-de-greve-de-controleurs-aeriens-francais-juste-avant-les-vacances-dete\" target=\"_blank\" rel=\"noopener\">veille des vacances d&rsquo;\u00e9t\u00e9<\/a>, en raison d&rsquo;une gr\u00e8ve de contr\u00f4leurs a\u00e9riens, a annonc\u00e9 ce mercredi la Direction g\u00e9n\u00e9rale de l&rsquo;Aviation civile.<\/p>\n<p>Ces exigences de l&rsquo;administration sont plus \u00e9lev\u00e9es que celles de jeudi, premier jour de mouvement social, quand un quart des vols seront supprim\u00e9s dans les a\u00e9roports parisiens. \u00c0 Nice, troisi\u00e8me plateforme fran\u00e7aise, ces annulations concerneront vendredi la moiti\u00e9 des liaisons, comme jeudi. <a href=\"https:\/\/www.laprovence.com\/article\/societe\/69937337130623\/greve-de-controleurs-aeriens-les-aeroports-du-sud-tres-touches-ce-jeudi\" target=\"_blank\" rel=\"noopener\">Les compagnies devront annuler 30% de leurs programmes de vol \u00e0 Lyon, <strong>Marseille<\/strong><\/a> et Montpellier. Les a\u00e9roports de Corse &#8211; <strong>Ajaccio, Bastia, Calvi et Figari <\/strong>&#8211; sont \u00e9galement impact\u00e9s.<\/p>\n<p>Philippe Tabarot juge \u00ab\u00a0nacceptables\u00a0\u00bb les revendications<\/p>\n<p>L&rsquo;a\u00e9roport de Beauvais, bastion du \u00ab\u00a0low cost\u00a0\u00bb, se verra \u00e9galement imposer une r\u00e9duction des vols de 40%, a pr\u00e9cis\u00e9 la DGAC dans un communiqu\u00e9.<\/p>\n<p>De source proche du dossier, on indique que l&rsquo;aviation d&rsquo;affaires sera aussi tr\u00e8s affect\u00e9e par ce conflit. Mercredi, le ministre des Transports Philippe Tabarot a exclu de c\u00e9der aux revendications de syndicats \u00ab\u00a0minoritaires\u00a0\u00bb, qui \u00ab\u00a0sont inacceptables, tout comme le choix de faire cette gr\u00e8ve au moment des grands d\u00e9parts en cong\u00e9s\u00a0\u00bb.<\/p>\n<p>L&rsquo;influente association Airlines for Europe, qui f\u00e9d\u00e8re entre autres Air France-KLM, Lufthansa, British Airways et Ryanair, a jug\u00e9 pour sa part ces appels \u00e0 la gr\u00e8ve \u00ab\u00a0intol\u00e9rables\u00a0\u00bb et a pr\u00e9venu qu&rsquo;ils allaient \u00ab\u00a0perturber les projets de vacances de milliers de personnes\u00a0\u00bb.\u00a0<\/p>\n<p>Le deuxi\u00e8me syndicat d&rsquo;aiguilleurs du ciel (17% des voix aux derni\u00e8res \u00e9lections professionnelles), l&rsquo;Unsa-Icna, a appel\u00e9 \u00e0 la gr\u00e8ve jeudi et vendredi. Le troisi\u00e8me, l&rsquo;Usac-CGT (16% des suffrages), a rejoint le mouvement. En r\u00e9ponse aux propos de Philippe Tabarot, l&rsquo;Unsa-Icna a dit \u00ab\u00a0regrette(r) que la communication politique ait d\u00e9sormais pris le pas sur le traitement des probl\u00e9matiques majeures\u00a0\u00bb \u00e0 la DGAC.<\/p>\n<p>Le syndicat a cit\u00e9 \u00e0 cet effet \u00ab\u00a0un sous-effectif entretenu et responsable des retards une bonne partie de l&rsquo;\u00e9t\u00e9\u00a0\u00bb, des outils obsol\u00e8tes et \u00ab\u00a0un management toxique, incompatible avec les imp\u00e9ratifs de s\u00e9r\u00e9nit\u00e9 et de s\u00e9curit\u00e9 exig\u00e9s\u00a0\u00bb.<\/p>\n<p>Le premier syndicat, le SNCTA (60% des voix), a indiqu\u00e9 \u00e0 l&rsquo;AFP ne pas appeler \u00e0 la gr\u00e8ve.<\/p>\n","protected":false},"excerpt":{"rendered":"Les compagnies a\u00e9riennes sont appel\u00e9es \u00e0 annuler 40% de leurs vols au d\u00e9part ou \u00e0 l&rsquo;arriv\u00e9e des a\u00e9roports&hellip;\n","protected":false},"author":2,"featured_media":221720,"comment_status":"","ping_status":"","sticky":false,"template":"","format":"standard","meta":{"footnotes":""},"categories":[2814],"tags":[17,11045,1111,11,35797,1102,35796,36063,154,1777,674,1011,27,6151,884,12,882,16,25,13703],"class_list":{"0":"post-221719","1":"post","2":"type-post","3":"status-publish","4":"format-standard","5":"has-post-thumbnail","7":"category-marseille","8":"tag-17","9":"tag-11045","10":"tag-actu","11":"tag-actualites","12":"tag-aeriens","13":"tag-breakingnews","14":"tag-controleurs","15":"tag-dannulation","16":"tag-des","17":"tag-eu","18":"tag-europe","19":"tag-fr","20":"tag-france","21":"tag-greve","22":"tag-marseille","23":"tag-news","24":"tag-provence-alpes-cote-dazur","25":"tag-region","26":"tag-republique-francaise","27":"tag-vers"},"share_on_mastodon":{"url":"https:\/\/pubeurope.com\/@fr\/114786026424103001","error":""},"_links":{"self":[{"href":"https:\/\/www.europesays.com\/fr\/wp-json\/wp\/v2\/posts\/221719","targetHints":{"allow":["GET"]}}],"collection":[{"href":"https:\/\/www.europesays.com\/fr\/wp-json\/wp\/v2\/posts"}],"about":[{"href":"https:\/\/www.europesays.com\/fr\/wp-json\/wp\/v2\/types\/post"}],"author":[{"embeddable":true,"href":"https:\/\/www.europesays.com\/fr\/wp-json\/wp\/v2\/users\/2"}],"replies":[{"embeddable":true,"href":"https:\/\/www.europesays.com\/fr\/wp-json\/wp\/v2\/comments?post=221719"}],"version-history":[{"count":0,"href":"https:\/\/www.europesays.com\/fr\/wp-json\/wp\/v2\/posts\/221719\/revisions"}],"wp:featuredmedia":[{"embeddable":true,"href":"https:\/\/www.europesays.com\/fr\/wp-json\/wp\/v2\/media\/221720"}],"wp:attachment":[{"href":"https:\/\/www.europesays.com\/fr\/wp-json\/wp\/v2\/media?parent=221719"}],"wp:term":[{"taxonomy":"category","embeddable":true,"href":"https:\/\/www.europesays.com\/fr\/wp-json\/wp\/v2\/categories?post=221719"},{"taxonomy":"post_tag","embeddable":true,"href":"https:\/\/www.europesays.com\/fr\/wp-json\/wp\/v2\/tags?post=221719"}],"curies":[{"name":"wp","href":"https:\/\/api.w.org\/{rel}","templated":true}]}}