{"id":221723,"date":"2025-07-02T22:36:12","date_gmt":"2025-07-02T22:36:12","guid":{"rendered":"https:\/\/www.europesays.com\/fr\/221723\/"},"modified":"2025-07-02T22:36:12","modified_gmt":"2025-07-02T22:36:12","slug":"lyon-doit-trouver-70-millions-deuros-pour-rester-en-ligue-1-france-olympique-lyonnais","status":"publish","type":"post","link":"https:\/\/www.europesays.com\/fr\/221723\/","title":{"rendered":"Lyon doit trouver 70 millions d&rsquo;euros pour rester en Ligue 1 &#8211; France &#8211; Olympique lyonnais"},"content":{"rendered":"<p>Kang la conqu\u00e9rante.<\/p>\n<p><strong>L\u2019Olympique lyonnais doit trouver 70 millions d\u2019euros s\u2019il souhaite rester en Ligue 1<\/strong> (et disputer la Ligue Europa). <a target=\"_blank\" href=\"https:\/\/www.lequipe.fr\/Football\/Actualites\/Lyon-pourrait-etre-fixe-la-semaine-prochaine-au-sujet-de-sa-retrogradation-administrative-en-ligue-2\/1574940\" rel=\"nofollow noopener\">L\u2019\u00c9quipe<\/a> informe que plusieurs actionnaires sont dans l\u2019obligation de mettre la main \u00e0 la p\u00e2te s\u2019ils veulent sauver le club. L\u2019OL doit montrer ces garanties financi\u00e8res \u00e0 la DNCG lors de sa commission d\u2019appel, pr\u00e9vue la semaine du 7 juillet.<\/p>\n<p><a target=\"_blank\" href=\"https:\/\/www.sofoot.com\/articles\/lol-retrograde-en-ligue-2-par-la-dncg-ce-qui-devait-arriver-arriva\" rel=\"nofollow noopener\">R\u00e9trograd\u00e9 administrativement en Ligue 2 par la DNCG<\/a>, le club lyonnais a chang\u00e9 son organigramme pour pouvoir passer le cap du gendarme financier. <a target=\"_blank\" href=\"https:\/\/www.sofoot.com\/articles\/qui-est-le-duo-kang-gerlinger-qui-prend-la-place-de-john-textor-a-la-presidence-de-lolympique-lyonnais\" rel=\"nofollow noopener\">Michele Kang est devenue sa pr\u00e9sidente<\/a>, Michele Gerlinger son directeur g\u00e9n\u00e9ral, et John Textor est parti virer des <a target=\"_blank\" href=\"https:\/\/www.sofoot.com\/breves\/apres-la-defaite-contre-palmeiras-john-textor-licencie-lentraineur-de-botafogo\" rel=\"nofollow noopener\">entra\u00eeneurs \u00e0 Botafogo<\/a>. Les nouvelles t\u00eates de l\u2019OL esp\u00e8rent rassurer le football fran\u00e7ais.<\/p>\n<p>Plusieurs d\u00e9parts attendus<\/p>\n<p><strong>Sur le plan sportif, les joueurs de Paulo Fonseca doivent reprendre l\u2019entra\u00eenement lundi 7 juillet prochain<\/strong>. Rayan Cherki, Sa\u00efd Benrahma et Johann Lepenant ont d\u00e9j\u00e0 quitt\u00e9 le club, en attendant une ribambelle de mouvements cet \u00e9t\u00e9. Alexandre Lacazette, comme d\u2019autres, est par exemple courtis\u00e9 par les <a target=\"_blank\" href=\"https:\/\/www.sofoot.com\/breves\/mercato-alexandre-lacazette-va-sen-aller-au-neom-sc-en-arabie-saoudite\" rel=\"nofollow noopener\">Saoudiens de Neom<\/a>.<\/p>\n<p>Le tout sous la canicule, le d\u00e9but d\u2019\u00e9t\u00e9 lyonnais est bien triste.<\/p>\n<p>\t\t\t\t\t\t\t\t\t\t<a class=\"lien-connexe\" href=\"https:\/\/www.sofoot.com\/breves\/mercato-alexandre-lacazette-legende-de-lolympique-lyonnais-officiellement-a-neom\" rel=\"nofollow noopener\" target=\"_blank\">Une l\u00e9gende de Lyon officiellement \u00e0 Neom<\/a>\t\t\t\t\t<\/p>\n","protected":false},"excerpt":{"rendered":"Kang la conqu\u00e9rante. L\u2019Olympique lyonnais doit trouver 70 millions d\u2019euros s\u2019il souhaite rester en Ligue 1 (et disputer&hellip;\n","protected":false},"author":2,"featured_media":221724,"comment_status":"","ping_status":"","sticky":false,"template":"","format":"standard","meta":{"footnotes":""},"categories":[1889],"tags":[1111,47,11,61,2430,69,65,64,1777,674,63,1011,27,68,66,2428,12,62,70,25,67],"class_list":{"0":"post-221723","1":"post","2":"type-post","3":"status-publish","4":"format-standard","5":"has-post-thumbnail","7":"category-lyon","8":"tag-actu","9":"tag-actualite","10":"tag-actualites","11":"tag-actus-football","12":"tag-auvergne-rhone-alpes","13":"tag-bundesliga","14":"tag-championnats-europeens","15":"tag-equipe-de-france","16":"tag-eu","17":"tag-europe","18":"tag-football","19":"tag-fr","20":"tag-france","21":"tag-ligua","22":"tag-ligue-1","23":"tag-lyon","24":"tag-news","25":"tag-news-foot","26":"tag-premier-league","27":"tag-republique-francaise","28":"tag-serie-a"},"share_on_mastodon":{"url":"https:\/\/pubeurope.com\/@fr\/114786034350211709","error":""},"_links":{"self":[{"href":"https:\/\/www.europesays.com\/fr\/wp-json\/wp\/v2\/posts\/221723","targetHints":{"allow":["GET"]}}],"collection":[{"href":"https:\/\/www.europesays.com\/fr\/wp-json\/wp\/v2\/posts"}],"about":[{"href":"https:\/\/www.europesays.com\/fr\/wp-json\/wp\/v2\/types\/post"}],"author":[{"embeddable":true,"href":"https:\/\/www.europesays.com\/fr\/wp-json\/wp\/v2\/users\/2"}],"replies":[{"embeddable":true,"href":"https:\/\/www.europesays.com\/fr\/wp-json\/wp\/v2\/comments?post=221723"}],"version-history":[{"count":0,"href":"https:\/\/www.europesays.com\/fr\/wp-json\/wp\/v2\/posts\/221723\/revisions"}],"wp:featuredmedia":[{"embeddable":true,"href":"https:\/\/www.europesays.com\/fr\/wp-json\/wp\/v2\/media\/221724"}],"wp:attachment":[{"href":"https:\/\/www.europesays.com\/fr\/wp-json\/wp\/v2\/media?parent=221723"}],"wp:term":[{"taxonomy":"category","embeddable":true,"href":"https:\/\/www.europesays.com\/fr\/wp-json\/wp\/v2\/categories?post=221723"},{"taxonomy":"post_tag","embeddable":true,"href":"https:\/\/www.europesays.com\/fr\/wp-json\/wp\/v2\/tags?post=221723"}],"curies":[{"name":"wp","href":"https:\/\/api.w.org\/{rel}","templated":true}]}}