{"id":221725,"date":"2025-07-02T22:37:19","date_gmt":"2025-07-02T22:37:19","guid":{"rendered":"https:\/\/www.europesays.com\/fr\/221725\/"},"modified":"2025-07-02T22:37:19","modified_gmt":"2025-07-02T22:37:19","slug":"episode-neigeux-en-ile-de-france-400-km-de-bouchons-pagaille-dans-les-aeroports-et-les-gares","status":"publish","type":"post","link":"https:\/\/www.europesays.com\/fr\/221725\/","title":{"rendered":"\u00c9pisode neigeux en \u00cele-de-France : 400 km de bouchons, pagaille dans les a\u00e9roports et les gares"},"content":{"rendered":"<ul class=\"jsx-862013697 ArticleChapo__List\">\n<li class=\"jsx-862013697 ArticleChapo__List_Item flex\">L&rsquo;\u00cele-de-France et ses 12 millions d&rsquo;habitants n&rsquo;avaient pas subi de telles chutes de neige depuis plusieurs ann\u00e9es.<\/li>\n<li class=\"jsx-862013697 ArticleChapo__List_Item flex\">Les cons\u00e9quences ont \u00e9t\u00e9 imm\u00e9diates avec 400 kilom\u00e8tres de bouchons et des milliers de voitures bloqu\u00e9es.<\/li>\n<li class=\"jsx-862013697 ArticleChapo__List_Item flex\">L&rsquo;a\u00e9roport de Roissy-Charles-de-Gaulle et certaines gares SNCF ont par ailleurs \u00e9t\u00e9 tr\u00e8s perturb\u00e9s.<\/li>\n<\/ul>\n<p><a href=\"https:\/\/www.tf1info.fr\/emissions\/tf1\/le-20h-11001\/\" rel=\"noopener\" class=\"jsx-484472199 Link jsx-1428418400 jsx-640816507\" target=\"_blank\"><\/p>\n<p style=\"font-weight:400\" class=\"jsx-1837267516\">Suivez la couverture compl\u00e8te<\/p>\n<p style=\"font-weight:800\" class=\"jsx-1837267516\">Le 20H<\/p>\n<p><\/a><\/p>\n<p data-module=\"article-paragraph\" class=\"jsx-3046738180 Paragraph Paragraph__End\">La temp\u00eate de neige qui a touch\u00e9 la France ce jeudi a provoqu\u00e9 accidents et ralentissements sur les autoroutes d&rsquo;\u00cele-de-France. Pourtant, beaucoup de conducteurs avaient anticip\u00e9 ces conditions difficiles. Exemple \u00e0 V\u00e9lizy o\u00f9 certains avaient quitt\u00e9 le travail d\u00e8s 15h dans l&rsquo;espoir d&rsquo;\u00e9viter les bouchons. \u00ab\u00a0L\u00e0, je rentre un peu plus t\u00f4t justement pour essayer d&rsquo;anticiper le retour, ce qui n&rsquo;est pas gagn\u00e9 apparemment\u00a0\u00bb, craint un automobiliste dans la vid\u00e9o ci-dessus. De son c\u00f4t\u00e9, une conductrice de deux-roues est en col\u00e8re. \u00ab\u00a0Ces routes ne sont pas du tout d\u00e9neig\u00e9es. Je viens de tomber l\u00e0. Mon casque est cass\u00e9\u00a0\u00bb, se d\u00e9sole-t-elle.\u00a0<\/p>\n<blockquote class=\"jsx-2786790838 Quote__Text\"><p>Une fois install\u00e9 dans l&rsquo;avion, on nous a annonc\u00e9 que le vol \u00e9tait annul\u00e9.<\/p><\/blockquote>\n<p>Une passag\u00e8re \u00e0 Roissy<\/p>\n<p data-module=\"article-paragraph\" class=\"jsx-3046738180 Paragraph\">Ce jeudi soir, les routes d&rsquo;\u00cele-de-France comptent jusqu&rsquo;\u00e0 400 kilom\u00e8tres de bouchons. Par endroits, les lignes de bus sont totalement \u00e0 l&rsquo;arr\u00eat. Tandis que gare Montparnasse, certaines grandes lignes affichent cinq heures de retard \u00e0 l&rsquo;arriv\u00e9e, en raison de chutes d&rsquo;arbres sur les lignes. Au grand dam des usagers. \u00ab\u00a0Train annul\u00e9 donc on est surcharg\u00e9 et on n&rsquo;a pas de place\u00a0\u00bb, se plaint l&rsquo;un d&rsquo;eux.\u00a0<\/p>\n<p data-module=\"article-paragraph\" class=\"jsx-3046738180 Paragraph\">La situation est encore plus difficile \u00e0 l&rsquo;a\u00e9roport de Roissy. La neige a clou\u00e9 au sol 1 vol sur 10 au d\u00e9part. Des annulations incompr\u00e9hensibles pour beaucoup de voyageurs. \u00ab\u00a0Moi, je revenais d&rsquo;Helsinki, donc il y avait beaucoup de neige, mais eux, ils \u00e9taient pr\u00e9par\u00e9s. Mais ici, c&rsquo;est un peu compliqu\u00e9\u00a0\u00bb, ironise un jeune homme. Une passag\u00e8re, elle, a d\u00fb d\u00e9barquer : \u00ab\u00a0Une fois install\u00e9 dans l&rsquo;avion, on nous a annonc\u00e9 que le vol \u00e9tait annul\u00e9. Donc l\u00e0, on attend de savoir si on va pouvoir embarquer sur un autre vol\u00a0\u00bb, t\u00e9moigne-t-elle. Air France proposera des indemnisations uniquement en cas de correspondances manqu\u00e9es.\u00a0<\/p>\n<p data-module=\"article-paragraph\" class=\"jsx-3046738180 Paragraph Paragraph__End\">Du c\u00f4t\u00e9 des \u00e9tablissements scolaires, par pr\u00e9caution, certains ont ferm\u00e9 d\u00e8s 14h. Du coup, des parents ont \u00e9t\u00e9 pris de cours. \u00ab\u00a0Je vais quitter mon travail un peu plus t\u00f4t parce que justement, on a re\u00e7u des mails de l&rsquo;\u00e9cole et il faut rentrer \u00e0 la maison chercher les enfants\u00a0\u00bb, avance un p\u00e8re de famille.\u00a0<\/p>\n<p>La plus grande vigilance est de mise<\/p>\n<p data-module=\"article-paragraph\" class=\"jsx-3046738180 Paragraph\">Ce soir, la consigne est claire en \u00cele-de-France : \u00e9viter les d\u00e9placements s&rsquo;ils ne sont pas absolument n\u00e9cessaires, car la crainte, c&rsquo;est \u00e9videmment l&rsquo;apparition du verglas dans les prochaines heures et une circulation difficile, voire impossible ce vendredi matin.\u00a0<\/p>\n<p data-module=\"article-paragraph\" class=\"jsx-3046738180 Paragraph Paragraph__End\">Selon la journaliste de TF1, Jeanne Quancard, les saleuses sont entr\u00e9es en action. \u00ab\u00a0Elles sont une centaine d\u00e9ploy\u00e9es partout dans l&rsquo;Ile-de-France afin d&rsquo;\u00e9viter que la neige ne se transforme en verglas, car il faut savoir que les temp\u00e9ratures n\u00e9gatives pourraient persister m\u00eame si les conditions m\u00e9t\u00e9o vont s&rsquo;am\u00e9liorer dans la journ\u00e9e de demain en Ile-de-France\u00a0\u00bb, affirme-t-elle dans la vid\u00e9o ci-dessous.<\/p>\n<p>\u00cele-de-France : attention au verglas demainSource : JT 20h Semaine<\/p>\n<p><a href=\"https:\/\/www.tf1info.fr\/meteo\/videos\/video-ile-de-france-attention-au-verglas-demain-6275-2335438.html\" rel=\"noopener\" aria-label=\"01:05 \u00cele-de-France : attention au verglas demain\" class=\"jsx-484472199 Link\" target=\"_blank\"><img decoding=\"async\" src=\"https:\/\/www.europesays.com\/fr\/wp-content\/uploads\/2025\/07\/ile-de-france-attention-au-verglas-demain-933dfc-0@1x.jpeg\" alt=\"\" loading=\"lazy\" importance=\"low\" fetchpriority=\"low\" class=\"\" aria-hidden=\"true\"\/><\/p>\n<p>01:05<\/p>\n<p>\u00cele-de-France : attention au verglas demain<\/a><\/p>\n<p data-module=\"article-paragraph\" class=\"jsx-3046738180 Paragraph Paragraph__End\">\u00ab\u00a0C&rsquo;est justement pour cette raison que plusieurs d\u00e9partements de la r\u00e9gion, comme les Yvelines et la Seine-et-Marne, ont d\u00e9cid\u00e9 encore pour demain de suspendre tous leurs transports scolaires. Et de fa\u00e7on plus g\u00e9n\u00e9rale, les professionnels de la route appellent tous les franciliens \u00e0 la plus grande vigilance lors de leurs d\u00e9placements\u00a0\u00bb, pr\u00e9vient-elle.<\/p>\n<p>V. F | Reportage : Benoit Christal<\/p>\n","protected":false},"excerpt":{"rendered":"L&rsquo;\u00cele-de-France et ses 12 millions d&rsquo;habitants n&rsquo;avaient pas subi de telles chutes de neige depuis plusieurs ann\u00e9es. Les&hellip;\n","protected":false},"author":2,"featured_media":221726,"comment_status":"","ping_status":"","sticky":false,"template":"","format":"standard","meta":{"footnotes":""},"categories":[1592],"tags":[3085,1111,11,1921,1777,674,1011,27,662,1922,3059,2952,36064,11007,10584,12,626,11008,25,133,11009],"class_list":{"0":"post-221725","1":"post","2":"type-post","3":"status-publish","4":"format-standard","5":"has-post-thumbnail","7":"category-ile-de-france","8":"tag-accidents","9":"tag-actu","10":"tag-actualites","11":"tag-article-video","12":"tag-eu","13":"tag-europe","14":"tag-fr","15":"tag-france","16":"tag-ile-de-france","17":"tag-info","18":"tag-intemperies","19":"tag-le-20h","20":"tag-meteo-des-neiges","21":"tag-meteo-quotidienne","22":"tag-neige","23":"tag-news","24":"tag-paris","25":"tag-phenomenes-meteo","26":"tag-republique-francaise","27":"tag-video","28":"tag-video-meteo-et-intemperies"},"share_on_mastodon":{"url":"https:\/\/pubeurope.com\/@fr\/114786038257706867","error":""},"_links":{"self":[{"href":"https:\/\/www.europesays.com\/fr\/wp-json\/wp\/v2\/posts\/221725","targetHints":{"allow":["GET"]}}],"collection":[{"href":"https:\/\/www.europesays.com\/fr\/wp-json\/wp\/v2\/posts"}],"about":[{"href":"https:\/\/www.europesays.com\/fr\/wp-json\/wp\/v2\/types\/post"}],"author":[{"embeddable":true,"href":"https:\/\/www.europesays.com\/fr\/wp-json\/wp\/v2\/users\/2"}],"replies":[{"embeddable":true,"href":"https:\/\/www.europesays.com\/fr\/wp-json\/wp\/v2\/comments?post=221725"}],"version-history":[{"count":0,"href":"https:\/\/www.europesays.com\/fr\/wp-json\/wp\/v2\/posts\/221725\/revisions"}],"wp:featuredmedia":[{"embeddable":true,"href":"https:\/\/www.europesays.com\/fr\/wp-json\/wp\/v2\/media\/221726"}],"wp:attachment":[{"href":"https:\/\/www.europesays.com\/fr\/wp-json\/wp\/v2\/media?parent=221725"}],"wp:term":[{"taxonomy":"category","embeddable":true,"href":"https:\/\/www.europesays.com\/fr\/wp-json\/wp\/v2\/categories?post=221725"},{"taxonomy":"post_tag","embeddable":true,"href":"https:\/\/www.europesays.com\/fr\/wp-json\/wp\/v2\/tags?post=221725"}],"curies":[{"name":"wp","href":"https:\/\/api.w.org\/{rel}","templated":true}]}}