{"id":221728,"date":"2025-07-02T22:39:12","date_gmt":"2025-07-02T22:39:12","guid":{"rendered":"https:\/\/www.europesays.com\/fr\/221728\/"},"modified":"2025-07-02T22:39:12","modified_gmt":"2025-07-02T22:39:12","slug":"jj-van-der-mescht-quitte-le-stade-francais","status":"publish","type":"post","link":"https:\/\/www.europesays.com\/fr\/221728\/","title":{"rendered":"JJ Van der Mescht quitte le Stade Fran\u00e7ais"},"content":{"rendered":"<p>Le colosse sud-africain rejoint le club anglais de Northampton.<\/p>\n<p class=\"fig-paragraph\">Arriv\u00e9 au Stade Fran\u00e7ais en 2021, JJ Van der Mescht s\u2019arr\u00eate donc \u00e0 quatre saisons (87 matchs disput\u00e9s) dans la capitale. Ce mercredi, Northampton a en effet officialis\u00e9 l\u2019arriv\u00e9e du deuxi\u00e8me-ligne sud-africain (26 ans, 2 m, 145 kg).<\/p>\n<p class=\"fig-paragraph\">Sous contrat jusqu\u2019en 2027 avec le club parisien, JJ Van der Mescht quitte le Top 14 pour rejoindre les Saints, finalistes de la Coupe des champions cette saison. La dur\u00e9e du contrat n\u2019a pas \u00e9t\u00e9 pr\u00e9cis\u00e9e.<\/p>\n<p>                                    <a class=\"fig-a11y-skip a11y-hidden\" href=\"#fig-a11y-skip-main-inarticle\"><br \/>\n        Passer la publicit\u00e9<br \/>\n    <\/a><\/p>\n<p class=\"fig-paragraph\">\u00abLe Stade Fran\u00e7ais a accept\u00e9 de lib\u00e9rer JJ pour s\u2019engager aux Northampton Saints, le club parisien cherchant \u00e0 faire \u00e9voluer et \u00e0 am\u00e9liorer son effectif\u00bb, pr\u00e9cise le communiqu\u00e9 parisien.<a href=\"http:\/\/www.lefigaro.fr\/sports\/rugby\/top-14\/top-14-le-stade-francais-recrute-un-vice-champion-d-europe-20250630\" data-fig-type=\"NewsFlash\" data-gtm-custom-categorie=\"navigation\" data-gtm-custom-action=\"crossclick\" data-gtm-custom-label=\"Contextuel\" data-gtm-event=\"customEventSPE\" data-fig-domain=\"LEFIGARO\" rel=\"nofollow noopener\" target=\"_blank\">\u00a0Le troisi\u00e8me-ligne samoan Iakopo Mapu<\/a>\u00a0(27 ans) fait le chemin inverse.<\/p>\n","protected":false},"excerpt":{"rendered":"Le colosse sud-africain rejoint le club anglais de Northampton. Arriv\u00e9 au Stade Fran\u00e7ais en 2021, JJ Van der&hellip;\n","protected":false},"author":2,"featured_media":221729,"comment_status":"","ping_status":"","sticky":false,"template":"","format":"standard","meta":{"footnotes":""},"categories":[1888],"tags":[1111,1928,11,1927,1777,674,1011,27,12,1926,626,1925,25,2558],"class_list":{"0":"post-221728","1":"post","2":"type-post","3":"status-publish","4":"format-standard","5":"has-post-thumbnail","7":"category-paris","8":"tag-actu","9":"tag-actu-paris","10":"tag-actualites","11":"tag-actualites-paris","12":"tag-eu","13":"tag-europe","14":"tag-fr","15":"tag-france","16":"tag-news","17":"tag-news-paris","18":"tag-paris","19":"tag-paris-news","20":"tag-republique-francaise","21":"tag-stade-francais"},"share_on_mastodon":{"url":"https:\/\/pubeurope.com\/@fr\/114786045976473993","error":""},"_links":{"self":[{"href":"https:\/\/www.europesays.com\/fr\/wp-json\/wp\/v2\/posts\/221728","targetHints":{"allow":["GET"]}}],"collection":[{"href":"https:\/\/www.europesays.com\/fr\/wp-json\/wp\/v2\/posts"}],"about":[{"href":"https:\/\/www.europesays.com\/fr\/wp-json\/wp\/v2\/types\/post"}],"author":[{"embeddable":true,"href":"https:\/\/www.europesays.com\/fr\/wp-json\/wp\/v2\/users\/2"}],"replies":[{"embeddable":true,"href":"https:\/\/www.europesays.com\/fr\/wp-json\/wp\/v2\/comments?post=221728"}],"version-history":[{"count":0,"href":"https:\/\/www.europesays.com\/fr\/wp-json\/wp\/v2\/posts\/221728\/revisions"}],"wp:featuredmedia":[{"embeddable":true,"href":"https:\/\/www.europesays.com\/fr\/wp-json\/wp\/v2\/media\/221729"}],"wp:attachment":[{"href":"https:\/\/www.europesays.com\/fr\/wp-json\/wp\/v2\/media?parent=221728"}],"wp:term":[{"taxonomy":"category","embeddable":true,"href":"https:\/\/www.europesays.com\/fr\/wp-json\/wp\/v2\/categories?post=221728"},{"taxonomy":"post_tag","embeddable":true,"href":"https:\/\/www.europesays.com\/fr\/wp-json\/wp\/v2\/tags?post=221728"}],"curies":[{"name":"wp","href":"https:\/\/api.w.org\/{rel}","templated":true}]}}