{"id":221741,"date":"2025-07-02T22:46:12","date_gmt":"2025-07-02T22:46:12","guid":{"rendered":"https:\/\/www.europesays.com\/fr\/221741\/"},"modified":"2025-07-02T22:46:12","modified_gmt":"2025-07-02T22:46:12","slug":"attaques-au-couteau-faut-il-sinspirer-du-royaume-uni-journal-de-20-heures","status":"publish","type":"post","link":"https:\/\/www.europesays.com\/fr\/221741\/","title":{"rendered":"Attaques au couteau : faut-il s&rsquo;inspirer du Royaume-Uni ? &#8211; Journal de 20 heures"},"content":{"rendered":"<p id=\"descriptionPanel\" aria-labelledby=\"descriptionArrow\" aria-expanded=\"false\" class=\"mr-2 line-clamp-2 pr-2.5 text-secondary overflow-visible\">Un coll\u00e9gien, Elias, 14 ans, un lyc\u00e9en, S\u00e9kou, 17 ans, une surveillante, M\u00e9lanie, 31 ans, tous tu\u00e9s ces derniers mois \u00e0 l\u2019arme blanche. Le nombre de couteaux saisis en France ne cesse d\u2019augmenter. Au Royaume-Uni, ce ph\u00e9nom\u00e8ne est ancien. Cela fait dix ans qu\u2019ils sont utilis\u00e9s comme arme. Les autorit\u00e9s recensent 140 attaques par jour. En renfor\u00e7ant les contr\u00f4les en ligne, mais aussi l\u2019intervention de la police, le gouvernement souhaite diviser par deux ces attaques dans les dix prochaines ann\u00e9es.<\/p>\n<p>TF1 | Reportage E. STERN, L. LARVOR\n<\/p>\n<p><a class=\"shrink-0\" href=\"https:\/\/www.tf1.fr\/tf1\/jt-20h\" target=\"_blank\" rel=\"noopener\"><img decoding=\"async\" src=\"https:\/\/www.europesays.com\/fr\/wp-content\/uploads\/2025\/07\/flux-program-card-portrait-1-jt20h-btcb-f6f521-de0119-4109ab-0@1x.jpg\" width=\"138\" height=\"184\" alt=\"\" loading=\"eager\" fetchpriority=\"auto\" class=\"aspect-[3\/4] h-24 w-auto rounded-3px\" aria-hidden=\"true\"\/><\/a><\/p>\n","protected":false},"excerpt":{"rendered":"Un coll\u00e9gien, Elias, 14 ans, un lyc\u00e9en, S\u00e9kou, 17 ans, une surveillante, M\u00e9lanie, 31 ans, tous tu\u00e9s ces&hellip;\n","protected":false},"author":2,"featured_media":221742,"comment_status":"","ping_status":"","sticky":false,"template":"","format":"standard","meta":{"footnotes":""},"categories":[1588],"tags":[11,1777,674,3483,3697,3699,3698,12,473,1853,3701,1851,1850,1852,3702,3700],"class_list":{"0":"post-221741","1":"post","2":"type-post","3":"status-publish","4":"format-standard","5":"has-post-thumbnail","7":"category-royaume-uni","8":"tag-actualites","9":"tag-eu","10":"tag-europe","11":"tag-extrait","12":"tag-extrait-journal-de-20-heures","13":"tag-journal-de-20-heures","14":"tag-journal-de-20-heures-extrait","15":"tag-news","16":"tag-royaume-uni","17":"tag-royaume-uni-de-grande-bretagne-et-dirlande-du-nord","18":"tag-streaming-journal-de-20-heures","19":"tag-uk","20":"tag-united-kingdom","21":"tag-united-kingdom-of-great-britain-and-northern-ireland","22":"tag-video-en-streaming-journal-de-20-heures","23":"tag-video-journal-de-20-heures"},"share_on_mastodon":{"url":"https:\/\/pubeurope.com\/@fr\/114786073590335823","error":""},"_links":{"self":[{"href":"https:\/\/www.europesays.com\/fr\/wp-json\/wp\/v2\/posts\/221741","targetHints":{"allow":["GET"]}}],"collection":[{"href":"https:\/\/www.europesays.com\/fr\/wp-json\/wp\/v2\/posts"}],"about":[{"href":"https:\/\/www.europesays.com\/fr\/wp-json\/wp\/v2\/types\/post"}],"author":[{"embeddable":true,"href":"https:\/\/www.europesays.com\/fr\/wp-json\/wp\/v2\/users\/2"}],"replies":[{"embeddable":true,"href":"https:\/\/www.europesays.com\/fr\/wp-json\/wp\/v2\/comments?post=221741"}],"version-history":[{"count":0,"href":"https:\/\/www.europesays.com\/fr\/wp-json\/wp\/v2\/posts\/221741\/revisions"}],"wp:featuredmedia":[{"embeddable":true,"href":"https:\/\/www.europesays.com\/fr\/wp-json\/wp\/v2\/media\/221742"}],"wp:attachment":[{"href":"https:\/\/www.europesays.com\/fr\/wp-json\/wp\/v2\/media?parent=221741"}],"wp:term":[{"taxonomy":"category","embeddable":true,"href":"https:\/\/www.europesays.com\/fr\/wp-json\/wp\/v2\/categories?post=221741"},{"taxonomy":"post_tag","embeddable":true,"href":"https:\/\/www.europesays.com\/fr\/wp-json\/wp\/v2\/tags?post=221741"}],"curies":[{"name":"wp","href":"https:\/\/api.w.org\/{rel}","templated":true}]}}