{"id":221744,"date":"2025-07-02T22:48:12","date_gmt":"2025-07-02T22:48:12","guid":{"rendered":"https:\/\/www.europesays.com\/fr\/221744\/"},"modified":"2025-07-02T22:48:12","modified_gmt":"2025-07-02T22:48:12","slug":"en-pleine-canicule-lunion-europeenne-se-divise-nettement-sur-ses-objectifs-climatiques","status":"publish","type":"post","link":"https:\/\/www.europesays.com\/fr\/221744\/","title":{"rendered":"En pleine canicule, l\u2019Union europ\u00e9enne se divise nettement sur ses objectifs climatiques"},"content":{"rendered":"<p>        <img decoding=\"async\" loading=\"lazy\" src=\"https:\/\/www.europesays.com\/fr\/wp-content\/uploads\/2025\/07\/be5468b_upload-1-jyql3bcl1dex-000-63yg4xd.jpg\"  width=\"728\" height=\"409\" alt=\"Le Premier ministre polonais Donald Tusk, le pr\u00e9sident du Conseil europ\u00e9en Antonio Costa et la pr\u00e9sidente de la Commission europ\u00e9enne Ursula von der Leyen, le 26\u00a0juin 2025.\"\/>  <\/p>\n<p>ALAIN JOCARD \/ AFP<\/p>\n<p>Le Premier ministre polonais Donald Tusk, le pr\u00e9sident du Conseil europ\u00e9en Antonio Costa et la pr\u00e9sidente de la Commission europ\u00e9enne Ursula von der Leyen, le 26\u00a0juin 2025.<\/p>\n<p class=\"asset asset-text\">ENVIRONNEMENT &#8211; Au moment o\u00f9 <a href=\"https:\/\/www.huffingtonpost.fr\/international\/article\/canicule-la-france-est-tres-loin-d-etre-le-seul-pays-a-suffoquer-en-europe-avec-des-records-a-plus-de-45-c_251973.html\" rel=\"nofollow noopener\" target=\"_blank\">l\u2019Europe \u00e9touffe<\/a> sous des <a href=\"https:\/\/www.huffingtonpost.fr\/politique\/article\/face-a-la-canicule-les-politiques-ont-un-festival-de-conseils-et-solutions-a-proposer_252115.html\" rel=\"nofollow noopener\" target=\"_blank\">temp\u00e9ratures extr\u00eames<\/a>, Bruxelles se montre divis\u00e9e en mati\u00e8re de lutte contre le r\u00e9chauffement climatique. Apr\u00e8s plusieurs mois de flottement, la<a href=\"https:\/\/www.huffingtonpost.fr\/environnement\/article\/edf-ikea-pour-le-climat-une-centaine-d-entreprises-envoient-un-appel-rare-a-l-ue_250549.html\" rel=\"nofollow noopener\" target=\"_blank\"> Commission europ\u00e9enne <\/a>a\u00a0propos\u00e9\u00a0ce mercredi 2\u00a0juillet de maintenir son objectif de r\u00e9duction de 90% des \u00e9missions de gaz \u00e0 effet de serre en\u00a02040\u00a0par rapport \u00e0 1990. Mais elle introduit des \u00ab\u00a0flexibilit\u00e9s\u00a0\u00bb face aux r\u00e9ticences de certains pays.<\/p>\n<p class=\"asset asset-text\">Il a fallu faire preuve de \u00ab\u00a0pragmatisme\u00a0\u00bb tant la discussion est politiquement \u00ab\u00a0sensible\u00a0\u00bb entre les 27, a reconnu Wopke Hoekstra, le commissaire europ\u00e9en charg\u00e9 du\u00a0climat, devant la presse \u00e0 Bruxelles.<\/p>\n<p class=\"asset asset-text\">Si l\u2019objectif principal est donc maintenu, au grand dam des organisations environnementales, l\u2019ex\u00e9cutif introduit de la souplesse dans le calcul, dans le but de rallier les \u00c9tats les plus sceptiques.<\/p>\n<p>    Prise en compte  l\u2019acquisition de cr\u00e9dits carbone internationaux    <\/p>\n<p class=\"asset asset-text\">Par exemple, \u00e0 partir de 2036, la Commission est pr\u00eate \u00e0 prendre en compte l\u2019acquisition de cr\u00e9dits carbone internationaux, \u00e0 hauteur de 3% du total, afin de financer des projets en dehors de l\u2019Europe.<\/p>\n<p class=\"asset asset-text\">Les ONG y sont fermement oppos\u00e9es. \u00c9tudes scientifiques \u00e0 l\u2019appui, elles remettent en cause l\u2019impact \u00ab\u00a0r\u00e9el\u00a0\u00bb de tels cr\u00e9dits sur les r\u00e9ductions d\u2019\u00e9missions de CO2.<\/p>\n<p class=\"asset asset-text\">\u00ab\u00a03%, ce n\u2019est pas n\u00e9gligeable. Ce sont potentiellement des sommes consid\u00e9rables qui vont \u00eatre d\u00e9pens\u00e9es \u00e0 l\u2019\u00e9tranger au lieu de financer la transition\u00a0\u00bb en Europe, d\u00e9plore Neil Makaroff, un expert du centre de r\u00e9flexion Strategic Perspectives. \u00ab\u00a0Mais il y a un compromis politique \u00e0 trouver\u00a0\u00bb, conc\u00e8de ce sp\u00e9cialiste du\u00a0climat, qui souligne l\u2019importance de maintenir le cap des 90%.<\/p>\n<p class=\"asset asset-text\">2040\u00a0est une \u00e9tape cruciale pour l\u2019Europe qui ambitionne d\u2019atteindre la neutralit\u00e9 carbone en 2050. Avec \u00e0 la cl\u00e9 des transformations majeures pour l\u2019industrie comme pour le quotidien des Europ\u00e9ens\u00a0: \u00e9lectrification des voitures, sortie progressive des \u00e9nergies fossiles, r\u00e9novation \u00e9nerg\u00e9tique des b\u00e2timents&#8230; \u00ab\u00a0Nous maintenons fermement notre engagement \u00e0 d\u00e9carboner l\u2019\u00e9conomie europ\u00e9enne\u00a0d\u2019ici 2050\u00a0\u00bb, a assur\u00e9 la pr\u00e9sidente de la Commission, Ursula von der Leyen.<\/p>\n<p>                     Calendrier serr\u00e9    <\/p>\n<p class=\"asset asset-text\">Le plus dur commence pour l\u2019ex\u00e9cutif bruxellois qui devra convaincre les ministres de l\u2019Environnement lors d\u2019une r\u00e9union informelle les 10 et 11 juillet avant un possible vote le 18 septembre. Le texte sera ensuite transmis au Parlement europ\u00e9en o\u00f9 tout d\u00e9pendra de l\u2019attitude de la droite (PPE), premier groupe dans l\u2019h\u00e9micycle.<\/p>\n<p class=\"asset asset-text\">Pour arracher un vote favorable, la Commission\u00a0propose\u00a0aussi de mieux r\u00e9compenser les entreprises qui captent et stockent le CO2 et de permettre aux \u00c9tats de compenser les secteurs o\u00f9 ils sont plus polluants par une meilleure prise en compte de ceux o\u00f9 ils sont tr\u00e8s performants.<\/p>\n<p class=\"asset asset-text\">Bruxelles esp\u00e8re encore que cet\u00a0objectif\u00a02040\u00a0sera approuv\u00e9 avant la conf\u00e9rence\u00a0climat\u00a0de l\u2019ONU\u00a0(COP30), en novembre \u00e0 Bel\u00e9m au Br\u00e9sil.<\/p>\n<p class=\"asset asset-text\">Mais le calendrier para\u00eet extr\u00eamement serr\u00e9 et les n\u00e9gociations s\u2019annoncent d\u00e9licates tant les 27 sont divis\u00e9s, dans une Europe de plus en plus \u00e0 droite. Certains \u00c9tats critiquent ouvertement les ambitions climatiques comme la Hongrie du nationaliste Viktor Orban ou la R\u00e9publique tch\u00e8que, qui d\u00e9fend\u00a0son\u00a0industrie lourde.<\/p>\n<p class=\"asset asset-text\">L\u2019Italie de Giorgia Meloni sugg\u00e9rait de s\u2019en tenir \u00e0 une baisse des \u00e9missions de 80 ou 85% en\u00a02040. D\u2019autres soutiennent la Commission, comme l\u2019Espagne ou le Danemark, qui vient de r\u00e9cup\u00e9rer la pr\u00e9sidence tournante de l\u2019UE\u00a0pour six mois.<\/p>\n<p>    Position ambigu\u00eb de la France    <\/p>\n<p class=\"asset asset-text\">Les \u00ab\u00a0flexibilit\u00e9s\u00a0\u00bb envisag\u00e9es correspondent aux exigences de l\u2019Allemagne, dans l\u2019accord de coalition du nouveau gouvernement.<\/p>\n<p class=\"asset asset-text\">La France d\u00e9fend de\u00a0son\u00a0c\u00f4t\u00e9 une position plus ambigu\u00eb. Paris ne s\u2019oppose pas directement aux 90%, mais critique la m\u00e9thode employ\u00e9e. Emmanuel Macron r\u00e9clamait des garanties sur la d\u00e9carbonation de l\u2019industrie et un soutien \u00e0 l\u2019\u00e9nergie nucl\u00e9aire, l\u2019une des cl\u00e9s de cette n\u00e9gociation.<\/p>\n<p class=\"asset asset-text\">Pour contenter Paris, la Commission a repris noir sur blanc dans sa proposition l\u00e9gislative le concept de \u00ab\u00a0neutralit\u00e9 technologique\u00a0\u00bb, cher aux autorit\u00e9s fran\u00e7aises qui voudraient que renouvelables et \u00e9nergie nucl\u00e9aire soient sur un pied d\u2019\u00e9galit\u00e9 dans l\u2019UE.<\/p>\n<p class=\"asset asset-text\">Du point de vue des obligations internationales, Emmanuel Macron souligne aussi que l\u2019UE\u00a0doit seulement pr\u00e9senter une trajectoire 203, et non\u00a02040, \u00e0 la COP30 au Br\u00e9sil cet automne. \u00ab\u00a0Ne nous surcontraignons pas\u00a0\u00bb, \u00ab\u00a0si on a (un\u00a0objectif\u00a02040) pour Bel\u00e9m super, si cela doit prendre plus de temps, prenons-le\u00a0\u00bb, avait lanc\u00e9 Emmanuel Macron \u00e0 Bruxelles.<\/p>\n","protected":false},"excerpt":{"rendered":"ALAIN JOCARD \/ AFP Le Premier ministre polonais Donald Tusk, le pr\u00e9sident du Conseil europ\u00e9en Antonio Costa et&hellip;\n","protected":false},"author":2,"featured_media":221745,"comment_status":"","ping_status":"","sticky":false,"template":"","format":"standard","meta":{"footnotes":""},"categories":[1586],"tags":[11,6698,2196,436,1777,674,1011,27,14,12,25,364,2544],"class_list":{"0":"post-221744","1":"post","2":"type-post","3":"status-publish","4":"format-standard","5":"has-post-thumbnail","7":"category-europe","8":"tag-actualites","9":"tag-canicule","10":"tag-commission-europeenne","11":"tag-environnement","12":"tag-eu","13":"tag-europe","14":"tag-fr","15":"tag-france","16":"tag-international","17":"tag-news","18":"tag-republique-francaise","19":"tag-union-europeenne","20":"tag-ursula-von-der-leyen"},"share_on_mastodon":{"url":"https:\/\/pubeurope.com\/@fr\/114786081588610832","error":""},"_links":{"self":[{"href":"https:\/\/www.europesays.com\/fr\/wp-json\/wp\/v2\/posts\/221744","targetHints":{"allow":["GET"]}}],"collection":[{"href":"https:\/\/www.europesays.com\/fr\/wp-json\/wp\/v2\/posts"}],"about":[{"href":"https:\/\/www.europesays.com\/fr\/wp-json\/wp\/v2\/types\/post"}],"author":[{"embeddable":true,"href":"https:\/\/www.europesays.com\/fr\/wp-json\/wp\/v2\/users\/2"}],"replies":[{"embeddable":true,"href":"https:\/\/www.europesays.com\/fr\/wp-json\/wp\/v2\/comments?post=221744"}],"version-history":[{"count":0,"href":"https:\/\/www.europesays.com\/fr\/wp-json\/wp\/v2\/posts\/221744\/revisions"}],"wp:featuredmedia":[{"embeddable":true,"href":"https:\/\/www.europesays.com\/fr\/wp-json\/wp\/v2\/media\/221745"}],"wp:attachment":[{"href":"https:\/\/www.europesays.com\/fr\/wp-json\/wp\/v2\/media?parent=221744"}],"wp:term":[{"taxonomy":"category","embeddable":true,"href":"https:\/\/www.europesays.com\/fr\/wp-json\/wp\/v2\/categories?post=221744"},{"taxonomy":"post_tag","embeddable":true,"href":"https:\/\/www.europesays.com\/fr\/wp-json\/wp\/v2\/tags?post=221744"}],"curies":[{"name":"wp","href":"https:\/\/api.w.org\/{rel}","templated":true}]}}