{"id":221754,"date":"2025-07-02T22:54:11","date_gmt":"2025-07-02T22:54:11","guid":{"rendered":"https:\/\/www.europesays.com\/fr\/221754\/"},"modified":"2025-07-02T22:54:11","modified_gmt":"2025-07-02T22:54:11","slug":"volleyball-lauren-bertolacci-rebondit-aux-etats-unis-avec-indy-ignite","status":"publish","type":"post","link":"https:\/\/www.europesays.com\/fr\/221754\/","title":{"rendered":"Volleyball: Lauren Bertolacci rebondit aux \u00c9tats-Unis avec Indy Ignite"},"content":{"rendered":"<p class=\"a-paragraph a-paragraph--lead\" data-t-name=\"Paragraph\">Coach de l&rsquo;\u00e9quipe de Suisse dames, Lauren Bertolacci s&rsquo;est trouv\u00e9 un autre club apr\u00e8s le retrait de Nantes en 2e division fran\u00e7aise. La technicienne australienne va entra\u00eener Indy Ignite, qui \u00e9volue dans l&rsquo;une des trois ligues professionnelles am\u00e9ricaines.<\/p>\n<p>  <img decoding=\"async\" class=\"m-image-and-caption__image lazyload\" alt=\"Lauren Bertolacci ira entra\u00eener aux Etats-Unis.\" src=\"https:\/\/www.europesays.com\/fr\/wp-content\/uploads\/2025\/07\/d6fd2a49-28b5-469e-b2ad-258aa2bc6197.jpeg\"  data-\/><\/p>\n<p>      Lauren Bertolacci ira entra\u00eener aux Etats-Unis.<\/p>\n<p>        KEYSTONE\n      <\/p>\n<p class=\"a-paragraph\" data-t-name=\"Paragraph\">Lauren Bertolacci, qui a quitt\u00e9 Neuch\u00e2tel UC au terme de la saison 2024\/25, devait initialement rejoindre cet \u00e9t\u00e9 Nantes, mais le club fran\u00e7ais a \u00e9t\u00e9 rel\u00e9gu\u00e9 sur le tapis vert en raison de probl\u00e8mes financiers. Son nouvel emploi aux Etats-Unis ne l&#8217;emp\u00eachera pas de poursuivre l&rsquo;aventure \u00e0 la t\u00eate de l&rsquo;\u00e9quipe de Suisse dames, assure Swiss Volley dans son communiqu\u00e9. <\/p>\n","protected":false},"excerpt":{"rendered":"Coach de l&rsquo;\u00e9quipe de Suisse dames, Lauren Bertolacci s&rsquo;est trouv\u00e9 un autre club apr\u00e8s le retrait de Nantes&hellip;\n","protected":false},"author":2,"featured_media":221755,"comment_status":"","ping_status":"","sticky":false,"template":"","format":"standard","meta":{"footnotes":""},"categories":[1417],"tags":[1011,27,60,1470,1469],"class_list":{"0":"post-221754","1":"post","2":"type-post","3":"status-publish","4":"format-standard","5":"has-post-thumbnail","7":"category-volley","8":"tag-fr","9":"tag-france","10":"tag-sports","11":"tag-volley","12":"tag-volleyball"},"share_on_mastodon":{"url":"https:\/\/pubeurope.com\/@fr\/114786105046454364","error":""},"_links":{"self":[{"href":"https:\/\/www.europesays.com\/fr\/wp-json\/wp\/v2\/posts\/221754","targetHints":{"allow":["GET"]}}],"collection":[{"href":"https:\/\/www.europesays.com\/fr\/wp-json\/wp\/v2\/posts"}],"about":[{"href":"https:\/\/www.europesays.com\/fr\/wp-json\/wp\/v2\/types\/post"}],"author":[{"embeddable":true,"href":"https:\/\/www.europesays.com\/fr\/wp-json\/wp\/v2\/users\/2"}],"replies":[{"embeddable":true,"href":"https:\/\/www.europesays.com\/fr\/wp-json\/wp\/v2\/comments?post=221754"}],"version-history":[{"count":0,"href":"https:\/\/www.europesays.com\/fr\/wp-json\/wp\/v2\/posts\/221754\/revisions"}],"wp:featuredmedia":[{"embeddable":true,"href":"https:\/\/www.europesays.com\/fr\/wp-json\/wp\/v2\/media\/221755"}],"wp:attachment":[{"href":"https:\/\/www.europesays.com\/fr\/wp-json\/wp\/v2\/media?parent=221754"}],"wp:term":[{"taxonomy":"category","embeddable":true,"href":"https:\/\/www.europesays.com\/fr\/wp-json\/wp\/v2\/categories?post=221754"},{"taxonomy":"post_tag","embeddable":true,"href":"https:\/\/www.europesays.com\/fr\/wp-json\/wp\/v2\/tags?post=221754"}],"curies":[{"name":"wp","href":"https:\/\/api.w.org\/{rel}","templated":true}]}}