{"id":221756,"date":"2025-07-02T22:55:18","date_gmt":"2025-07-02T22:55:18","guid":{"rendered":"https:\/\/www.europesays.com\/fr\/221756\/"},"modified":"2025-07-02T22:55:18","modified_gmt":"2025-07-02T22:55:18","slug":"bourgarit-evoque-la-concurrence-des-toulousains-et-veut-saisir-sa-chance-a-fond","status":"publish","type":"post","link":"https:\/\/www.europesays.com\/fr\/221756\/","title":{"rendered":"Bourgarit \u00e9voque la concurrence des Toulousains et veut \u00ab saisir sa chance \u00e0 fond \u00bb"},"content":{"rendered":"<p>C\u2019est l\u2019un des postes les plus concurrentiels du rugby fran\u00e7ais. Si les demi de m\u00eal\u00e9e tricolores affichent un niveau impressionnant, avec certains des meilleurs au monde (Lucu, Serin, Le Garrec, Couilloud\u2026) derri\u00e8re Antoine Dupont, Fabien Galthi\u00e9 dispose d\u2019un choix de roi au moment de s\u00e9lectionner son talonneur.<\/p>\n<p>\u00ab\u00a0Je suis conscient qu\u2019il y a \u00e0 mon poste des joueurs incroyables\u00a0\u00bb<\/p>\n<p>Avec Julien Marchand et Peato Mauvaka, les Bleus disposent d\u2019une doublette exceptionnelle, qui a en plus l\u2019avantage de se conna\u00eetre pour \u00e9voluer ensemble au Stade Toulousain. Derri\u00e8re, Maxime Lamothe, Pierre Bourgarit et Ga\u00ebtan Barlot se disputent les miettes. Alors que les deux champions de France sont absents pour la tourn\u00e9e en Nouvelle-Z\u00e9lande, le Gersois esp\u00e8re bien saisir sa chance. Dans les colonnes de <a href=\"https:\/\/www.rugbyrama.fr\/2025\/07\/01\/tournee-en-nouvelle-zelande-pierre-bourgarit-xv-de-france-je-vais-saisir-ma-chance-a-fond-12796719.php\" rel=\"nofollow noopener\" target=\"_blank\">Rugbyrama<\/a>, Le Rochelais veut croire en sa chance de pouvoir titiller Mauvaka et Marchand.<\/p>\n<blockquote>\n<p>\u00ab\u00a0Le temps nous le dira et mes performances aussi. L\u2019\u00e9quipe de France, j\u2019ai appris avec le temps que c\u2019est toujours mieux d\u2019y \u00eatre. Je suis conscient qu\u2019il y a, \u00e0 mon poste, des joueurs incroyables\u2005: mais cet \u00e9t\u00e9, je vais saisir ma chance \u00e0 fond.\u00a0\u00bb<\/p>\n<\/blockquote>\n<p>\u00a0<\/p>\n<p>Partagez cette info avec vos amis et vos proches en cliquant ici<br \/>Pour r\u00e9sumer<\/p>\n<p>Pierre Bourgarit veut profiter de la tourn\u00e9e en Nouvelle-Z\u00e9lande pour marquer des points et bousculer la hi\u00e9rarchie \u00e0 son poste avec le XV de France, o\u00f9 Peato Mauvaka et Julien Marchand semblent install\u00e9s depuis plusieurs saisons.<\/p>\n<p> <img decoding=\"async\" width=\"76\" height=\"76\" loading=\"lazy\" src=\"https:\/\/www.europesays.com\/fr\/wp-content\/uploads\/2025\/04\/avatar-quinze.png\" alt=\"Arnaud D\u00e9chelotte\"\/><\/p>\n","protected":false},"excerpt":{"rendered":"C\u2019est l\u2019un des postes les plus concurrentiels du rugby fran\u00e7ais. Si les demi de m\u00eal\u00e9e tricolores affichent un&hellip;\n","protected":false},"author":2,"featured_media":221757,"comment_status":"","ping_status":"","sticky":false,"template":"","format":"standard","meta":{"footnotes":""},"categories":[1416],"tags":[1011,27,479,1468,60],"class_list":{"0":"post-221756","1":"post","2":"type-post","3":"status-publish","4":"format-standard","5":"has-post-thumbnail","7":"category-rugby","8":"tag-fr","9":"tag-france","10":"tag-rugby","11":"tag-rugby-football","12":"tag-sports"},"share_on_mastodon":{"url":"https:\/\/pubeurope.com\/@fr\/114786109032909432","error":""},"_links":{"self":[{"href":"https:\/\/www.europesays.com\/fr\/wp-json\/wp\/v2\/posts\/221756","targetHints":{"allow":["GET"]}}],"collection":[{"href":"https:\/\/www.europesays.com\/fr\/wp-json\/wp\/v2\/posts"}],"about":[{"href":"https:\/\/www.europesays.com\/fr\/wp-json\/wp\/v2\/types\/post"}],"author":[{"embeddable":true,"href":"https:\/\/www.europesays.com\/fr\/wp-json\/wp\/v2\/users\/2"}],"replies":[{"embeddable":true,"href":"https:\/\/www.europesays.com\/fr\/wp-json\/wp\/v2\/comments?post=221756"}],"version-history":[{"count":0,"href":"https:\/\/www.europesays.com\/fr\/wp-json\/wp\/v2\/posts\/221756\/revisions"}],"wp:featuredmedia":[{"embeddable":true,"href":"https:\/\/www.europesays.com\/fr\/wp-json\/wp\/v2\/media\/221757"}],"wp:attachment":[{"href":"https:\/\/www.europesays.com\/fr\/wp-json\/wp\/v2\/media?parent=221756"}],"wp:term":[{"taxonomy":"category","embeddable":true,"href":"https:\/\/www.europesays.com\/fr\/wp-json\/wp\/v2\/categories?post=221756"},{"taxonomy":"post_tag","embeddable":true,"href":"https:\/\/www.europesays.com\/fr\/wp-json\/wp\/v2\/tags?post=221756"}],"curies":[{"name":"wp","href":"https:\/\/api.w.org\/{rel}","templated":true}]}}