{"id":221770,"date":"2025-07-02T23:04:10","date_gmt":"2025-07-02T23:04:10","guid":{"rendered":"https:\/\/www.europesays.com\/fr\/221770\/"},"modified":"2025-07-02T23:04:10","modified_gmt":"2025-07-02T23:04:10","slug":"preview-les-sanctuaires-recit-complet","status":"publish","type":"post","link":"https:\/\/www.europesays.com\/fr\/221770\/","title":{"rendered":"Preview Les Sanctuaires R\u00e9cit complet"},"content":{"rendered":"<p>                                <img decoding=\"async\" src=\"https:\/\/www.europesays.com\/fr\/wp-content\/uploads\/2025\/07\/4453_rot_preview.jpg\" class=\"bandeau-top\"\/><\/p>\n<p class=\"preview\">&#13;<br \/>\n                                                        U&#13;<br \/>\n                                n matin, S\u00e9bastien se retrouve myst\u00e9rieusement paralys\u00e9 d&rsquo;une jambe. Face \u00e0 l&rsquo;impuissance de la m\u00e9decine et apr\u00e8s d&rsquo;\u00e9tranges apparitions, d\u00e9marre alors un \u00e9tonnant voyage int\u00e9rieur, fait de m\u00e9ditations et de visualisations, qui transformera sa vision de la vie. R\u00e9cit initiatique autobiographique hors du commun, cet ouvrage est un t\u00e9moignage saisissant sur la spiritualit\u00e9, l&rsquo;amour et la mort.                        &#13;<br \/>\n&#13;\n                <\/p>\n<p><b> Lire 20 planches<\/b> (Cliquez sur les images ci-dessous et utilisez les fl\u00e8ches  et  pour naviguer)<\/p>\n","protected":false},"excerpt":{"rendered":"&#13; U&#13; n matin, S\u00e9bastien se retrouve myst\u00e9rieusement paralys\u00e9 d&rsquo;une jambe. Face \u00e0 l&rsquo;impuissance de la m\u00e9decine et&hellip;\n","protected":false},"author":2,"featured_media":221771,"comment_status":"","ping_status":"","sticky":false,"template":"","format":"standard","meta":{"footnotes":""},"categories":[1357],"tags":[36067,26062,36070,16105,9993,36068,1379,10225,19247,36072,634,3136,11104,36069,36071,58,59,1011,27,2861,1380,17009,6681,10719,36066,36065,6180],"class_list":{"0":"post-221770","1":"post","2":"type-post","3":"status-publish","4":"format-standard","5":"has-post-thumbnail","7":"category-livres","8":"tag-argus","9":"tag-bande","10":"tag-bandes","11":"tag-base","12":"tag-bd","13":"tag-bdm","14":"tag-books","15":"tag-collection","16":"tag-comics","17":"tag-comix","18":"tag-cotation","19":"tag-cote","20":"tag-couverture","21":"tag-dessinee","22":"tag-dessines","23":"tag-divertissement","24":"tag-entertainment","25":"tag-fr","26":"tag-france","27":"tag-gestion","28":"tag-livres","29":"tag-logiciel","30":"tag-manga","31":"tag-petites-annonces","32":"tag-prebublication","33":"tag-preview","34":"tag-ventes"},"share_on_mastodon":{"url":"https:\/\/pubeurope.com\/@fr\/114786144364115039","error":""},"_links":{"self":[{"href":"https:\/\/www.europesays.com\/fr\/wp-json\/wp\/v2\/posts\/221770","targetHints":{"allow":["GET"]}}],"collection":[{"href":"https:\/\/www.europesays.com\/fr\/wp-json\/wp\/v2\/posts"}],"about":[{"href":"https:\/\/www.europesays.com\/fr\/wp-json\/wp\/v2\/types\/post"}],"author":[{"embeddable":true,"href":"https:\/\/www.europesays.com\/fr\/wp-json\/wp\/v2\/users\/2"}],"replies":[{"embeddable":true,"href":"https:\/\/www.europesays.com\/fr\/wp-json\/wp\/v2\/comments?post=221770"}],"version-history":[{"count":0,"href":"https:\/\/www.europesays.com\/fr\/wp-json\/wp\/v2\/posts\/221770\/revisions"}],"wp:featuredmedia":[{"embeddable":true,"href":"https:\/\/www.europesays.com\/fr\/wp-json\/wp\/v2\/media\/221771"}],"wp:attachment":[{"href":"https:\/\/www.europesays.com\/fr\/wp-json\/wp\/v2\/media?parent=221770"}],"wp:term":[{"taxonomy":"category","embeddable":true,"href":"https:\/\/www.europesays.com\/fr\/wp-json\/wp\/v2\/categories?post=221770"},{"taxonomy":"post_tag","embeddable":true,"href":"https:\/\/www.europesays.com\/fr\/wp-json\/wp\/v2\/tags?post=221770"}],"curies":[{"name":"wp","href":"https:\/\/api.w.org\/{rel}","templated":true}]}}