{"id":221778,"date":"2025-07-02T23:08:16","date_gmt":"2025-07-02T23:08:16","guid":{"rendered":"https:\/\/www.europesays.com\/fr\/221778\/"},"modified":"2025-07-02T23:08:16","modified_gmt":"2025-07-02T23:08:16","slug":"faut-il-sinquieter-du-vaccin-ixchiq","status":"publish","type":"post","link":"https:\/\/www.europesays.com\/fr\/221778\/","title":{"rendered":"faut-il s\u2019inqui\u00e9ter du vaccin Ixchiq ?"},"content":{"rendered":"<p>             <a href=\"https:\/\/ma-sante.news\/wp-content\/uploads\/2025\/07\/retour-enquete-sur-vaccin-chikungunya-Ma-Sante-.jpg\" data-caption=\"Le vaccin Ixchiq est actuellement le seul vaccin autoris\u00e9 contre le chikungunya au niveau mondial. \u00a9 Freepik\" target=\"_blank\" rel=\"noopener\"><img loading=\"lazy\" decoding=\"async\" width=\"696\" height=\"464\" class=\"entry-thumb td-modal-image\" src=\"data:image\/svg+xml,%3Csvg%20xmlns=\" http:=\"\" data-lazy- data-lazy- alt=\"Une famille r\u00e9unionnaise qui se fait vacciner contre le chikungunya.\" title=\"retour enque\u0302te sur vaccin chikungunya Ma Sante\u0301\" data-lazy-src=\"https:\/\/www.europesays.com\/fr\/wp-content\/uploads\/2025\/07\/retour-enquete-sur-vaccin-chikungunya-Ma-Sante--696x464.jpg\"\/><\/a>Le vaccin Ixchiq est actuellement le seul vaccin autoris\u00e9 contre le chikungunya au niveau mondial. \u00a9 Freepik                                    \t\t\t             <a class=\"gofollow\" data-track=\"MjgsMCwxLDYw\" href=\"https:\/\/ma-sante.news\/inscrivez-vous-a-notre-newsletter\/\" target=\"_blank\" rel=\"noopener\"><img loading=\"lazy\" decoding=\"async\" width=\"1068\" height=\"131\" src=\"data:image\/svg+xml,%3Csvg%20xmlns=\" http:=\"\" data-lazy-src=\"https:\/\/www.europesays.com\/fr\/wp-content\/uploads\/2025\/03\/banniere-newsletter.png\"\/><\/a> <\/p>\n<p>Le nombre de cas de chikungunya <a href=\"https:\/\/ma-sante.news\/chikungunya-drome-corse-les-cas-autochtones-se-multiplient-en-france\/\" target=\"_blank\" rel=\"noopener\">continue de progresser en France m\u00e9tropolitaine<\/a>, alors m\u00eame que <a href=\"https:\/\/ma-sante.news\/chikungunya-ce-virus-tropical-peut-il-toucher-la-france-metropolitaine\/\" target=\"_blank\" rel=\"noopener\">l\u2019\u00e9pid\u00e9mie a \u00e9t\u00e9 d\u00e9clar\u00e9e termin\u00e9e \u00e0 la R\u00e9union<\/a> (20 morts et 200 000 personnes touch\u00e9es). Sant\u00e9 publique France, dans son dernier bulletin \u00e9pid\u00e9miologique, recense ainsi plus de 1600 cas dits \u201cimport\u00e9s\u201d de chikungunya, soit des cas de voyageurs ayant \u00e9t\u00e9 contamin\u00e9s durant un s\u00e9jour en zone \u00e9pid\u00e9mique.<\/p>\n<p>Ce qui inqui\u00e8te plus les autorit\u00e9s, ce sont les cas dits \u201cautochtones\u201d <a href=\"https:\/\/ma-sante.news\/le-moustique-tigre-sous-surveillance-une-hausse-des-cas-importes-de-dengue-et-chikungunya\/\" target=\"_blank\" rel=\"noopener\">recens\u00e9s sur le sol hexagonal<\/a>. Ces cas concernent des personnes ayant \u00e9t\u00e9 infect\u00e9es sur place, par des piq\u00fbres de moustique-tigre, le vecteur principal de ce virus tropical qui commence \u00e0 prendre ses aises en France. Au 2 juillet, 16 cas en tout ont \u00e9t\u00e9 signal\u00e9s, le dernier ce mercredi 2 juillet par l\u2019Agence R\u00e9gionale de Sant\u00e9 Alsace.<\/p>\n<p>Jusqu\u2019ici cantonn\u00e9s au sud, ces cas de contaminations autochtones profitent de la chaleur ambiante pour gagner des territoires plus au nord, \u00e0 l\u2019image du Grand-Est et, donc, de l\u2019Alsace. Soit 5 r\u00e9gions touch\u00e9s par 7 foyers distincts, d\u00e9sormais. \u00ab\u00a0Une telle pr\u00e9cocit\u00e9 dans la saison d\u2019activit\u00e9 du moustique et un nombre aussi \u00e9lev\u00e9 d\u2019\u00e9pisodes n\u2019avaient jamais \u00e9t\u00e9 observ\u00e9s jusqu\u2019\u00e0 pr\u00e9sent\u00a0\u00bb, pr\u00e9cise Sant\u00e9 publique France.<\/p>\n<p>        Chikungunya : il existe bien un vaccin, nomm\u00e9 Ixchiq    <\/p>\n<p><a href=\"https:\/\/ma-sante.news\/virus-tropicaux-pour-instant-pas-de-raison-etre-inquiet-apres-une-piqure-de-moustique\/\" target=\"_blank\" rel=\"noopener\">Pas de panique inutile, rappellent les experts, mais pas d\u2019omission non plus. <\/a>Car cette recrudescence de cas, depuis d\u00e9but mai, n epeut pas \u00eatre consid\u00e9r\u00e9e comme anodine. Dans ce contexte, la vaccination contre le chikungunya reste un enjeu majeur de sant\u00e9 publique. Ce virus, transmis par les moustiques Aedes, peut en effet provoquer des douleurs articulaires invalidantes, voire des complications graves, en particulier chez les personnes \u00e2g\u00e9es.<\/p>\n<p>En France, le vaccin Ixchiq est utilis\u00e9 depuis l\u2019an dernier (lire \u00c0 SAVOIR). Mais quand un nouveau vaccin arrive sur le march\u00e9, surtout un vaccin vivant att\u00e9nu\u00e9 comme Ixchiq, la prudence reste de mise. C\u2019est pourquoi l\u2019Agence nationale de s\u00e9curit\u00e9 du m\u00e9dicament (ANSM) a lanc\u00e9 d\u00e8s mars 2025 une surveillance renforc\u00e9e (du 7 mars au 2 juin 2025) de ce vaccin contre le chikungunya, avec le soutien du Centre r\u00e9gional de pharmacovigilance (CRPV) de l\u2019h\u00f4pital europ\u00e9en Georges-Pompidou.<\/p>\n<p>Le but de cette surveillance est d\u2019analyser en continu les effets ind\u00e9sirables signal\u00e9s par les professionnels de sant\u00e9 ou les patients, pour d\u00e9tecter rapidement d\u2019\u00e9ventuels signaux de s\u00e9curit\u00e9.<\/p>\n<p>        Une surveillance renforc\u00e9e, des donn\u00e9es attendues    <strong>Quels sont les effets ind\u00e9sirables observ\u00e9s ?<\/strong>    <\/p>\n<p>Sur cette p\u00e9riode de 3 mois, 47 cas d\u2019effets ind\u00e9sirables ont \u00e9t\u00e9 enregistr\u00e9s au niveau national. Ce chiffre peut para\u00eetre modeste, mais 18 de ces cas ont \u00e9t\u00e9 class\u00e9s comme graves, selon les crit\u00e8res habituels de la pharmacovigilance.<\/p>\n<p>Et ce n\u2019est pas anodin :<\/p>\n<p>Pour l\u2019un de ces d\u00e9c\u00e8s, le lien avec le vaccin est jug\u00e9 \u201ctr\u00e8s vraisemblable\u201d, compte tenu de la chronologie, des sympt\u00f4mes et des examens r\u00e9alis\u00e9s. Pour les deux autres, aucun lien n\u2019a \u00e9t\u00e9 \u00e9tabli \u00e0 ce stade.<\/p>\n<p>        <strong>Syndrome \u201cchikungunya-like\u201d et autres signaux sous surveillance<\/strong>    <\/p>\n<p>Parmi les effets ind\u00e9sirables graves, certains patients ont pr\u00e9sent\u00e9 des sympt\u00f4mes \u00e9voquant une forme s\u00e9v\u00e8re d\u2019infection par le chikungunya lui-m\u00eame. Ce que les experts appellent un \u201csyndrome chikungunya-like\u201d : fi\u00e8vre intense, douleurs articulaires, atteinte neurologique\u2026 mais sans infection par le virus.<\/p>\n<p>En plus de ces cas graves, l\u2019ANSM a rep\u00e9r\u00e9 plusieurs \u201csignaux potentiels\u201d. Ce sont des effets rares ou inattendus, qu\u2019il faut creuser sans tirer de conclusion h\u00e2tive :<\/p>\n<ul class=\"wp-block-list\">\n<li>Enc\u00e9phalopathie ou enc\u00e9phalite chez 3 patients \u00e2g\u00e9s pr\u00e9sentant des pathologies chroniques ;<\/li>\n<li>Chutes \u00e0 distance de la vaccination (7 cas) ;<\/li>\n<li>Un cas de microangiopathie thrombotique, une atteinte des petits vaisseaux.<\/li>\n<\/ul>\n<p>Ces signaux font l\u2019objet d\u2019investigations au niveau europ\u00e9en, sous la houlette de l\u2019Agence europ\u00e9enne des m\u00e9dicaments (EMA).<\/p>\n<p>        <strong>M\u00e9susages et contre-indications : un rappel n\u00e9cessaire<\/strong>    <\/p>\n<p>Autre point pr\u00e9occupant : plusieurs cas d\u2019effets ind\u00e9sirables seraient li\u00e9s \u00e0 un m\u00e9susage du vaccin Ixchiq. Plus pr\u00e9cis\u00e9ment, \u00e0 son administration chez des personnes immunod\u00e9prim\u00e9es, alors que cela est strictement contre-indiqu\u00e9.<\/p>\n<p>Rappel : Ixchiq est un vaccin vivant att\u00e9nu\u00e9. Il est formellement interdit chez les personnes immunod\u00e9ficientes ou immunod\u00e9prim\u00e9es (du fait d\u2019une maladie ou d\u2019un traitement), comme indiqu\u00e9 dans sa notice et son r\u00e9sum\u00e9 des caract\u00e9ristiques du produit (RCP).<\/p>\n<p>        Suspension pour les plus de 65 ans    <\/p>\n<p>En r\u00e9ponse \u00e0 ces signaux, les autorit\u00e9s fran\u00e7aises ont rapidement ajust\u00e9 le tir. Depuis le 26 avril 2025, la vaccination avec Ixchiq est non recommand\u00e9e chez les personnes de 65 ans et plus, m\u00eame sans comorbidit\u00e9s. Une d\u00e9cision ent\u00e9rin\u00e9e au niveau europ\u00e9en d\u00e8s le 7 mai, avec une contre-indication temporaire dans cette tranche d\u2019\u00e2ge.<\/p>\n<p>Par ailleurs, le comit\u00e9 de pharmacovigilance europ\u00e9en (PRAC) poursuit une r\u00e9\u00e9valuation compl\u00e8te de la balance b\u00e9n\u00e9fice\/risque du vaccin.<\/p>\n<blockquote class=\"wp-block-quote is-layout-flow wp-block-quote-is-layout-flow\">\n<p><strong>\u00c0 SAVOIR<\/strong><\/p>\n<p>Le vaccin Ixchiq a obtenu une autorisation de mise sur le march\u00e9 (AMM) conditionnelle par l\u2019Agence europ\u00e9enne des m\u00e9dicaments (EMA) en novembre 2023, dans un contexte d\u2019urgence sanitaire croissante li\u00e9e \u00e0 la recrudescence des cas de chikungunya dans plusieurs r\u00e9gions du monde, dont les Antilles et l\u2019Oc\u00e9an Indien. Il a re\u00e7u le feu vert pour son utilisation en France en juin 2024.<\/p>\n<\/blockquote>\n<p>  <a class=\"gofollow\" data-track=\"MTIsMCwxLDYw\" href=\"https:\/\/ma-sante.news\/annonceurs\/\" target=\"_blank\" rel=\"noopener\"><img loading=\"lazy\" decoding=\"async\" width=\"2560\" height=\"2133\" src=\"data:image\/svg+xml,%3Csvg%20xmlns=\" http:=\"\" data-lazy-src=\"https:\/\/www.europesays.com\/fr\/wp-content\/uploads\/2025\/03\/pub-annonceurs-4-scaled.jpg\"\/><\/a>    <img loading=\"lazy\" decoding=\"async\" width=\"755\" height=\"495\" src=\"data:image\/svg+xml,%3Csvg%20xmlns=\" http:=\"\" data-lazy-src=\"https:\/\/www.europesays.com\/fr\/wp-content\/uploads\/2025\/03\/Image1.jpg\"\/>Inscrivez-vous \u00e0 notre newsletter <br \/>Ma Sant\u00e9                      <\/p>\n","protected":false},"excerpt":{"rendered":"Le vaccin Ixchiq est actuellement le seul vaccin autoris\u00e9 contre le chikungunya au niveau mondial. \u00a9 Freepik Le&hellip;\n","protected":false},"author":2,"featured_media":221779,"comment_status":"","ping_status":"","sticky":false,"template":"","format":"standard","meta":{"footnotes":""},"categories":[10],"tags":[6443,1011,27,72,71,773],"class_list":{"0":"post-221778","1":"post","2":"type-post","3":"status-publish","4":"format-standard","5":"has-post-thumbnail","7":"category-sante","8":"tag-chikungunya","9":"tag-fr","10":"tag-france","11":"tag-health","12":"tag-sante","13":"tag-vaccin"},"share_on_mastodon":{"url":"https:\/\/pubeurope.com\/@fr\/114786160272633662","error":""},"_links":{"self":[{"href":"https:\/\/www.europesays.com\/fr\/wp-json\/wp\/v2\/posts\/221778","targetHints":{"allow":["GET"]}}],"collection":[{"href":"https:\/\/www.europesays.com\/fr\/wp-json\/wp\/v2\/posts"}],"about":[{"href":"https:\/\/www.europesays.com\/fr\/wp-json\/wp\/v2\/types\/post"}],"author":[{"embeddable":true,"href":"https:\/\/www.europesays.com\/fr\/wp-json\/wp\/v2\/users\/2"}],"replies":[{"embeddable":true,"href":"https:\/\/www.europesays.com\/fr\/wp-json\/wp\/v2\/comments?post=221778"}],"version-history":[{"count":0,"href":"https:\/\/www.europesays.com\/fr\/wp-json\/wp\/v2\/posts\/221778\/revisions"}],"wp:featuredmedia":[{"embeddable":true,"href":"https:\/\/www.europesays.com\/fr\/wp-json\/wp\/v2\/media\/221779"}],"wp:attachment":[{"href":"https:\/\/www.europesays.com\/fr\/wp-json\/wp\/v2\/media?parent=221778"}],"wp:term":[{"taxonomy":"category","embeddable":true,"href":"https:\/\/www.europesays.com\/fr\/wp-json\/wp\/v2\/categories?post=221778"},{"taxonomy":"post_tag","embeddable":true,"href":"https:\/\/www.europesays.com\/fr\/wp-json\/wp\/v2\/tags?post=221778"}],"curies":[{"name":"wp","href":"https:\/\/api.w.org\/{rel}","templated":true}]}}