{"id":221782,"date":"2025-07-02T23:10:17","date_gmt":"2025-07-02T23:10:17","guid":{"rendered":"https:\/\/www.europesays.com\/fr\/221782\/"},"modified":"2025-07-02T23:10:17","modified_gmt":"2025-07-02T23:10:17","slug":"marine-de-la-star-ac-a-recu-une-reponse-du-maire-de-bolbec-une-ville-quelle-a-decrite-comme-consanguine","status":"publish","type":"post","link":"https:\/\/www.europesays.com\/fr\/221782\/","title":{"rendered":"Marine de la \u00ab\u00a0Star Ac\u2019\u00a0\u00bb a re\u00e7u une r\u00e9ponse du maire de Bolbec, une ville qu\u2019elle a d\u00e9crite comme \u00ab\u00a0consanguine\u00a0\u00bb"},"content":{"rendered":"<p>        <img decoding=\"async\" loading=\"lazy\" src=\"https:\/\/www.europesays.com\/fr\/wp-content\/uploads\/2025\/07\/f9df4e8_upload-1-dhxxdnnjoov2-screenshot-2025-07-02-16-22-33.png\"  width=\"728\" height=\"375\" alt=\"Marine de la \u00ab\u00a0Star Academy\u00a0\u00bb, ici sur le plateau de \u00ab\u00a0C \u00e0 vous\u00a0\u00bb sur France 5, le 1er juillet 2025.\"\/>   <\/p>\n<p>Marine de la \u00ab\u00a0Star Academy\u00a0\u00bb, ici sur le plateau de \u00ab\u00a0C \u00e0 vous\u00a0\u00bb sur France 5, le 1er juillet 2025.<\/p>\n<p class=\"asset asset-text\">NORMANDIE &#8211; Elle les a trait\u00e9s de \u00ab\u00a0consanguins\u00a0\u00bb, mais elle ne pourra pas leur reprocher d\u2019\u00eatre rancuniers. <a href=\"https:\/\/www.huffingtonpost.fr\/culture\/article\/marine-de-la-star-academy-n-a-pas-fait-que-chanter-a-la-fnac-de-lille-pour-la-sortie-de-son-premier-album_251896.html\" rel=\"nofollow noopener\" target=\"_blank\">Marine<\/a>, la gagnante de la derni\u00e8re <a href=\"https:\/\/www.huffingtonpost.fr\/divertissement\/article\/le-pere-d-ebony-thierry-cham-raconte-comment-elle-a-reagi-aux-attaques-racistes-apres-la-star-academy_248556.html\" rel=\"nofollow noopener\" target=\"_blank\">Star Academy<\/a>, avait point\u00e9 du doigt mardi la ville normande de Bolbec, en Seine-Maritime, comme \u00ab\u00a0la plus consanguine de France\u00a0\u00bb. Son maire lui a r\u00e9pondu.<\/p>\n<p class=\"asset asset-text\">Mais revenons tout d\u2019abord un peu en arri\u00e8re. La chanteuse \u00e9tait invit\u00e9e de C \u00e0 vous sur France 5 le 1er\u00a0juillet, o\u00f9 elle avait voulu d\u00e9fendre son Nord natal en tapant avec humour sur la Normandie.<\/p>\n<p class=\"asset asset-text\">Questionn\u00e9e sur la chanson de son dernier album qui parle de sa r\u00e9gion d\u2019origine, Marine a dit qu\u2019elle voulait \u00ab\u00a0rire des clich\u00e9s\u00a0\u00bb, des K\u00e9vin en passant par la consanguinit\u00e9 parfois accol\u00e9e aux Nordistes. \u00ab\u00a0La ville la plus consanguine de France, elle se trouve en Normandie, faut v\u00e9rifier, j\u2019crois c\u2019est Bolbec un truc comme \u00e7a\u00a0\u00bb, avait-elle d\u00e9clar\u00e9, suscitant l\u2019hilarit\u00e9 des chroniqueurs sur le plateau de France 5, <strong>comme vous pouvez le voir dans la vid\u00e9o ci-dessous<\/strong>.<\/p>\n<p> La lecture de ce contenu est susceptible d\u2019entra\u00eener un d\u00e9p\u00f4t de cookies de la part de l\u2019op\u00e9rateur tiers qui l\u2019h\u00e9berge. Compte-tenu des choix que vous avez exprim\u00e9s en mati\u00e8re de d\u00e9p\u00f4t de cookies, nous avons bloqu\u00e9 l\u2019affichage de ce contenu. Si vous souhaitez y acc\u00e9der, vous devez accepter la cat\u00e9gorie de cookies \u201cContenus tiers\u201d en cliquant sur le bouton ci-dessous. <\/p>\n<p> Lire la Vid\u00e9o        Une invitation \u00e0 venir \u00ab\u00a0d\u00e9couvrir\u00a0la ville\u00a0\u00bb    <\/p>\n<p class=\"asset asset-text\">D\u2019apr\u00e8s les m\u00e9dias locaux comme <a href=\"https:\/\/france3-regions.franceinfo.fr\/normandie\/seine-maritime\/marine-de-la-star-academy-traite-bolbec-de-ville-la-plus-consanguine-de-france-le-maire-l-invite-a-venir-y-chanter-3181431.html\" target=\"_blank\" rel=\"noopener nofollow\" title=\"Nouvelle fen\u00eatre\">France 3\u00a0Normandie<\/a>, cette r\u00e9putation dont la commune ne parvient pas \u00e0 se d\u00e9barrasser \u00ab\u00a0ne s\u2019explique pas\u00a0\u00bb. Sur place, la saillie de Marine ne passe pas vraiment, en t\u00e9moigne un article publi\u00e9 par <a href=\"https:\/\/www.lecourriercauchois.fr\/actualite-385749-television-en-defendant-sa-region-marine-de-la-star-academy-cible-bolbec\" target=\"_blank\" rel=\"noopener nofollow\" title=\"Nouvelle fen\u00eatre\">Le\u00a0Courrier cauchois<\/a> qui l\u2019accuse de \u00ab\u00a0recoller \u00e0 la ville cette \u00e9tiquette dont elle cherche tant \u00e0 se d\u00e9faire, via une discussion\u2026 pour contrarier les clich\u00e9s\u00a0\u00bb.<\/p>\n<p class=\"asset asset-text\">Interrog\u00e9 par France 3, le maire de Bolbec, Christophe Dor\u00e9, a lui pr\u00e9f\u00e9r\u00e9 prendre les choses avec humour et r\u00e9pondu \u00e0 la chanteuse. Rappelant qu\u2019il \u00ab\u00a0a cherch\u00e9 dans les archives\u00a0\u00bb sans \u00ab\u00a0rien\u00a0\u00bb trouver sur la consanguinit\u00e9, il assure\u00a0: \u00ab\u00a0Marine, Bolbec est une ville de c\u0153ur, je te tends les bras, on aime la culture, je t\u2019accueille \u00e0 bras ouverts, je te ferai d\u00e9couvrir cette magnifique ville\u00a0!\u00a0\u00bb. Reste \u00e0 voir si la gagnante de la Star Academy va r\u00e9pondre \u00e0 l\u2019invitation.<\/p>\n","protected":false},"excerpt":{"rendered":"Marine de la \u00ab\u00a0Star Academy\u00a0\u00bb, ici sur le plateau de \u00ab\u00a0C \u00e0 vous\u00a0\u00bb sur France 5, le 1er&hellip;\n","protected":false},"author":2,"featured_media":221783,"comment_status":"","ping_status":"","sticky":false,"template":"","format":"standard","meta":{"footnotes":""},"categories":[8],"tags":[5632,251,58,59,1011,27,5161,5095,252],"class_list":{"0":"post-221782","1":"post","2":"type-post","3":"status-publish","4":"format-standard","5":"has-post-thumbnail","7":"category-divertissement","8":"tag-c-a-vous","9":"tag-culture","10":"tag-divertissement","11":"tag-entertainment","12":"tag-fr","13":"tag-france","14":"tag-normandie","15":"tag-star-academy","16":"tag-television"},"share_on_mastodon":{"url":"https:\/\/pubeurope.com\/@fr\/114786168084744947","error":""},"_links":{"self":[{"href":"https:\/\/www.europesays.com\/fr\/wp-json\/wp\/v2\/posts\/221782","targetHints":{"allow":["GET"]}}],"collection":[{"href":"https:\/\/www.europesays.com\/fr\/wp-json\/wp\/v2\/posts"}],"about":[{"href":"https:\/\/www.europesays.com\/fr\/wp-json\/wp\/v2\/types\/post"}],"author":[{"embeddable":true,"href":"https:\/\/www.europesays.com\/fr\/wp-json\/wp\/v2\/users\/2"}],"replies":[{"embeddable":true,"href":"https:\/\/www.europesays.com\/fr\/wp-json\/wp\/v2\/comments?post=221782"}],"version-history":[{"count":0,"href":"https:\/\/www.europesays.com\/fr\/wp-json\/wp\/v2\/posts\/221782\/revisions"}],"wp:featuredmedia":[{"embeddable":true,"href":"https:\/\/www.europesays.com\/fr\/wp-json\/wp\/v2\/media\/221783"}],"wp:attachment":[{"href":"https:\/\/www.europesays.com\/fr\/wp-json\/wp\/v2\/media?parent=221782"}],"wp:term":[{"taxonomy":"category","embeddable":true,"href":"https:\/\/www.europesays.com\/fr\/wp-json\/wp\/v2\/categories?post=221782"},{"taxonomy":"post_tag","embeddable":true,"href":"https:\/\/www.europesays.com\/fr\/wp-json\/wp\/v2\/tags?post=221782"}],"curies":[{"name":"wp","href":"https:\/\/api.w.org\/{rel}","templated":true}]}}