{"id":221786,"date":"2025-07-02T23:12:12","date_gmt":"2025-07-02T23:12:12","guid":{"rendered":"https:\/\/www.europesays.com\/fr\/221786\/"},"modified":"2025-07-02T23:12:12","modified_gmt":"2025-07-02T23:12:12","slug":"le-cese-etrille-dans-un-rapport-parlementaire","status":"publish","type":"post","link":"https:\/\/www.europesays.com\/fr\/221786\/","title":{"rendered":"le Cese \u00e9trill\u00e9 dans un rapport parlementaire"},"content":{"rendered":"<p>        <img decoding=\"async\" loading=\"lazy\" src=\"https:\/\/www.europesays.com\/fr\/wp-content\/uploads\/2025\/07\/59753e3_upload-1-hlpddyba2ptl-000-636r8r3.jpg\"  width=\"728\" height=\"409\" alt=\"Le pr\u00e9sident du Conseil \u00e9conomique, social et environnemental (Cese), Thierry Beaudet, prononce un discours lors de la premi\u00e8re journ\u00e9e de la \u00ab Convention citoyenne sur les temps de l\u2019enfant \u00bb, le 20\u00a0juin 2025. \"\/>  <\/p>\n<p>ALAIN JOCARD \/ AFP<\/p>\n<p>Le pr\u00e9sident du Conseil \u00e9conomique, social et environnemental (Cese), Thierry Beaudet, prononce un discours lors de la premi\u00e8re journ\u00e9e de la \u00ab Convention citoyenne sur les temps de l\u2019enfant \u00bb, le 20\u00a0juin 2025. <\/p>\n<p class=\"asset asset-text\">POLITIQUE &#8211; Le <a href=\"https:\/\/www.huffingtonpost.fr\/politique\/article\/apres-le-conseil-national-de-la-refondation-de-macron-le-cese-rappelle-qu-il-existe_197125.html\" rel=\"nofollow noopener\" target=\"_blank\">Conseil \u00e9conomique, social et environnemental<\/a> (Cese), troisi\u00e8me chambre de la R\u00e9publique au r\u00f4le consultatif, est vivement critiqu\u00e9 dans un rapport <a href=\"https:\/\/www.huffingtonpost.fr\/politique\/video\/porter-la-veste-ou-non-en-pleine-canicule-le-choix-politique-des-deputes-a-l-assemblee_252139.html\" rel=\"nofollow noopener\" target=\"_blank\">parlementaire <\/a>publi\u00e9 ce mercredi 2\u00a0juillet pour le \u00ab\u00a0trop faible investissement de ses membres\u00a0\u00bb ou \u00ab\u00a0des publications peu nombreuses\u00a0\u00bb.<\/p>\n<p class=\"asset asset-text\">\u00ab\u00a0Certains avis r\u00e9dig\u00e9s reposent sur un nombre tr\u00e8s faible d\u2019auditions\u00a0\u00bb, a fustig\u00e9 le rapporteur macroniste (EPR) Daniel Labaronne devant la commission des finances de l\u2019Assembl\u00e9e nationale. \u00ab\u00a0Le rapporteur a \u00e9t\u00e9 surpris de constater que seules six auditions avaient \u00e9t\u00e9 organis\u00e9es pour r\u00e9diger une \u00e9tude sur la sant\u00e9 au travail, ce qui lui para\u00eet relativement modeste \u00e9tant donn\u00e9 les probl\u00e9matiques soulev\u00e9es par un tel sujet\u00a0\u00bb, selon le rapport d\u2019information.<\/p>\n<p class=\"asset asset-text\">Daniel Labaronne a relev\u00e9 devant la commission que pour une r\u00e9mun\u00e9ration de \u00ab\u00a02\u00a0500\u00a0euros net par mois\u00a0\u00bb, les conseillers du\u00a0Cese\u00a0ne devaient travailler au total que \u00ab\u00a0quatre journ\u00e9es par mois\u00a0\u00bb.<\/p>\n<p class=\"asset asset-text\">Il a aussi critiqu\u00e9 \u00ab\u00a0un vrai tropisme en faveur des questions environnementales\u00a0\u00bb, au d\u00e9triment des questions \u00e9conomiques et sociales, et le fait que \u00ab\u00a0ses travaux sont essentiellement le fruit d\u2019autosaisines\u00a0\u00bb et non de saisines par les parlementaires ou le gouvernement.<\/p>\n<p>                     Le Cese dit \u00ab\u00a0regretter les nombreux raccourcis\u00a0\u00bb    <\/p>\n<p class=\"asset asset-text\">Dans un communiqu\u00e9, le\u00a0Cese \u00ab\u00a0prend note des axes d\u2019am\u00e9lioration sugg\u00e9r\u00e9s dans le rapport, dont certains rejoignent des projets d\u00e9j\u00e0 en cours\u00a0\u00bb et convient de \u00ab\u00a0la n\u00e9cessit\u00e9 de renforcer son r\u00f4le consultatif et son \u00e9coute par le gouvernement et le parlement\u00a0\u00bb.<\/p>\n<p class=\"asset asset-text\">Mais la troisi\u00e8me assembl\u00e9e \u00ab\u00a0regrette n\u00e9anmoins les nombreux raccourcis, notamment quant \u00e0 l\u2019investissement des membres, au nombre d\u2019experts auditionn\u00e9s pour l\u2019\u00e9laboration de ses travaux et \u00e0 l\u2019\u00e9quilibre des th\u00e9matiques de ses avis\u00a0\u00bb.<\/p>\n<p class=\"asset asset-text\">Le\u00a0Cese\u00a0compte 175 conseillers, dont 52 repr\u00e9sentants des salari\u00e9s, autant des entreprises, 45 au titre de la vie associative et 26 au titre de la d\u00e9fense de l\u2019environnement.<\/p>\n<p class=\"asset asset-text\">Le rapport parlementaire pr\u00e9conise de \u00ab\u00a0r\u00e9duire le nombre des excuses autoris\u00e9es pour justifier l\u2019absence d\u2019un membre (du\u00a0Cese) \u00e0 une r\u00e9union\u00a0\u00bb ou encore de \u00ab\u00a0pr\u00e9voir que la r\u00e9mun\u00e9ration des membres augmente, jusqu\u2019\u00e0 un plafond, \u00e0 mesure qu\u2019ils sont pr\u00e9sents lors des r\u00e9unions\u00a0\u00bb.<\/p>\n<p>    \u00ab\u00a0Rendre publics les comptes\u00a0\u00bb    <\/p>\n<p class=\"asset asset-text\">Alors que la loi pr\u00e9voit que le\u00a0Cese\u00a0peut \u00eatre saisi par les citoyens sur la base d\u2019une p\u00e9tition ayant recueilli 150\u00a0000 signatures, le rapport demande \u00e0 l\u2019institution de \u00ab\u00a0davantage mettre en valeur\u00a0\u00bb sa \u00ab\u00a0plateforme de d\u00e9p\u00f4t des p\u00e9titions et de recueil des signatures\u00a0\u00bb.<\/p>\n<p class=\"asset asset-text\">Il souhaite enfin \u00ab\u00a0rendre publics les comptes\u00a0\u00bb de l\u2019institution, dont le budget pour 2025 s\u2019\u00e9l\u00e8ve \u00e0 34,4\u00a0millions d\u2019euros, et veut supprimer 12 \u00ab\u00a0jours\u00a0Cese\u00a0\u00bb de cong\u00e9s dont b\u00e9n\u00e9ficient les 154 agents de l\u2019institution, pay\u00e9s en moyenne 5\u00a0678\u00a0euros bruts par mois.<\/p>\n<p class=\"asset asset-text\">Le\u00a0Cese\u00a0va par ailleurs faire l\u2019objet d\u2019un rapport de la Cour des comptes qui devrait \u00eatre publi\u00e9 prochainement. Selon un \u00ab\u00a0rapport d\u2019observations provisoires\u00a0\u00bb de la Cour non rendu public mais r\u00e9v\u00e9l\u00e9 en mars par le Canard encha\u00een\u00e9, les informations fournies par le\u00a0Cese \u00ab\u00a0sur sa situation financi\u00e8re sont extr\u00eamement succinctes\u00a0\u00bb.<\/p>\n","protected":false},"excerpt":{"rendered":"ALAIN JOCARD \/ AFP Le pr\u00e9sident du Conseil \u00e9conomique, social et environnemental (Cese), Thierry Beaudet, prononce un discours&hellip;\n","protected":false},"author":2,"featured_media":221787,"comment_status":"","ping_status":"","sticky":false,"template":"","format":"standard","meta":{"footnotes":""},"categories":[6],"tags":[416,35,36073,33,34,1011,27,316],"class_list":{"0":"post-221786","1":"post","2":"type-post","3":"status-publish","4":"format-standard","5":"has-post-thumbnail","7":"category-economie","8":"tag-assemblee-nationale","9":"tag-business","10":"tag-cese","11":"tag-economie","12":"tag-economy","13":"tag-fr","14":"tag-france","15":"tag-politique"},"share_on_mastodon":{"url":"https:\/\/pubeurope.com\/@fr\/114786175816009879","error":""},"_links":{"self":[{"href":"https:\/\/www.europesays.com\/fr\/wp-json\/wp\/v2\/posts\/221786","targetHints":{"allow":["GET"]}}],"collection":[{"href":"https:\/\/www.europesays.com\/fr\/wp-json\/wp\/v2\/posts"}],"about":[{"href":"https:\/\/www.europesays.com\/fr\/wp-json\/wp\/v2\/types\/post"}],"author":[{"embeddable":true,"href":"https:\/\/www.europesays.com\/fr\/wp-json\/wp\/v2\/users\/2"}],"replies":[{"embeddable":true,"href":"https:\/\/www.europesays.com\/fr\/wp-json\/wp\/v2\/comments?post=221786"}],"version-history":[{"count":0,"href":"https:\/\/www.europesays.com\/fr\/wp-json\/wp\/v2\/posts\/221786\/revisions"}],"wp:featuredmedia":[{"embeddable":true,"href":"https:\/\/www.europesays.com\/fr\/wp-json\/wp\/v2\/media\/221787"}],"wp:attachment":[{"href":"https:\/\/www.europesays.com\/fr\/wp-json\/wp\/v2\/media?parent=221786"}],"wp:term":[{"taxonomy":"category","embeddable":true,"href":"https:\/\/www.europesays.com\/fr\/wp-json\/wp\/v2\/categories?post=221786"},{"taxonomy":"post_tag","embeddable":true,"href":"https:\/\/www.europesays.com\/fr\/wp-json\/wp\/v2\/tags?post=221786"}],"curies":[{"name":"wp","href":"https:\/\/api.w.org\/{rel}","templated":true}]}}