{"id":221788,"date":"2025-07-02T23:13:10","date_gmt":"2025-07-02T23:13:10","guid":{"rendered":"https:\/\/www.europesays.com\/fr\/221788\/"},"modified":"2025-07-02T23:13:10","modified_gmt":"2025-07-02T23:13:10","slug":"benyamin-netanyahou-jure-deliminer-le-hamas-jusqua-la-racine","status":"publish","type":"post","link":"https:\/\/www.europesays.com\/fr\/221788\/","title":{"rendered":"Benyamin Netanyahou jure d&rsquo;\u00e9liminer le Hamas \u00abjusqu&rsquo;\u00e0 la racine\u00bb"},"content":{"rendered":"<p>Le premier ministre isra\u00e9lien, \u00e0 quelques jours d\u2019une rencontre avec Donald Trump \u00e0 la Maison-Blanche, ne veut plus de \u00abHamas\u00bb, ni \u00abde Hamastan\u00bb.<\/p>\n<p class=\"fig-paragraph\">Le\u00a0<a href=\"http:\/\/www.lefigaro.fr\/international\/donald-trump-va-recevoir-benyamin-netanyahou-a-la-maison-blanche-le-7-juillet-20250630\" target=\"_blank\" data-fig-type=\"NewsFlash\" rel=\"noopener nofollow\" data-gtm-custom-categorie=\"navigation\" data-gtm-custom-action=\"crossclick\" data-gtm-custom-label=\"Contextuel\" data-gtm-event=\"customEventSPE\" data-fig-domain=\"LEFIGARO\">premier ministre isra\u00e9lien, Benyamin Netanyahou<\/a>, a jur\u00e9 mercredi d\u2019\u00e9liminer \u00abjusqu\u2019\u00e0 la racine\u00bb le mouvement islamiste palestinien Hamas, qui a annonc\u00e9 \u00e9tudier des \u00abpropositions\u00bb en vue d\u2019un cessez-le-feu \u00e0 Gaza. A quelques jours d\u2019une rencontre pr\u00e9vue \u00e0 Washington avec le pr\u00e9sident am\u00e9ricain Donald Trump, qui presse pour un arr\u00eat des hostilit\u00e9s, le premier ministre isr\u00e9alien a assur\u00e9 qu\u2019il n\u2019y aurait plus de \u00abHamastan\u00bb \u00e0 Gaza. \u00abC\u2019est termin\u00e9. Nous lib\u00e9rerons tous nos otages et nous \u00e9liminerons le Hamas (&#8230;). Nous les \u00e9liminerons jusqu\u2019\u00e0 la racine\u00bb, a-t-il insist\u00e9.<\/p>\n<p class=\"fig-paragraph\">Selon une source palestinienne proche des n\u00e9gociations, les \u00abpropositions\u00bb re\u00e7ues par le Hamas des m\u00e9diateurs \u00e9gyptiens et qataris mentionnent une tr\u00eave de 60 jours pendant laquelle seraient lib\u00e9r\u00e9s la moiti\u00e9 des otages isra\u00e9liens encore vivants en \u00e9change d\u2019\u00abun certain nombre de prisonniers\u00bb palestiniens. Le chef de la diplomatie isra\u00e9lienne, Gideon Saar, a appel\u00e9 \u00e0 ne pas \u00abmanquer\u00bb une occasion de lib\u00e9rer les derniers otages retenus dans le territoire palestinien ravag\u00e9 par pr\u00e8s de 21 mois de guerre.<\/p>\n<p>                                    <a class=\"fig-a11y-skip a11y-hidden\" href=\"#fig-a11y-skip-main-inarticle\"><br \/>\n        Passer la publicit\u00e9<br \/>\n    <\/a><\/p>\n<p>Un cessez-le-feu lointain<\/p>\n<p class=\"fig-paragraph\">Donald Trump a assur\u00e9 mardi qu\u2019Isra\u00ebl avait accept\u00e9 de finaliser les termes d\u2019un cessez-le-feu de deux mois \u00e0 Gaza et a exhort\u00e9 le Hamas \u00e0 l\u2019accepter. Pourtant, aucune piste tangible n\u2019a encore \u00e9merg\u00e9 des tractations et l\u2019horizon d\u2019une fin des combats suscite des d\u00e9bats en Isra\u00ebl, des ministres d\u2019extr\u00eame droite s\u2019y opposant tant que le Hamas est toujours actif.<\/p>\n<p class=\"fig-paragraph\">\u00abNous n\u2019avons qu\u2019un mot \u00e0 leur dire ce matin: honte!\u00bb, a tacl\u00e9 le Forum des familles, principale association de proches des otages retenus \u00e0 Gaza, et fer de lance de la mobilisation pour exiger du gouvernement un accord pour leur lib\u00e9ration.<\/p>\n","protected":false},"excerpt":{"rendered":"Le premier ministre isra\u00e9lien, \u00e0 quelques jours d\u2019une rencontre avec Donald Trump \u00e0 la Maison-Blanche, ne veut plus&hellip;\n","protected":false},"author":2,"featured_media":221789,"comment_status":"","ping_status":"","sticky":false,"template":"","format":"standard","meta":{"footnotes":""},"categories":[5],"tags":[11,3448,1011,27,665,14,12,28],"class_list":{"0":"post-221788","1":"post","2":"type-post","3":"status-publish","4":"format-standard","5":"has-post-thumbnail","7":"category-international","8":"tag-actualites","9":"tag-benjamin-netanyahou","10":"tag-fr","11":"tag-france","12":"tag-gaza","13":"tag-international","14":"tag-news","15":"tag-world"},"share_on_mastodon":{"url":"https:\/\/pubeurope.com\/@fr\/114786179769713228","error":""},"_links":{"self":[{"href":"https:\/\/www.europesays.com\/fr\/wp-json\/wp\/v2\/posts\/221788","targetHints":{"allow":["GET"]}}],"collection":[{"href":"https:\/\/www.europesays.com\/fr\/wp-json\/wp\/v2\/posts"}],"about":[{"href":"https:\/\/www.europesays.com\/fr\/wp-json\/wp\/v2\/types\/post"}],"author":[{"embeddable":true,"href":"https:\/\/www.europesays.com\/fr\/wp-json\/wp\/v2\/users\/2"}],"replies":[{"embeddable":true,"href":"https:\/\/www.europesays.com\/fr\/wp-json\/wp\/v2\/comments?post=221788"}],"version-history":[{"count":0,"href":"https:\/\/www.europesays.com\/fr\/wp-json\/wp\/v2\/posts\/221788\/revisions"}],"wp:featuredmedia":[{"embeddable":true,"href":"https:\/\/www.europesays.com\/fr\/wp-json\/wp\/v2\/media\/221789"}],"wp:attachment":[{"href":"https:\/\/www.europesays.com\/fr\/wp-json\/wp\/v2\/media?parent=221788"}],"wp:term":[{"taxonomy":"category","embeddable":true,"href":"https:\/\/www.europesays.com\/fr\/wp-json\/wp\/v2\/categories?post=221788"},{"taxonomy":"post_tag","embeddable":true,"href":"https:\/\/www.europesays.com\/fr\/wp-json\/wp\/v2\/tags?post=221788"}],"curies":[{"name":"wp","href":"https:\/\/api.w.org\/{rel}","templated":true}]}}