{"id":221803,"date":"2025-07-02T23:22:10","date_gmt":"2025-07-02T23:22:10","guid":{"rendered":"https:\/\/www.europesays.com\/fr\/221803\/"},"modified":"2025-07-02T23:22:10","modified_gmt":"2025-07-02T23:22:10","slug":"previsions-du-jeudi-3-juillet-2025","status":"publish","type":"post","link":"https:\/\/www.europesays.com\/fr\/221803\/","title":{"rendered":"pr\u00e9visions du jeudi 3 juillet 2025"},"content":{"rendered":"<p>Un splendide soleil brillera sur Montpellier, o\u00f9 la journ\u00e9e sera des plus agr\u00e9ables. La chaleur estivale sera bien l\u00e0 puisque les valeurs seront quand m\u00eame de 24\u00b0C au minimum et de 35\u00b0C au maximum. D\u00e8s le matin, les temp\u00e9ratures \u00e9volueront entre 25 et 33\u2009\u00b0C. Une brise de nord soufflera l\u00e9g\u00e8rement. Les valeurs maximums pr\u00e9vues l&rsquo;apr\u00e8s-midi sont importantes, avec 35\u00b0C. Dans la soir\u00e9e, les temp\u00e9ratures avoisineront les 24\u00b0C. On passera de jeudi \u00e0 vendredi par une nuit claire.<\/p>\n<p>Demain, un grand soleil brillera sur Montpellier. Les temp\u00e9ratures vont chuter de quelques degr\u00e9s. De tr\u00e8s fortes chaleurs (entre 24\u00b0C et 34\u00b0C) sont annonc\u00e9es. Ce sera un bel \u00e9t\u00e9 : les temp\u00e9ratures s&rsquo;\u00e9chelonneront entre 24 et 34\u00b0C. La ville va p\u00e2tir des grosses chaleurs avec des valeurs qui pourraient monter \u00e0 33\u00b0C le matin. Un l\u00e9ger vent de nord-ouest soufflera. Les importantes chaleurs sont pr\u00e9sentes. Avec des temp\u00e9ratures situ\u00e9es entre 30 et 34\u00b0C. Des pluies \u00e9parses tomberont dans la soir\u00e9e. La p\u00e9riode de fortes chaleurs est bien l\u00e0, avec des valeurs qui risqueront d&rsquo;aller jusqu&rsquo;\u00e0 31\u00b0C. Un vent de nord-est soufflera un peu, avec 5 km\/h.<\/p>\n<p>La m\u00e9t\u00e9o des jours qui suivent va \u00e9voluer peu \u00e0 peu. M\u00eame si le beau temps persistera quelque peu samedi, il faut pr\u00e9voir une d\u00e9gradation par la suite.<\/p>\n<p>Notez que la chaleur entra\u00eene l&rsquo;affaiblissement : \u00e9vitez tout effort physique pendant la journ\u00e9e, principalement entre midi et 16h. Dans tous les cas, buvez de l&rsquo;eau r\u00e9guli\u00e8rement, sans attendre d&rsquo;avoir soif !<\/p>\n","protected":false},"excerpt":{"rendered":"Un splendide soleil brillera sur Montpellier, o\u00f9 la journ\u00e9e sera des plus agr\u00e9ables. La chaleur estivale sera bien&hellip;\n","protected":false},"author":2,"featured_media":221804,"comment_status":"","ping_status":"","sticky":false,"template":"","format":"standard","meta":{"footnotes":""},"categories":[9599],"tags":[1111,11,1777,674,1011,27,7089,2681,2208,12,2680,2119,25],"class_list":{"0":"post-221803","1":"post","2":"type-post","3":"status-publish","4":"format-standard","5":"has-post-thumbnail","7":"category-montpellier","8":"tag-actu","9":"tag-actualites","10":"tag-eu","11":"tag-europe","12":"tag-fr","13":"tag-france","14":"tag-herault","15":"tag-languedoc-roussillon","16":"tag-montpellier","17":"tag-news","18":"tag-occitanie","19":"tag-previsions-meteo","20":"tag-republique-francaise"},"share_on_mastodon":{"url":"https:\/\/pubeurope.com\/@fr\/114786215181079263","error":""},"_links":{"self":[{"href":"https:\/\/www.europesays.com\/fr\/wp-json\/wp\/v2\/posts\/221803","targetHints":{"allow":["GET"]}}],"collection":[{"href":"https:\/\/www.europesays.com\/fr\/wp-json\/wp\/v2\/posts"}],"about":[{"href":"https:\/\/www.europesays.com\/fr\/wp-json\/wp\/v2\/types\/post"}],"author":[{"embeddable":true,"href":"https:\/\/www.europesays.com\/fr\/wp-json\/wp\/v2\/users\/2"}],"replies":[{"embeddable":true,"href":"https:\/\/www.europesays.com\/fr\/wp-json\/wp\/v2\/comments?post=221803"}],"version-history":[{"count":0,"href":"https:\/\/www.europesays.com\/fr\/wp-json\/wp\/v2\/posts\/221803\/revisions"}],"wp:featuredmedia":[{"embeddable":true,"href":"https:\/\/www.europesays.com\/fr\/wp-json\/wp\/v2\/media\/221804"}],"wp:attachment":[{"href":"https:\/\/www.europesays.com\/fr\/wp-json\/wp\/v2\/media?parent=221803"}],"wp:term":[{"taxonomy":"category","embeddable":true,"href":"https:\/\/www.europesays.com\/fr\/wp-json\/wp\/v2\/categories?post=221803"},{"taxonomy":"post_tag","embeddable":true,"href":"https:\/\/www.europesays.com\/fr\/wp-json\/wp\/v2\/tags?post=221803"}],"curies":[{"name":"wp","href":"https:\/\/api.w.org\/{rel}","templated":true}]}}