{"id":221813,"date":"2025-07-02T23:31:11","date_gmt":"2025-07-02T23:31:11","guid":{"rendered":"https:\/\/www.europesays.com\/fr\/221813\/"},"modified":"2025-07-02T23:31:11","modified_gmt":"2025-07-02T23:31:11","slug":"previsions-du-jeudi-3-juillet-2025-2","status":"publish","type":"post","link":"https:\/\/www.europesays.com\/fr\/221813\/","title":{"rendered":"pr\u00e9visions du jeudi 3 juillet 2025"},"content":{"rendered":"<p>\u00c0 Strasbourg, la journ\u00e9e va rester couverte \u00e0 cause de nuages qui perdurent dans le ciel. On pr\u00e9voit des valeurs d&rsquo;environ 23\u00b0C. La grisaille ne se disperse toujours pas, il y aura encore des nuages le matin. Le thermom\u00e8tre affichera 23\u00b0C en moyenne. Un petit vent de nord-ouest soufflera. Le ciel va s&rsquo;\u00e9claircir dans l&rsquo;apr\u00e8s-midi. Les temp\u00e9ratures afficheront entre 23 et 27\u00b0C. Les valeurs avoisineront les 24\u00b0C au cours de la soir\u00e9e. Une nuit claire vous attendra entre jeudi et vendredi.<\/p>\n<p>Demain, les Strasbourgeois vont pouvoir profiter d&rsquo;un soleil radieux. Une baisse des temp\u00e9ratures est \u00e0 pr\u00e9voir. Les valeurs s&rsquo;\u00e9chelonneront entre 15 et 29\u00b0C. Un vent de nord-est rafra\u00eechira quelque peu l&rsquo;atmosph\u00e8re. Un temps plus chaud est pr\u00e9vu demain apr\u00e8s-midi \u00e9tant donn\u00e9 que les temp\u00e9ratures vont conna\u00eetre une hausse. Les valeurs s&rsquo;\u00e9chelonneront de 28 \u00e0 29\u00b0C. Il va faire en moyenne 23\u00b0C, demain soir.<\/p>\n<p>Pour les jours \u00e0 venir, la m\u00e9t\u00e9o ne changera pas. Le temps sera ensoleill\u00e9 avec des temp\u00e9ratures avoisinant 31\u00b0C.<\/p>\n<p><\/p>\n","protected":false},"excerpt":{"rendered":"\u00c0 Strasbourg, la journ\u00e9e va rester couverte \u00e0 cause de nuages qui perdurent dans le ciel. On pr\u00e9voit&hellip;\n","protected":false},"author":2,"featured_media":221814,"comment_status":"","ping_status":"","sticky":false,"template":"","format":"standard","meta":{"footnotes":""},"categories":[2820],"tags":[1111,11,2389,2649,1777,674,1011,27,775,12,2119,25,640],"class_list":{"0":"post-221813","1":"post","2":"type-post","3":"status-publish","4":"format-standard","5":"has-post-thumbnail","7":"category-strasbourg","8":"tag-actu","9":"tag-actualites","10":"tag-alsace","11":"tag-bas-rhin","12":"tag-eu","13":"tag-europe","14":"tag-fr","15":"tag-france","16":"tag-grand-est","17":"tag-news","18":"tag-previsions-meteo","19":"tag-republique-francaise","20":"tag-strasbourg"},"share_on_mastodon":{"url":"https:\/\/pubeurope.com\/@fr\/114786250521047984","error":""},"_links":{"self":[{"href":"https:\/\/www.europesays.com\/fr\/wp-json\/wp\/v2\/posts\/221813","targetHints":{"allow":["GET"]}}],"collection":[{"href":"https:\/\/www.europesays.com\/fr\/wp-json\/wp\/v2\/posts"}],"about":[{"href":"https:\/\/www.europesays.com\/fr\/wp-json\/wp\/v2\/types\/post"}],"author":[{"embeddable":true,"href":"https:\/\/www.europesays.com\/fr\/wp-json\/wp\/v2\/users\/2"}],"replies":[{"embeddable":true,"href":"https:\/\/www.europesays.com\/fr\/wp-json\/wp\/v2\/comments?post=221813"}],"version-history":[{"count":0,"href":"https:\/\/www.europesays.com\/fr\/wp-json\/wp\/v2\/posts\/221813\/revisions"}],"wp:featuredmedia":[{"embeddable":true,"href":"https:\/\/www.europesays.com\/fr\/wp-json\/wp\/v2\/media\/221814"}],"wp:attachment":[{"href":"https:\/\/www.europesays.com\/fr\/wp-json\/wp\/v2\/media?parent=221813"}],"wp:term":[{"taxonomy":"category","embeddable":true,"href":"https:\/\/www.europesays.com\/fr\/wp-json\/wp\/v2\/categories?post=221813"},{"taxonomy":"post_tag","embeddable":true,"href":"https:\/\/www.europesays.com\/fr\/wp-json\/wp\/v2\/tags?post=221813"}],"curies":[{"name":"wp","href":"https:\/\/api.w.org\/{rel}","templated":true}]}}