{"id":221823,"date":"2025-07-02T23:37:18","date_gmt":"2025-07-02T23:37:18","guid":{"rendered":"https:\/\/www.europesays.com\/fr\/221823\/"},"modified":"2025-07-02T23:37:18","modified_gmt":"2025-07-02T23:37:18","slug":"gironde-un-premier-cas-autochtone-de-chikungunya-detecte","status":"publish","type":"post","link":"https:\/\/www.europesays.com\/fr\/221823\/","title":{"rendered":"Gironde : un premier cas autochtone de chikungunya d\u00e9tect\u00e9"},"content":{"rendered":"<p><img decoding=\"async\" class=\"\" style=\"width:100%;max-width:100%\" src=\"https:\/\/www.europesays.com\/fr\/wp-content\/uploads\/2025\/07\/mosquito_49141_12801751468759567-format16by9.jpg\" alt=\"moustique \"\/><\/p>\n<p>La maladie est transmise par la piq\u00fbre d&rsquo;un moustique tigre lui-m\u00eame infect\u00e9. <\/p>\n<p>Cr\u00e9dit : CC0 photo d&rsquo;illustration <\/p>\n<p>\u00a0<\/p>\n<p>Il s&rsquo;agit du premier cas autochtone de chikungunya d\u00e9tect\u00e9 en Nouvelle-Aquitaine. Par cas autochtone, comprenez une personne qui a \u00e9t\u00e9 infect\u00e9e sans avoir voyag\u00e9 dans une zone contamin\u00e9e dans les 15 jours pr\u00e9c\u00e9dant l&rsquo;apparition des sympt\u00f4mes. Ce premier cas a \u00e9t\u00e9 d\u00e9tect\u00e9 ce mercredi, plus pr\u00e9cis\u00e9ment en Gironde sur la commune d&rsquo;Illats, comme l&rsquo;annonce l&rsquo;<a href=\"https:\/\/www.nouvelle-aquitaine.ars.sante.fr\" rel=\"noopener\" target=\"_blank\">ARS Nouvelle-Aquitaine<\/a> dans un communiqu\u00e9. Le malade est un enfant de 5 ans. Il est aujourd&rsquo;hui sorti d&rsquo;hospitalisation et \u00ab\u00a0son \u00e9tat de sant\u00e9 n&rsquo;inspire pas d&rsquo;inqui\u00e9tude\u00a0\u00bb pr\u00e9cise l&rsquo;ARS.\u00a0<\/p>\n<p>Des mesures pour limiter tout risque de propagation ont \u00e9t\u00e9 imm\u00e9diatement mises en place.\u00a0<\/p>\n<p>\u00a0<\/p>\n<p>Des op\u00e9rations de d\u00e9moustication<\/p>\n<p>Le chikungunya <strong>se transmet uniquement de personne \u00e0 personne par l\u2019interm\u00e9diaire de la piq\u00fbre d\u2019un moustique tigre<\/strong> <strong>lui-m\u00eame infect\u00e9 par le virus<\/strong>. L&rsquo;enfant a donc certainement \u00e9t\u00e9 piqu\u00e9 par un moustique ayant piqu\u00e9 auparavant une personne ayant elle-m\u00eame contract\u00e9 la maladie en voyageant dans une zone contamin\u00e9e.\u00a0<\/p>\n<p>\u00a0L&rsquo;ARS annonce que des op\u00e9rations de d\u00e9moustication seront r\u00e9alis\u00e9es par Altopictus \u00ab\u00a0sur l\u2019espace public et dans les jardins priv\u00e9s autour des lieux fr\u00e9quent\u00e9s par l\u2019enfant pendant sa p\u00e9riode de contagiosit\u00e9\u00a0\u00bb. Objectif, \u00e9liminer les moustiques qui auraient piqu\u00e9 l&rsquo;enfant et seraient d\u00e9sormais contamin\u00e9s.\u00a0<\/p>\n<p>Une enqu\u00eate en porte \u00e0 porte sera r\u00e9alis\u00e9e par l\u2019ARS Nouvelle-Aquitaine, Sant\u00e9 publique France et la mairie d\u2019Illats \u00ab\u00a0pour identifier des personnes qui pourraient pr\u00e9senter des sympt\u00f4mes \u00e9vocateurs (fi\u00e8vre sup\u00e9rieure \u00e0 38,5\u00b0C d\u2019apparition brutale, douleurs articulaires, \u00e9ruption cutan\u00e9e, fatigue, douleurs musculaires) et les informer sur la conduite \u00e0 tenir\u00a0\u00bb.\u00a0<\/p>\n<p>Pour se prot\u00e9ger des piq\u00fbres, l&rsquo;ARS conseille d\u2019installer des moustiquaires pour les nouveau-n\u00e9s ou les personnes alit\u00e9es, de porter des v\u00eatements couvrants et amples et d&rsquo;utiliser un ventilateur pour \u00e9loigner les moustiques.<\/p>\n<p>Sur la commune d\u2019Illats, il est \u00e9galement recommand\u00e9 d\u2019appliquer un r\u00e9pulsif cutan\u00e9, conseill\u00e9 par votre pharmacien, particuli\u00e8rement le matin et en fin de journ\u00e9e.\u00a0<\/p>\n<p>\u00a0<\/p>\n<p>\u00a0<\/p>\n","protected":false},"excerpt":{"rendered":"La maladie est transmise par la piq\u00fbre d&rsquo;un moustique tigre lui-m\u00eame infect\u00e9. Cr\u00e9dit : CC0 photo d&rsquo;illustration \u00a0&hellip;\n","protected":false},"author":2,"featured_media":221824,"comment_status":"","ping_status":"","sticky":false,"template":"","format":"standard","meta":{"footnotes":""},"categories":[2817],"tags":[29273,1111,11,35712,36074,1997,14362,6443,847,1777,674,1011,27,2905,36075,36076,511,12,2219,25,5155],"class_list":{"0":"post-221823","1":"post","2":"type-post","3":"status-publish","4":"format-standard","5":"has-post-thumbnail","7":"category-bordeaux","8":"tag-5-ans","9":"tag-actu","10":"tag-actualites","11":"tag-ars","12":"tag-autochtone","13":"tag-bordeaux","14":"tag-cas","15":"tag-chikungunya","16":"tag-enfant","17":"tag-eu","18":"tag-europe","19":"tag-fr","20":"tag-france","21":"tag-gironde","22":"tag-illats","23":"tag-malade","24":"tag-moustique","25":"tag-news","26":"tag-nouvelle-aquitaine","27":"tag-republique-francaise","28":"tag-tigre"},"share_on_mastodon":{"url":"https:\/\/pubeurope.com\/@fr\/114786274242154770","error":""},"_links":{"self":[{"href":"https:\/\/www.europesays.com\/fr\/wp-json\/wp\/v2\/posts\/221823","targetHints":{"allow":["GET"]}}],"collection":[{"href":"https:\/\/www.europesays.com\/fr\/wp-json\/wp\/v2\/posts"}],"about":[{"href":"https:\/\/www.europesays.com\/fr\/wp-json\/wp\/v2\/types\/post"}],"author":[{"embeddable":true,"href":"https:\/\/www.europesays.com\/fr\/wp-json\/wp\/v2\/users\/2"}],"replies":[{"embeddable":true,"href":"https:\/\/www.europesays.com\/fr\/wp-json\/wp\/v2\/comments?post=221823"}],"version-history":[{"count":0,"href":"https:\/\/www.europesays.com\/fr\/wp-json\/wp\/v2\/posts\/221823\/revisions"}],"wp:featuredmedia":[{"embeddable":true,"href":"https:\/\/www.europesays.com\/fr\/wp-json\/wp\/v2\/media\/221824"}],"wp:attachment":[{"href":"https:\/\/www.europesays.com\/fr\/wp-json\/wp\/v2\/media?parent=221823"}],"wp:term":[{"taxonomy":"category","embeddable":true,"href":"https:\/\/www.europesays.com\/fr\/wp-json\/wp\/v2\/categories?post=221823"},{"taxonomy":"post_tag","embeddable":true,"href":"https:\/\/www.europesays.com\/fr\/wp-json\/wp\/v2\/tags?post=221823"}],"curies":[{"name":"wp","href":"https:\/\/api.w.org\/{rel}","templated":true}]}}