{"id":221825,"date":"2025-07-02T23:38:10","date_gmt":"2025-07-02T23:38:10","guid":{"rendered":"https:\/\/www.europesays.com\/fr\/221825\/"},"modified":"2025-07-02T23:38:10","modified_gmt":"2025-07-02T23:38:10","slug":"previsions-du-jeudi-3-juillet-2025-4","status":"publish","type":"post","link":"https:\/\/www.europesays.com\/fr\/221825\/","title":{"rendered":"pr\u00e9visions du jeudi 3 juillet 2025"},"content":{"rendered":"<p>Le soleil appara\u00eet l\u00e9g\u00e8rement aujourd&rsquo;hui. Ces \u00e9claircies devraient ravir les Bordelais. L&rsquo;\u00e9t\u00e9 s&rsquo;est d\u00e9finitivement install\u00e9 puisque les temp\u00e9ratures iront de 16 \u00e0 33\u00b0C. Le matin, le mercure affichera 24\u00b0C en moyenne. Un vent de nord-est soufflera l\u00e9g\u00e8rement, avec 11 km\/h. L&rsquo;apr\u00e8s-midi, c&rsquo;est une hausse de plusieurs degr\u00e9s que vont conna\u00eetre les temp\u00e9ratures pour un climat de plus en plus estival. Attention \u00e0 la vague de chaud. Des valeurs de 30 \u00e0 33\u00b0C sont annonc\u00e9es. Dans la soir\u00e9e, les temp\u00e9ratures seront de 26\u00b0C. Durant la nuit de jeudi \u00e0 vendredi, le ciel sera clair.<\/p>\n<p>Un bel ensoleillement est attendu demain \u00e0 Bordeaux. Le temps va se r\u00e9chauffer avec une augmentation de quelques degr\u00e9s pour un \u00e9t\u00e9 chaud. Les fortes chaleurs sont pr\u00e9sentes. Avec des temp\u00e9ratures comprises entre 17 et 35\u00b0C. Ce sera un bel \u00e9t\u00e9 : les valeurs afficheront entre 17 et 35\u00b0C. Un vent de nord-ouest rafra\u00eechira quelque peu l&rsquo;atmosph\u00e8re. Les temp\u00e9ratures maximums attendues le matin sont \u00e9lev\u00e9es, avec 33\u00b0C. Une m\u00e9t\u00e9o plus chaude est pr\u00e9vue demain apr\u00e8s-midi puisque le mercure va enregistrer une hausse, remplissant les terrasses d&rsquo;habitants et de vacanciers venus appr\u00e9cier l&rsquo;\u00e9t\u00e9. Les valeurs \u00e9volueront entre 32 et 35\u2009\u00b0C. La ville va subir, demain soir, une vague de grosses chaleurs avec des temp\u00e9ratures qui atteindront parfois les 30\u00b0C. Les valeurs avoisineront les 27\u00b0C.<\/p>\n<p>Les conditions m\u00e9t\u00e9orologiques des journ\u00e9es qui suivent vont \u00e9voluer progressivement. M\u00eame si le beau temps persistera un peu samedi, il faut s&rsquo;attendre \u00e0 une d\u00e9gradation ensuite.<\/p>\n<p>Prenez vos dispositions face au coup de chaud : il faut se rappeler de boire, \u00e9viter de s&rsquo;exposer au soleil pendant les heures les plus chaudes et se rafra\u00eechir avec un brumisateur ou un linge mouill\u00e9. Soyez attentif aux personnes fragiles dans votre entourage.<\/p>\n","protected":false},"excerpt":{"rendered":"Le soleil appara\u00eet l\u00e9g\u00e8rement aujourd&rsquo;hui. Ces \u00e9claircies devraient ravir les Bordelais. L&rsquo;\u00e9t\u00e9 s&rsquo;est d\u00e9finitivement install\u00e9 puisque les temp\u00e9ratures&hellip;\n","protected":false},"author":2,"featured_media":221826,"comment_status":"","ping_status":"","sticky":false,"template":"","format":"standard","meta":{"footnotes":""},"categories":[2817],"tags":[1111,11,3177,1997,1777,674,1011,27,2905,12,2219,2119,25],"class_list":{"0":"post-221825","1":"post","2":"type-post","3":"status-publish","4":"format-standard","5":"has-post-thumbnail","7":"category-bordeaux","8":"tag-actu","9":"tag-actualites","10":"tag-aquitaine","11":"tag-bordeaux","12":"tag-eu","13":"tag-europe","14":"tag-fr","15":"tag-france","16":"tag-gironde","17":"tag-news","18":"tag-nouvelle-aquitaine","19":"tag-previsions-meteo","20":"tag-republique-francaise"},"share_on_mastodon":{"url":"https:\/\/pubeurope.com\/@fr\/114786278032409306","error":""},"_links":{"self":[{"href":"https:\/\/www.europesays.com\/fr\/wp-json\/wp\/v2\/posts\/221825","targetHints":{"allow":["GET"]}}],"collection":[{"href":"https:\/\/www.europesays.com\/fr\/wp-json\/wp\/v2\/posts"}],"about":[{"href":"https:\/\/www.europesays.com\/fr\/wp-json\/wp\/v2\/types\/post"}],"author":[{"embeddable":true,"href":"https:\/\/www.europesays.com\/fr\/wp-json\/wp\/v2\/users\/2"}],"replies":[{"embeddable":true,"href":"https:\/\/www.europesays.com\/fr\/wp-json\/wp\/v2\/comments?post=221825"}],"version-history":[{"count":0,"href":"https:\/\/www.europesays.com\/fr\/wp-json\/wp\/v2\/posts\/221825\/revisions"}],"wp:featuredmedia":[{"embeddable":true,"href":"https:\/\/www.europesays.com\/fr\/wp-json\/wp\/v2\/media\/221826"}],"wp:attachment":[{"href":"https:\/\/www.europesays.com\/fr\/wp-json\/wp\/v2\/media?parent=221825"}],"wp:term":[{"taxonomy":"category","embeddable":true,"href":"https:\/\/www.europesays.com\/fr\/wp-json\/wp\/v2\/categories?post=221825"},{"taxonomy":"post_tag","embeddable":true,"href":"https:\/\/www.europesays.com\/fr\/wp-json\/wp\/v2\/tags?post=221825"}],"curies":[{"name":"wp","href":"https:\/\/api.w.org\/{rel}","templated":true}]}}