{"id":221831,"date":"2025-07-02T23:41:10","date_gmt":"2025-07-02T23:41:10","guid":{"rendered":"https:\/\/www.europesays.com\/fr\/221831\/"},"modified":"2025-07-02T23:41:10","modified_gmt":"2025-07-02T23:41:10","slug":"previsions-du-jeudi-3-juillet-2025-6","status":"publish","type":"post","link":"https:\/\/www.europesays.com\/fr\/221831\/","title":{"rendered":"pr\u00e9visions du jeudi 3 juillet 2025"},"content":{"rendered":"<p>C&rsquo;est une magnifique journ\u00e9e dont va b\u00e9n\u00e9ficier Lille, o\u00f9 le soleil va briller avec force. Les maximales iront jusqu&rsquo;\u00e0 24\u00b0C alors que les minimales seront de 13\u00b0C. Un vent de nord-ouest rafra\u00eechira un peu l&rsquo;atmosph\u00e8re. Dans la matin\u00e9e, les temp\u00e9ratures seront de 20\u00b0C. Les valeurs vont enregistrer une hausse de quelques degr\u00e9s lors de l&rsquo;apr\u00e8s-midi. Les valeurs afficheront entre 23\u00b0C et 24\u00b0C. C&rsquo;est un ciel clair que conna\u00eetra la nuit de jeudi \u00e0 vendredi.<\/p>\n<p>Demain, les Lillois vont pouvoir profiter d&rsquo;un soleil radieux. Les temp\u00e9ratures seront comprises entre 12 et 25\u00b0C. Une l\u00e9g\u00e8re brise de nord-ouest sera ressentie par les habitants. Le temps va se r\u00e9chauffer demain apr\u00e8s-midi avec une augmentation de quelques degr\u00e9s.<\/p>\n<p>Les jours passent et ne changent pas. Il va faire un temps plut\u00f4t ensoleill\u00e9 avec des temp\u00e9ratures d&rsquo;environ 24\u00b0C.<\/p>\n<p><\/p>\n","protected":false},"excerpt":{"rendered":"C&rsquo;est une magnifique journ\u00e9e dont va b\u00e9n\u00e9ficier Lille, o\u00f9 le soleil va briller avec force. Les maximales iront&hellip;\n","protected":false},"author":2,"featured_media":221832,"comment_status":"","ping_status":"","sticky":false,"template":"","format":"standard","meta":{"footnotes":""},"categories":[2815],"tags":[1111,11,1777,674,1011,27,811,1307,12,1308,1309,2119,25],"class_list":{"0":"post-221831","1":"post","2":"type-post","3":"status-publish","4":"format-standard","5":"has-post-thumbnail","7":"category-lille","8":"tag-actu","9":"tag-actualites","10":"tag-eu","11":"tag-europe","12":"tag-fr","13":"tag-france","14":"tag-hauts-de-france","15":"tag-lille","16":"tag-news","17":"tag-nord","18":"tag-nord-pas-de-calais","19":"tag-previsions-meteo","20":"tag-republique-francaise"},"share_on_mastodon":{"url":"https:\/\/pubeurope.com\/@fr\/114786289848726737","error":""},"_links":{"self":[{"href":"https:\/\/www.europesays.com\/fr\/wp-json\/wp\/v2\/posts\/221831","targetHints":{"allow":["GET"]}}],"collection":[{"href":"https:\/\/www.europesays.com\/fr\/wp-json\/wp\/v2\/posts"}],"about":[{"href":"https:\/\/www.europesays.com\/fr\/wp-json\/wp\/v2\/types\/post"}],"author":[{"embeddable":true,"href":"https:\/\/www.europesays.com\/fr\/wp-json\/wp\/v2\/users\/2"}],"replies":[{"embeddable":true,"href":"https:\/\/www.europesays.com\/fr\/wp-json\/wp\/v2\/comments?post=221831"}],"version-history":[{"count":0,"href":"https:\/\/www.europesays.com\/fr\/wp-json\/wp\/v2\/posts\/221831\/revisions"}],"wp:featuredmedia":[{"embeddable":true,"href":"https:\/\/www.europesays.com\/fr\/wp-json\/wp\/v2\/media\/221832"}],"wp:attachment":[{"href":"https:\/\/www.europesays.com\/fr\/wp-json\/wp\/v2\/media?parent=221831"}],"wp:term":[{"taxonomy":"category","embeddable":true,"href":"https:\/\/www.europesays.com\/fr\/wp-json\/wp\/v2\/categories?post=221831"},{"taxonomy":"post_tag","embeddable":true,"href":"https:\/\/www.europesays.com\/fr\/wp-json\/wp\/v2\/tags?post=221831"}],"curies":[{"name":"wp","href":"https:\/\/api.w.org\/{rel}","templated":true}]}}