{"id":221835,"date":"2025-07-02T23:43:11","date_gmt":"2025-07-02T23:43:11","guid":{"rendered":"https:\/\/www.europesays.com\/fr\/221835\/"},"modified":"2025-07-02T23:43:11","modified_gmt":"2025-07-02T23:43:11","slug":"deux-incendies-en-cours-entre-les-caillols-et-saint-marcel-a-marseille","status":"publish","type":"post","link":"https:\/\/www.europesays.com\/fr\/221835\/","title":{"rendered":"Deux incendies en cours entre les Caillols et Saint-Marcel \u00e0 Marseille"},"content":{"rendered":"<p>Deux incendies se sont d\u00e9clar\u00e9s \u00e0 peu pr\u00e8s simultan\u00e9ment et dans un secteur assez ramass\u00e9 peu avant 16\u00a0heures ce mercredi apr\u00e8s-midi dans le 11e arrondissement de <a href=\"https:\/\/www.laprovence.com\/bouches-du-rhone\/marseille-13055\" target=\"_blank\" rel=\"noopener\">Marseille<\/a>.<\/p>\n<p>Le premier sinistre, contre lequel les <a href=\"https:\/\/www.laprovence.com\/article\/faits-divers-justice\/21055085494691\/marseille-le-bataillon-des-marins-pompiers-a-profite-de-sa-journee-de-cohesion-pour-celebrer-lesprit-dequipage\" target=\"_blank\" rel=\"noopener\">marins-pompiers<\/a> sont toujours en lutte, a parcouru environ 1 hectare\u00a0entre <a href=\"https:\/\/www.laprovence.com\/actu\/en-direct\/5998678\/marseille-les-caillols-menace-dun-couteau-il-cede-sa-voiture.html\" target=\"_blank\" rel=\"noopener\">les Caillols<\/a> et <a href=\"https:\/\/www.laprovence.com\/article\/region\/11475199359401\/marseille-confidentiels-la-vaste-renovation-de-saint-marcel-debute-ce-lundi\" target=\"_blank\" rel=\"noopener\">Saint-Marcel<\/a>.<\/p>\n<p>Le Bataillon recommande d\u2019\u00e9viter le secteur<\/p>\n<p>Le deuxi\u00e8me incendie menace le lotissement Collet des Comtes. Il aurait d\u00e9vor\u00e9 5\u00a0000\u00a0m\u00b2. Il est actuellement combattu au sol et par les airs, au moyen d\u2019un h\u00e9licopt\u00e8re bombardier d\u2019eau.<\/p>\n<p>\u00c0 17h30, les deux feux \u00e9voluaient de mani\u00e8re lente et favorable, estimaient les marins-pompiers.<\/p>\n<p>Les secours \u00e9tant d\u00e9j\u00e0 sur place, le Bataillon recommande de ne pas encombrer inutilement ses lignes t\u00e9l\u00e9phoniques \u00e0 ce sujet et invite la population \u00e0 \u00e9viter le secteur pour ne pas g\u00eaner les op\u00e9rations ni cr\u00e9er un engorgement de la zone.<\/p>\n<p>A 19 heures, les marins-pompiers proc\u00e9daient \u00e0 ce qu&rsquo;ils appellent \u00ab\u00a0le noyage\u00a0\u00bb. Une heure et demie plus tard, ce sont des drones qu&rsquo;ils ont fait voler pour v\u00e9rifier la temp\u00e9rature des surfaces brul\u00e9es, avant de d\u00e9sengager progressivement les moyens. Des rondes r\u00e9guli\u00e8res vont n\u00e9anmoins se poursuivre toute la nuit pour parer tout red\u00e9part de feu \u00e9ventuel.<\/p>\n","protected":false},"excerpt":{"rendered":"Deux incendies se sont d\u00e9clar\u00e9s \u00e0 peu pr\u00e8s simultan\u00e9ment et dans un secteur assez ramass\u00e9 peu avant 16\u00a0heures&hellip;\n","protected":false},"author":2,"featured_media":221836,"comment_status":"","ping_status":"","sticky":false,"template":"","format":"standard","meta":{"footnotes":""},"categories":[2814],"tags":[17,1111,11,1102,36077,703,4070,2834,1777,674,274,1011,27,5383,151,884,12,882,25,16263],"class_list":{"0":"post-221835","1":"post","2":"type-post","3":"status-publish","4":"format-standard","5":"has-post-thumbnail","7":"category-marseille","8":"tag-17","9":"tag-actu","10":"tag-actualites","11":"tag-breakingnews","12":"tag-caillols","13":"tag-cours","14":"tag-deux","15":"tag-entre","16":"tag-eu","17":"tag-europe","18":"tag-faits-divers-justice","19":"tag-fr","20":"tag-france","21":"tag-incendies","22":"tag-les","23":"tag-marseille","24":"tag-news","25":"tag-provence-alpes-cote-dazur","26":"tag-republique-francaise","27":"tag-saint-marcel"},"share_on_mastodon":{"url":"https:\/\/pubeurope.com\/@fr\/114786297666480534","error":""},"_links":{"self":[{"href":"https:\/\/www.europesays.com\/fr\/wp-json\/wp\/v2\/posts\/221835","targetHints":{"allow":["GET"]}}],"collection":[{"href":"https:\/\/www.europesays.com\/fr\/wp-json\/wp\/v2\/posts"}],"about":[{"href":"https:\/\/www.europesays.com\/fr\/wp-json\/wp\/v2\/types\/post"}],"author":[{"embeddable":true,"href":"https:\/\/www.europesays.com\/fr\/wp-json\/wp\/v2\/users\/2"}],"replies":[{"embeddable":true,"href":"https:\/\/www.europesays.com\/fr\/wp-json\/wp\/v2\/comments?post=221835"}],"version-history":[{"count":0,"href":"https:\/\/www.europesays.com\/fr\/wp-json\/wp\/v2\/posts\/221835\/revisions"}],"wp:featuredmedia":[{"embeddable":true,"href":"https:\/\/www.europesays.com\/fr\/wp-json\/wp\/v2\/media\/221836"}],"wp:attachment":[{"href":"https:\/\/www.europesays.com\/fr\/wp-json\/wp\/v2\/media?parent=221835"}],"wp:term":[{"taxonomy":"category","embeddable":true,"href":"https:\/\/www.europesays.com\/fr\/wp-json\/wp\/v2\/categories?post=221835"},{"taxonomy":"post_tag","embeddable":true,"href":"https:\/\/www.europesays.com\/fr\/wp-json\/wp\/v2\/tags?post=221835"}],"curies":[{"name":"wp","href":"https:\/\/api.w.org\/{rel}","templated":true}]}}