{"id":221839,"date":"2025-07-02T23:45:09","date_gmt":"2025-07-02T23:45:09","guid":{"rendered":"https:\/\/www.europesays.com\/fr\/221839\/"},"modified":"2025-07-02T23:45:09","modified_gmt":"2025-07-02T23:45:09","slug":"immobilier-voici-5-communes-autour-de-lyon-ou-les-prix-sont-en-chute-libre","status":"publish","type":"post","link":"https:\/\/www.europesays.com\/fr\/221839\/","title":{"rendered":"Immobilier\u00a0: voici 5 communes autour de Lyon o\u00f9 les prix sont en chute libre"},"content":{"rendered":"<p data-start=\"276\" data-end=\"704\">C\u2019\u00e9tait l\u2019un des march\u00e9s les plus tendus de France, dop\u00e9 par la ru\u00e9e post-Covid vers les maisons avec jardin, le t\u00e9l\u00e9travail et l\u2019envie de respirer loin des centre-villes. Mais en 2025, le march\u00e9 immobilier lyonnais fait sa mue. Fini l\u2019euphorie, place \u00e0 une correction s\u00e9v\u00e8re, surtout pour les maisons individuelles situ\u00e9es dans la premi\u00e8re couronne. Et pour la premi\u00e8re fois depuis des ann\u00e9es, les acheteurs reprennent la main. Du sud au nord, de Vernaison \u00e0 Francheville, les prix s\u2019effondrent de 18 % sur trois ans. Une chute brutale, mais salutaire, qui redonne de l\u2019oxyg\u00e8ne \u00e0 un march\u00e9 devenu inaccessible pour de nombreux m\u00e9nages.<\/p>\n<p>&#13;<br \/>\nVernaison\u00a0: le bon plan au sud de Lyon&#13;<\/p>\n<blockquote class=\"instagram-media\" data-instgrm-permalink=\"https:\/\/www.instagram.com\/p\/BoLnSz0HCgS\/?utm_source=ig_embed&amp;utm_campaign=loading\" data-instgrm-version=\"14\" style=\"background: #FFF; border: 0; border-radius: 3px; box-shadow: 0 0 1px 0 rgba(0,0,0,0.5),0 1px 10px 0 rgba(0,0,0,0.15); margin: 1px; max-width: 540px; min-width: 326px; padding: 0; width: calc(100% - 2px);\"><p>&#13;<br \/>\n&#13;\n<\/p><\/blockquote>\n<p>&#13;<br \/>\n&#13;<br \/>\n&#13;<\/p>\n<p data-start=\"423\" data-end=\"819\">Situ\u00e9e \u00e0 une quinzaine de kilom\u00e8tres au sud, en bord de Rh\u00f4ne, Vernaison retrouve un peu de calme\u2026 y compris sur ses prix. Apr\u00e8s avoir flamb\u00e9 post-Covid, la commune redescend sur terre avec une baisse de -18 %. Toujours aussi charmante avec ses allures de village et son acc\u00e8s rapide \u00e0 l\u2019A7, elle redevient une p\u00e9pite pour les familles en qu\u00eate d\u2019espace.<\/p>\n<p>&#13;<\/p>\n<p data-start=\"423\" data-end=\"819\"><strong>Prix au m\u00b2 en 2025\u00a0: 3\u202f857 \u20ac (-18 %)<\/strong><\/p>\n<p>&#13;<br \/>\nCraponne\u00a0: la chute inattendue de l\u2019ouest lyonnais&#13;<\/p>\n<p data-start=\"886\" data-end=\"1200\">Proximit\u00e9 avec Tassin, cadre r\u00e9sidentiel au top, dessertes efficaces\u2026 Craponne avait tout pour plaire, et les prix avaient explos\u00e9. Mais en 2025, la tendance s\u2019inverse. Un recul net, et une aubaine pour les primo-acc\u00e9dants qui lorgnaient sur l\u2019ouest sans pouvoir y entrer.<\/p>\n<p>&#13;<\/p>\n<p data-start=\"886\" data-end=\"1200\"><strong>Prix au m\u00b2 en 2025\u00a0: 4\u202f176 \u20ac (-18 %)<\/strong><\/p>\n<p>&#13;<br \/>\nBrignais\u00a0: ville-village qui retrouve sa mesure&#13;<\/p>\n<blockquote class=\"instagram-media\" data-instgrm-permalink=\"https:\/\/www.instagram.com\/p\/DFxurfqIvRd\/?utm_source=ig_embed&amp;utm_campaign=loading\" data-instgrm-version=\"14\" style=\"background: #FFF; border: 0; border-radius: 3px; box-shadow: 0 0 1px 0 rgba(0,0,0,0.5),0 1px 10px 0 rgba(0,0,0,0.15); margin: 1px; max-width: 540px; min-width: 326px; padding: 0; width: calc(100% - 2px);\"><p>&#13;<br \/>\n&#13;\n<\/p><\/blockquote>\n<p>&#13;<br \/>\n&#13;<br \/>\n&#13;<\/p>\n<p data-start=\"1264\" data-end=\"1600\">Entre ville et campagne, Brignais coche beaucoup de cases. Mais avec une offre limit\u00e9e et une demande frileuse face aux taux, les prix s\u2019ajustent s\u00e9v\u00e8rement. R\u00e9sultat\u00a0: un retour \u00e0 la raison, parfait pour ceux qui cherchent une maison dans une commune vivante, bien \u00e9quip\u00e9e\u2026 et enfin abordable.<\/p>\n<p>&#13;<\/p>\n<p data-start=\"1264\" data-end=\"1600\"><strong>Prix au m\u00b2 en 2025\u00a0: 3\u202f869 \u20ac (-18 %)<\/strong><\/p>\n<p>&#13;<br \/>\nFrancheville\u00a0: r\u00e9sidentiel, vert\u2026 et (enfin) accessible&#13;<\/p>\n<p data-start=\"1672\" data-end=\"2002\">C\u2019\u00e9tait l\u2019un des bastions du haut de gamme lyonnais. Mais m\u00eame Francheville n\u2019\u00e9chappe pas au coup de froid du march\u00e9. Espaces bois\u00e9s, grands terrains, calme olympien\u2026 et d\u00e9sormais, des prix qui font moins peur. L\u2019occasion parfaite de s\u2019offrir une vie plus verte sans quitter la m\u00e9tropole.<\/p>\n<p>&#13;<\/p>\n<p data-start=\"1672\" data-end=\"2002\"><strong>Prix au m\u00b2 en 2025\u00a0: 4\u202f411 \u20ac (-18 %)<\/strong><\/p>\n<p>&#13;<br \/>\nSaint-Genis-Laval\u00a0: une \u00e9toile en pause&#13;<\/p>\n<blockquote class=\"instagram-media\" data-instgrm-permalink=\"https:\/\/www.instagram.com\/p\/DKKVMBwieQT\/?utm_source=ig_embed&amp;utm_campaign=loading\" data-instgrm-version=\"14\" style=\"background: #FFF; border: 0; border-radius: 3px; box-shadow: 0 0 1px 0 rgba(0,0,0,0.5),0 1px 10px 0 rgba(0,0,0,0.15); margin: 1px; max-width: 540px; min-width: 326px; padding: 0; width: calc(100% - 2px);\"><p>&#13;<br \/>\n&#13;\n<\/p><\/blockquote>\n<p>&#13;<\/p>\n<p data-start=\"2058\" data-end=\"2368\">Strat\u00e9gique, bien desservie, bourr\u00e9e d\u2019\u00e9quipements (hello m\u00e9tro B et h\u00f4pital Lyon Sud), Saint-Genis-Laval est toujours une valeur s\u00fbre. Mais les prix dans l\u2019ancien d\u00e9vissent \u00e0 leur tour. Une aubaine pour les acheteurs patients, qui parient sur un rebond \u00e0 moyen terme.<\/p>\n<p>&#13;<\/p>\n<p data-start=\"2058\" data-end=\"2368\"><strong>Prix au m\u00b2 en 2025\u00a0: 4\u202f395 \u20ac (-18 %)<\/strong><\/p>\n<p>&#13;<\/p>\n<p data-start=\"276\" data-end=\"704\">Ces communes longtemps cot\u00e9es, qui affichaient des hausses \u00e0 faire p\u00e2lir Paris, reviennent sur des niveaux plus raisonnables. L\u2019effet des taux d\u2019emprunt \u00e9lev\u00e9s\u00a0? Clairement. Mais aussi un ajustement logique apr\u00e8s une flamb\u00e9e parfois irrationnelle. Les vendeurs doivent d\u00e9sormais revoir leurs pr\u00e9tentions, et les acheteurs \u2014 patients, prudents mais d\u00e9cid\u00e9s \u2014 trouvent enfin des fen\u00eatres de tir.<\/p>\n<p>&#13;<\/p>\n<p data-start=\"1664\" data-end=\"2002\" data-is-last-node=\"\" data-is-only-node=\"\">Pour ceux qui r\u00eavaient de quitter l\u2019hyper-centre lyonnais, de troquer leur deux-pi\u00e8ces canut contre une maison avec un jardin, un peu de verdure et beaucoup plus d\u2019espace, 2025 s\u2019annonce comme une ann\u00e9e charni\u00e8re. Pas forc\u00e9ment le grand soir de l\u2019immobilier, mais un retour \u00e0 des prix plus en phase avec la r\u00e9alit\u00e9. Et \u00e7a, \u00e7a change tout.<\/p>\n<p>&#13;<\/p>\n<p data-start=\"1664\" data-end=\"2002\" data-is-last-node=\"\" data-is-only-node=\"\">Source\u00a0: <a href=\"https:\/\/edito.seloger.com\/conseils-d-experts\/acheter\/achat-d-une-maison-autour-de-lyon-communes-prix-degringolent\" rel=\"nofollow noopener noreferrer\" target=\"_blank\">Seloger.com<\/a><\/p>\n<p><script async src=\"\/\/www.instagram.com\/embed.js\"><\/script><\/p>\n","protected":false},"excerpt":{"rendered":"C\u2019\u00e9tait l\u2019un des march\u00e9s les plus tendus de France, dop\u00e9 par la ru\u00e9e post-Covid vers les maisons avec&hellip;\n","protected":false},"author":2,"featured_media":221840,"comment_status":"","ping_status":"","sticky":false,"template":"","format":"standard","meta":{"footnotes":""},"categories":[1889],"tags":[1111,11,2430,1777,674,1011,27,2428,12,25],"class_list":{"0":"post-221839","1":"post","2":"type-post","3":"status-publish","4":"format-standard","5":"has-post-thumbnail","7":"category-lyon","8":"tag-actu","9":"tag-actualites","10":"tag-auvergne-rhone-alpes","11":"tag-eu","12":"tag-europe","13":"tag-fr","14":"tag-france","15":"tag-lyon","16":"tag-news","17":"tag-republique-francaise"},"share_on_mastodon":{"url":"https:\/\/pubeurope.com\/@fr\/114786305527349999","error":""},"_links":{"self":[{"href":"https:\/\/www.europesays.com\/fr\/wp-json\/wp\/v2\/posts\/221839","targetHints":{"allow":["GET"]}}],"collection":[{"href":"https:\/\/www.europesays.com\/fr\/wp-json\/wp\/v2\/posts"}],"about":[{"href":"https:\/\/www.europesays.com\/fr\/wp-json\/wp\/v2\/types\/post"}],"author":[{"embeddable":true,"href":"https:\/\/www.europesays.com\/fr\/wp-json\/wp\/v2\/users\/2"}],"replies":[{"embeddable":true,"href":"https:\/\/www.europesays.com\/fr\/wp-json\/wp\/v2\/comments?post=221839"}],"version-history":[{"count":0,"href":"https:\/\/www.europesays.com\/fr\/wp-json\/wp\/v2\/posts\/221839\/revisions"}],"wp:featuredmedia":[{"embeddable":true,"href":"https:\/\/www.europesays.com\/fr\/wp-json\/wp\/v2\/media\/221840"}],"wp:attachment":[{"href":"https:\/\/www.europesays.com\/fr\/wp-json\/wp\/v2\/media?parent=221839"}],"wp:term":[{"taxonomy":"category","embeddable":true,"href":"https:\/\/www.europesays.com\/fr\/wp-json\/wp\/v2\/categories?post=221839"},{"taxonomy":"post_tag","embeddable":true,"href":"https:\/\/www.europesays.com\/fr\/wp-json\/wp\/v2\/tags?post=221839"}],"curies":[{"name":"wp","href":"https:\/\/api.w.org\/{rel}","templated":true}]}}