{"id":221853,"date":"2025-07-02T23:53:12","date_gmt":"2025-07-02T23:53:12","guid":{"rendered":"https:\/\/www.europesays.com\/fr\/221853\/"},"modified":"2025-07-02T23:53:12","modified_gmt":"2025-07-02T23:53:12","slug":"linfluence-de-la-russie-et-de-la-chine-diminue-au-moyen-orient","status":"publish","type":"post","link":"https:\/\/www.europesays.com\/fr\/221853\/","title":{"rendered":"L&rsquo;influence de la Russie et de la Chine diminue au Moyen-Orient"},"content":{"rendered":"<p>            <a href=\"https:\/\/i0.wp.com\/www.jforum.fr\/wp-content\/uploads\/2025\/07\/000_44WN8DE.jpg?fit=980%2C551&amp;ssl=1\" data-caption=\"\" target=\"_blank\" rel=\"noopener\"><img loading=\"lazy\" decoding=\"async\" width=\"696\" height=\"391\" class=\"entry-thumb td-modal-image\" src=\"https:\/\/www.europesays.com\/fr\/wp-content\/uploads\/2025\/07\/000_44WN8DE.jpg\"   alt=\"\" title=\"000_44WN8DE\"\/><\/a><br \/>\n            L\u2019influence de la Russie et de la Chine diminue au Moyen-Orient<\/p>\n<p style=\"text-align: justify;\">La r\u00e9cente guerre de douze jours entre l\u2019Iran et Isra\u00ebl semble avoir marqu\u00e9 un tournant dans la posture g\u00e9opolitique de deux grandes puissances mondiales au Moyen-Orient : la Russie et la Chine. Malgr\u00e9 leurs ambitions d\u00e9clar\u00e9es d\u2019\u00e9largir leur influence dans cette r\u00e9gion strat\u00e9gique, Moscou et P\u00e9kin ont adopt\u00e9 une attitude remarquablement discr\u00e8te apr\u00e8s ce conflit d\u2019envergure.<\/p>\n<p style=\"text-align: justify;\">Alors que Vladimir Poutine et Xi Jinping ont par le pass\u00e9 cultiv\u00e9 des liens \u00e9troits avec T\u00e9h\u00e9ran, allant jusqu\u2019\u00e0 organiser des man\u0153uvres militaires conjointes et signer des partenariats \u00e0 long terme, ni l\u2019un ni l\u2019autre n\u2019a pris de position forte \u00e0 l\u2019issue des affrontements entre l\u2019Iran et Isra\u00ebl. Ce silence contraste avec l\u2019activisme habituel des deux pays dans les affaires du Moyen-Orient, en particulier lorsque leurs alli\u00e9s sont directement impliqu\u00e9s.<\/p>\n<p style=\"text-align: justify;\">La Russie, traditionnellement tr\u00e8s pr\u00e9sente dans la r\u00e9gion \u00e0 travers son r\u00f4le en Syrie et son partenariat strat\u00e9gique avec l\u2019Iran, semble d\u00e9sormais recentrer son attention sur l\u2019Europe de l\u2019Est. Le Kremlin a communiqu\u00e9 principalement sur les tensions avec l\u2019Ukraine et les frappes que ce pays aurait men\u00e9es contre des zones civiles russes. Cette focalisation sur le th\u00e9\u00e2tre ukrainien semble marginaliser les priorit\u00e9s russes ailleurs, y compris au Moyen-Orient.<\/p>\n<p style=\"text-align: justify;\">Un indice r\u00e9v\u00e9lateur de ce retrait : le seul article publi\u00e9 par l\u2019agence de presse russe TASS au sujet du Moyen-Orient d\u00e9but juillet concernait une op\u00e9ration isra\u00e9lienne men\u00e9e en Syrie contre un groupe soup\u00e7onn\u00e9 de liens avec l\u2019Iran. L\u2019information, rapport\u00e9e de fa\u00e7on neutre, s\u2019appuyait sur un communiqu\u00e9 de l\u2019arm\u00e9e isra\u00e9lienne. Aucune analyse ou r\u00e9action politique du Kremlin n\u2019a accompagn\u00e9 la publication.<\/p>\n<p style=\"text-align: justify;\">Dans le m\u00eame temps, Vladimir Poutine s\u2019est entretenu avec le pr\u00e9sident fran\u00e7ais Emmanuel Macron. Selon Dmitri Peskov, porte-parole du Kremlin, cette initiative provenait de la partie fran\u00e7aise. Aucun d\u00e9tail concret sur la discussion n\u2019a filtr\u00e9, en particulier sur une \u00e9ventuelle coordination concernant le Moyen-Orient. Ce silence diplomatique souligne le d\u00e9sengagement relatif de Moscou dans une r\u00e9gion o\u00f9 elle se voulait autrefois incontournable.<\/p>\n<p style=\"text-align: justify;\">La Chine, de son c\u00f4t\u00e9, adopte une posture comparable. P\u00e9kin, pourtant signataire d\u2019un vaste accord strat\u00e9gique de 25 ans avec T\u00e9h\u00e9ran et partenaire \u00e9conomique majeur de plusieurs pays du Golfe, n\u2019a \u00e9mis aucune d\u00e9claration forte sur le conflit Iran-Isra\u00ebl. Cette absence de r\u00e9action peut \u00eatre interpr\u00e9t\u00e9e comme une volont\u00e9 de rester \u00e0 l\u2019\u00e9cart d\u2019un affrontement \u00e0 haute intensit\u00e9 entre deux \u00c9tats tr\u00e8s surveill\u00e9s par la communaut\u00e9 internationale.<\/p>\n<p style=\"text-align: justify;\">Cependant, la Chine ne d\u00e9laisse pas totalement la r\u00e9gion. Elle mise d\u00e9sormais sur une diplomatie \u00e9conomique cibl\u00e9e, notamment \u00e0 travers les BRICS, un groupement de pays \u00e9mergents dans lequel l\u2019Iran a r\u00e9cemment \u00e9t\u00e9 int\u00e9gr\u00e9. \u00c0 ce titre, le Premier ministre chinois Li Qiang doit se rendre officiellement en \u00c9gypte les 9 et 10 juillet, apr\u00e8s avoir assist\u00e9 au sommet des BRICS \u00e0 Rio de Janeiro.<\/p>\n<p style=\"text-align: justify;\">La presse chinoise, via l\u2019agence Xinhua, pr\u00e9sente cette visite comme une \u00e9tape pour renforcer l\u2019axe P\u00e9kin-Le Caire. Le minist\u00e8re chinois des Affaires \u00e9trang\u00e8res insiste sur la volont\u00e9 de \u00ab promouvoir l\u2019amiti\u00e9 traditionnelle \u00bb entre les deux pays et d\u2019approfondir la coop\u00e9ration dans divers domaines, sans faire r\u00e9f\u00e9rence aux r\u00e9cents \u00e9v\u00e9nements en Iran ou en Isra\u00ebl.<\/p>\n<p style=\"text-align: justify;\">P\u00e9kin souhaite visiblement capitaliser sur des relations bilat\u00e9rales stables, sans s\u2019impliquer dans des crises r\u00e9gionales explosives. Cette strat\u00e9gie d\u2019influence douce, centr\u00e9e sur le d\u00e9veloppement, le commerce et les partenariats strat\u00e9giques \u00e0 long terme, semble d\u00e9sormais privil\u00e9gi\u00e9e face aux risques politiques et militaires inh\u00e9rents \u00e0 la r\u00e9gion.<\/p>\n<p style=\"text-align: justify;\">Il appara\u00eet donc que ni la Russie ni la Chine n\u2019ont choisi de s\u2019engager activement apr\u00e8s la guerre \u00e9clair entre l\u2019Iran et Isra\u00ebl. Ce repli tactique pourrait signaler un repositionnement plus large de leur diplomatie au Moyen-Orient, ax\u00e9e moins sur l\u2019interventionnisme et davantage sur la consolidation d\u2019alliances \u00e9conomiques, en \u00e9vitant les conflits directs.<\/p>\n<p style=\"text-align: justify;\">L\u2019\u00e9preuve du feu que repr\u00e9sente un conflit r\u00e9gional majeur a peut-\u00eatre r\u00e9v\u00e9l\u00e9 les limites des ambitions de Moscou et de P\u00e9kin dans cette partie du monde. Si leur pr\u00e9sence reste incontest\u00e9e sur le plan \u00e9conomique ou symbolique, leur absence sur le terrain diplomatique apr\u00e8s un tel \u00e9pisode est frappante et pourrait peser sur leur cr\u00e9dibilit\u00e9 aupr\u00e8s de leurs partenaires traditionnels, \u00e0 commencer par l\u2019Iran.<\/p>\n<p>Jforum.fr<\/p>\n<p>&#13;<\/p>\n<tr>&#13;<\/p>\n<td><a target=\"_blank\" href=\"https:\/\/www.jforum.fr\/inscription-a-la-newsletter-jforum\" rel=\"noopener\"><img data-recalc-dims=\"1\" decoding=\"async\" src=\"https:\/\/www.europesays.com\/fr\/wp-content\/uploads\/2025\/07\/IMAGE_NEWSLETTER.jpg\"\/><\/a><\/td>\n<p>&#13;<\/p>\n<td><a target=\"_blank\" href=\"https:\/\/www.jmedia-web.com\/don\/faire-un-don.php\" rel=\"noopener\"><img data-recalc-dims=\"1\" decoding=\"async\" src=\"https:\/\/www.europesays.com\/fr\/wp-content\/uploads\/2025\/07\/IMAGE_DON.jpg\"\/><\/a><\/td>\n<p>&#13;<br \/>\n\t<\/tr>\n<p>&#13;<\/p>\n<p>J\u2019aime \u00e7a\u00a0:<\/p>\n<p>J\u2019aime chargement\u2026<\/p>\n<p><a class=\"sd-link-color\"\/><\/p>\n<p>\n\tSimilaire\n<\/p>\n<p style=\"color:red;font-style:italic\">La r\u00e9daction de JForum, retirera d&rsquo;office tout commentaire antis\u00e9mite, raciste, diffamatoire ou injurieux, ou qui contrevient \u00e0 la morale juive.<\/p>\n","protected":false},"excerpt":{"rendered":"L\u2019influence de la Russie et de la Chine diminue au Moyen-Orient La r\u00e9cente guerre de douze jours entre&hellip;\n","protected":false},"author":2,"featured_media":221854,"comment_status":"","ping_status":"","sticky":false,"template":"","format":"standard","meta":{"footnotes":""},"categories":[1591],"tags":[11,309,1887,27159,3019,3257,12,1885,1886,132],"class_list":{"0":"post-221853","1":"post","2":"type-post","3":"status-publish","4":"format-standard","5":"has-post-thumbnail","7":"category-russie","8":"tag-actualites","9":"tag-chine","10":"tag-federation-de-russie","11":"tag-influence","12":"tag-iran","13":"tag-moyen-orient","14":"tag-news","15":"tag-russia","16":"tag-russian-federation","17":"tag-russie"},"share_on_mastodon":{"url":"https:\/\/pubeurope.com\/@fr\/114786337313882936","error":""},"_links":{"self":[{"href":"https:\/\/www.europesays.com\/fr\/wp-json\/wp\/v2\/posts\/221853","targetHints":{"allow":["GET"]}}],"collection":[{"href":"https:\/\/www.europesays.com\/fr\/wp-json\/wp\/v2\/posts"}],"about":[{"href":"https:\/\/www.europesays.com\/fr\/wp-json\/wp\/v2\/types\/post"}],"author":[{"embeddable":true,"href":"https:\/\/www.europesays.com\/fr\/wp-json\/wp\/v2\/users\/2"}],"replies":[{"embeddable":true,"href":"https:\/\/www.europesays.com\/fr\/wp-json\/wp\/v2\/comments?post=221853"}],"version-history":[{"count":0,"href":"https:\/\/www.europesays.com\/fr\/wp-json\/wp\/v2\/posts\/221853\/revisions"}],"wp:featuredmedia":[{"embeddable":true,"href":"https:\/\/www.europesays.com\/fr\/wp-json\/wp\/v2\/media\/221854"}],"wp:attachment":[{"href":"https:\/\/www.europesays.com\/fr\/wp-json\/wp\/v2\/media?parent=221853"}],"wp:term":[{"taxonomy":"category","embeddable":true,"href":"https:\/\/www.europesays.com\/fr\/wp-json\/wp\/v2\/categories?post=221853"},{"taxonomy":"post_tag","embeddable":true,"href":"https:\/\/www.europesays.com\/fr\/wp-json\/wp\/v2\/tags?post=221853"}],"curies":[{"name":"wp","href":"https:\/\/api.w.org\/{rel}","templated":true}]}}