{"id":221859,"date":"2025-07-02T23:56:10","date_gmt":"2025-07-02T23:56:10","guid":{"rendered":"https:\/\/www.europesays.com\/fr\/221859\/"},"modified":"2025-07-02T23:56:10","modified_gmt":"2025-07-02T23:56:10","slug":"au-royaume-uni-la-reforme-des-minima-sociaux-de-keir-starmer-videe-de-sa-substance-liberation","status":"publish","type":"post","link":"https:\/\/www.europesays.com\/fr\/221859\/","title":{"rendered":"Au Royaume-Uni, la r\u00e9forme des minima sociaux de Keir Starmer vid\u00e9e de sa substance \u2013 Lib\u00e9ration"},"content":{"rendered":"<p class=\"sc-ksZaOG ehjQrN text-element\">Le gouvernement travailliste de Keir Starmer a sauv\u00e9 les apparences mardi 1er juillet au soir. Mais de peu. La Chambre des communes a vot\u00e9 en deuxi\u00e8me lecture son projet de r\u00e9forme des minima sociaux qui visait \u00e0 \u00e9conomiser jusqu\u2019\u00e0 5 milliards de livres (5,7 milliards d\u2019euros) par an d\u2019ici 2030. Parmi les coupes, la limitation de l\u2019acc\u00e8s au \u00abPIP\u00bb, le Paiement d\u2019ind\u00e9pendance personnelle, une prestation d\u2019invalidit\u00e9 dont l\u2019acc\u00e8s aurait \u00e9t\u00e9 restreint pour les personnes souffrant des troubles les moins graves. Un projet difficile \u00e0 d\u00e9fendre, pour les d\u00e9put\u00e9s d\u2019un gouvernement de centre-gauche, qui a d\u00e9j\u00e0 pris deux autres d\u00e9cisions impopulaires en mati\u00e8re d\u2019aides sociales : celle de limiter un compl\u00e9ment \u00e9nerg\u00e9tique destin\u00e9 aux retrait\u00e9s (depuis r\u00e9tabli pour la plupart d\u2019entre eux) et celle de conserver le plafond des allocations familiales, actuellement fix\u00e9 au deuxi\u00e8me enfant.<\/p>\n<p class=\"sc-ksZaOG ehjQrN text-element\">La r\u00e9bellion couvait donc d\u00e9j\u00e0 depuis quelques jours. Plus de 120 d\u00e9put\u00e9s travaillistes, soit pr\u00e8s d\u2019un tiers de la majorit\u00e9 dont dispose le parti, avaient annonc\u00e9 leur intention de signer un amendement qui aurait permis d\u2019annuler le projet de loi sans avoir \u00e0 voter directement contre le gouvernement. En fin de semaine derni\u00e8re, premi\u00e8re concession : il est d\u00e9cid\u00e9 que le taux r\u00e9duit de prestation ne s\u2019appliquera qu\u2019aux nouveaux demandeurs. En parall\u00e8le, <a href=\"https:\/\/www.liberation.fr\/international\/europe\/keir-starmer-diplomate-britannique-tete-de-pont-au-dessus-de-latlantique-20250301_TVOO5H4MFVDRJML5Z&lt;\/p&gt;&lt;\/div&gt;&lt;\/article&gt;&lt;\/div&gt;&lt;div data-fusion-lazy-id=\" f0f8vgvlad832fw=\"\" target=\"_blank\" rel=\"noopener\"><\/p>\n","protected":false},"excerpt":{"rendered":"Le gouvernement travailliste de Keir Starmer a sauv\u00e9 les apparences mardi 1er juillet au soir. Mais de peu.&hellip;\n","protected":false},"author":2,"featured_media":221860,"comment_status":"","ping_status":"","sticky":false,"template":"","format":"standard","meta":{"footnotes":""},"categories":[1588],"tags":[11,1777,674,36089,2581,12,473,1853,1851,1850,1852],"class_list":{"0":"post-221859","1":"post","2":"type-post","3":"status-publish","4":"format-standard","5":"has-post-thumbnail","7":"category-royaume-uni","8":"tag-actualites","9":"tag-eu","10":"tag-europe","11":"tag-handicap-bilan-2010","12":"tag-keir-starmer","13":"tag-news","14":"tag-royaume-uni","15":"tag-royaume-uni-de-grande-bretagne-et-dirlande-du-nord","16":"tag-uk","17":"tag-united-kingdom","18":"tag-united-kingdom-of-great-britain-and-northern-ireland"},"share_on_mastodon":{"url":"https:\/\/pubeurope.com\/@fr\/114786348773493075","error":""},"_links":{"self":[{"href":"https:\/\/www.europesays.com\/fr\/wp-json\/wp\/v2\/posts\/221859","targetHints":{"allow":["GET"]}}],"collection":[{"href":"https:\/\/www.europesays.com\/fr\/wp-json\/wp\/v2\/posts"}],"about":[{"href":"https:\/\/www.europesays.com\/fr\/wp-json\/wp\/v2\/types\/post"}],"author":[{"embeddable":true,"href":"https:\/\/www.europesays.com\/fr\/wp-json\/wp\/v2\/users\/2"}],"replies":[{"embeddable":true,"href":"https:\/\/www.europesays.com\/fr\/wp-json\/wp\/v2\/comments?post=221859"}],"version-history":[{"count":0,"href":"https:\/\/www.europesays.com\/fr\/wp-json\/wp\/v2\/posts\/221859\/revisions"}],"wp:featuredmedia":[{"embeddable":true,"href":"https:\/\/www.europesays.com\/fr\/wp-json\/wp\/v2\/media\/221860"}],"wp:attachment":[{"href":"https:\/\/www.europesays.com\/fr\/wp-json\/wp\/v2\/media?parent=221859"}],"wp:term":[{"taxonomy":"category","embeddable":true,"href":"https:\/\/www.europesays.com\/fr\/wp-json\/wp\/v2\/categories?post=221859"},{"taxonomy":"post_tag","embeddable":true,"href":"https:\/\/www.europesays.com\/fr\/wp-json\/wp\/v2\/tags?post=221859"}],"curies":[{"name":"wp","href":"https:\/\/api.w.org\/{rel}","templated":true}]}}