{"id":221861,"date":"2025-07-02T23:57:09","date_gmt":"2025-07-02T23:57:09","guid":{"rendered":"https:\/\/www.europesays.com\/fr\/221861\/"},"modified":"2025-07-02T23:57:09","modified_gmt":"2025-07-02T23:57:09","slug":"lallemagne-transpire-et-se-desseche-sous-la-canicule-qui-a-essore-leurope","status":"publish","type":"post","link":"https:\/\/www.europesays.com\/fr\/221861\/","title":{"rendered":"L&rsquo;Allemagne transpire et se dess\u00e8che sous la canicule qui a essor\u00e9 l&rsquo;Europe"},"content":{"rendered":"<p>Apr\u00e8s la France et le pourtour m\u00e9diterran\u00e9en, le nord de l&rsquo;Europe, peu habitu\u00e9 aux canicules, transpire sous la fournaise avec un pic de chaleur mercredi en Allemagne, o\u00f9 les autorit\u00e9s multiplient les messages de pr\u00e9vention.<\/p>\n<p>Dans le pays europ\u00e9en le plus peupl\u00e9, la temp\u00e9rature doit atteindre des maximales comprises entre 34 et 38\u00b0C, et jusqu&rsquo;\u00e0 40\u00b0C localement, selon le service m\u00e9t\u00e9orologique allemand.<\/p>\n<p>Marga, une m\u00e8re de famille de Francfort (ouest), a ferm\u00e9 toutes les fen\u00eatres de son logement, o\u00f9 l&rsquo;apr\u00e8s-midi est consacr\u00e9 \u00e0 un \u00ab\u00a0programme d\u00e9tente avec les enfants\u00a0\u00bb.<\/p>\n<p>A Berlin, o\u00f9 un pic \u00e0 37\u00b0C \u00e9tait attendu, la majorit\u00e9 des piscines en plein air affichaient complet en milieu d&rsquo;apr\u00e8s-midi.<\/p>\n<p>Comme pour la Belgique et les Pays-Bas, la canicule est arriv\u00e9e mardi, mais avec des temp\u00e9ratures moindres que dans le sud du continent, qui affronte des conditions extr\u00eames depuis plusieurs jours et o\u00f9 les autorit\u00e9s ont recens\u00e9 plusieurs d\u00e9c\u00e8s.<\/p>\n<p>  Animaux assoiff\u00e9s<\/p>\n<tr>\n<td>\n          <img decoding=\"async\" onerror=\"this.style.display='none' src=\" https:=\"\" title=\"Un \u00e9l\u00e9phant se rafra\u00eechit au zoo de Pairi Daiza en Belgique en pleine canicule, le 2 juillet 2025 - AFP\" alt=\"AFP\"\/>\n        <\/td>\n<td>\n<p class=\"copyright\">\u00a9 AFP<\/p>\n<p class=\"caption\">Un \u00e9l\u00e9phant se rafra\u00eechit au zoo de Pairi Daiza en Belgique en pleine canicule, le 2 juillet 2025<\/p>\n<\/td>\n<\/tr>\n<p>A Dresde, dans l&rsquo;est de l&rsquo;Allemagne, les rives de l&rsquo;Elbe se dess\u00e8chent et le fleuve s&rsquo;\u00e9vapore: la hauteur de l&rsquo;eau est descendue \u00e0 64 cm, contre 2 m\u00e8tres en moyenne annuelle.<\/p>\n<p>Propri\u00e9taire d&rsquo;un th\u00e9\u00e2tre flottant, Holger B\u00f6hme observe son fleuve \u00ab\u00a0r\u00e9tr\u00e9cir de plus en plus\u00a0\u00bb, un ph\u00e9nom\u00e8ne \u00ab\u00a0\u00e9trange\u00a0\u00bb, dit-il \u00e0 l&rsquo;AFP.<\/p>\n<p>\u00ab\u00a0Normalement, on ne s&rsquo;attend \u00e0 de tels niveaux d&rsquo;eau qu&rsquo;en ao\u00fbt et en septembre\u00a0\u00bb, pr\u00e9cise Matthias Roeser, de l&rsquo;association allemande de la navigation fluviale.<\/p>\n<p>A l&rsquo;autre bout du pays, dans un parc de Francfort, des habitants avaient d\u00e9pos\u00e9 d\u00e8s mardi au pied des arbres des coupelles d&rsquo;eau aussit\u00f4t mises \u00e0 profit par lapins et \u00e9cureuils, d&rsquo;ordinaire plus craintifs. La forte chaleur complique \u00ab\u00a0la survie de nombreux animaux sauvages\u00a0\u00bb, rappelle la principale association environnementale d&rsquo;Allemagne, BUND.<\/p>\n<p>Dans un geste symbolique et pragmatique, les activistes climatiques du collectif Fridays for Future ont manifest\u00e9 pour la premi\u00e8re fois \u00e0 la nuit tomb\u00e9e, \u00e0 partir de 22H00, afin d&rsquo;\u00e9chapper \u00e0 la fournaise.<\/p>\n<p>Cette journ\u00e9e de temp\u00e9ratures record pour d\u00e9but juillet pourrait s&rsquo;achever par des orages particuli\u00e8rement violents accompagn\u00e9s de gr\u00eale et de rafales de vent dans le nord-ouest du pays.<\/p>\n<p>En Belgique, l&rsquo;Atomium, monument embl\u00e9matique de Bruxelles en inox, est \u00e0 nouveau rest\u00e9 ferm\u00e9 mercredi apr\u00e8s-midi \u00e0 cause de la chaleur.<\/p>\n<p>Dans les \u00e9coles de Wallonie qui ne sont pas encore en vacances, contrairement \u00e0 celles de Flandre, les enseignants s&rsquo;efforcent de maintenir les enfants au frais en utilisant des ventilateurs et des climatiseurs lorsqu&rsquo;ils sont disponibles, organiser des jeux d&rsquo;eau et des pauses \u00e0 l&rsquo;ombre.<\/p>\n<p>Les Pays-Bas ont quant \u00e0 eux connu leur premi\u00e8re \u00ab\u00a0nuit tropicale\u00a0\u00bb de l&rsquo;ann\u00e9e, avec des temp\u00e9ratures bloqu\u00e9es au dessus de 20\u00b0C.<\/p>\n<p>  In\u00e9galit\u00e9s<\/p>\n<tr>\n<td>\n          <img decoding=\"async\" onerror=\"this.style.display='none' src=\" https:=\"\" title=\"Des personnes se rafra\u00eechissent dans l'eau d'une fontaine, le 2 juillet 2025 \u00e0 Berlin - AFP\" alt=\"AFP\"\/>\n        <\/td>\n<td>\n<p class=\"copyright\">\u00a9 AFP<\/p>\n<p class=\"caption\">Des personnes se rafra\u00eechissent dans l&rsquo;eau d&rsquo;une fontaine, le 2 juillet 2025 \u00e0 Berlin<\/p>\n<\/td>\n<\/tr>\n<p>Les habitants du sud de l&rsquo;Europe ont connu un mois de juin aux temp\u00e9ratures record qui ont de nouveau mis en lumi\u00e8re les in\u00e9galit\u00e9s face \u00e0 la chaleur.<\/p>\n<p>\u00ab\u00a0Je ne mets pas la clim, tout est tr\u00e8s cher en ce moment\u00a0\u00bb, explique \u00e0 l&rsquo;AFP Grace Guerrero, rencontr\u00e9e dans le m\u00e9tro de Madrid. Si \u00ab\u00a0l&rsquo;air est frais la nuit\u00a0\u00bb dans la zone montagneuse o\u00f9 elle vit, \u00e0 50 km de la capitale espagnole, cette aide \u00e0 domicile de 65 ans redoute pour rentrer chez elle \u00ab\u00a0de tomber sur un vieux train de banlieue\u00a0\u00bb sans climatisation.<\/p>\n<p>Un homme de 75 ans est d\u00e9c\u00e9d\u00e9 \u00e0 Cordoue, en Andalousie (sud), portant \u00e0 au moins quatre le nombre de morts li\u00e9s \u00e0 la chaleur en une dizaine de jours en Espagne.<\/p>\n<tr>\n<td>\n          <img decoding=\"async\" onerror=\"this.style.display='none' src=\" https:=\"\" title=\"Une pharmacie affiche une temp\u00e9rature de 38\u00b0 \u00e0 Thionville, dans l'est de la France, le 2 juillet 2025 - AFP\" alt=\"AFP\"\/>\n        <\/td>\n<td>\n<p class=\"copyright\">\u00a9 AFP<\/p>\n<p class=\"caption\">Une pharmacie affiche une temp\u00e9rature de 38\u00b0 \u00e0 Thionville, dans l&rsquo;est de la France, le 2 juillet 2025<\/p>\n<\/td>\n<\/tr>\n<p>Deux autres personnes sont mortes dans la nuit de mardi \u00e0 mercredi en Catalogne (nord-est), o\u00f9 un feu de for\u00eat a ravag\u00e9 plus de 1.800 hectares de terrain.<\/p>\n<p>En France, le \u00ab\u00a0pic le plus intense\u00a0\u00bb est pass\u00e9, selon le gouvernement qui recense deux d\u00e9c\u00e8s \u00e0 la suite de malaises. La \u00ab\u00a0vigilance rouge canicule\u00a0\u00bb a \u00e9t\u00e9 lev\u00e9e pour tout le pays et les temp\u00e9ratures baissaient \u00ab\u00a0de mani\u00e8re sensible par l&rsquo;ouest en soir\u00e9e et en cours de nuit\u00a0\u00bb mercredi, a indiqu\u00e9 M\u00e9t\u00e9o-France. <\/p>\n<p>La France, travers\u00e9e par une longue vague de chaleur pr\u00e9coce, vient de conna\u00eetre son deuxi\u00e8me mois de juin le plus chaud depuis le d\u00e9but des mesures en 1900, marqu\u00e9 par la s\u00e9cheresse et une canicule historique, a annonc\u00e9 mercredi le gouvernement.<\/p>\n<tr>\n<td>\n          <img decoding=\"async\" onerror=\"this.style.display='none' src=\" https:=\"\" title=\"Des vendeurs de chapeaux devant le Palais royal \u00e0 Madrid en pleine canicule, le 2 juillet 2025 - AFP\" alt=\"AFP\"\/>\n        <\/td>\n<td>\n<p class=\"copyright\">\u00a9 AFP<\/p>\n<p class=\"caption\">Des vendeurs de chapeaux devant le Palais royal \u00e0 Madrid en pleine canicule, le 2 juillet 2025<\/p>\n<\/td>\n<\/tr>\n<p>En Italie, selon la Simeu, regroupant m\u00e9decins et infirmiers travaillant aux urgences, la vague de chaleur a entra\u00een\u00e9 une hausse de 10% des arriv\u00e9es aux urgences dans les grandes villes comme Milan, Florence ou Naples, selon leur service de presse contact\u00e9 par l&rsquo;AFP.<\/p>\n<p>Les canicules de 2003 et 2022 avaient provoqu\u00e9 respectivement 70.000 et 61.000 d\u00e9c\u00e8s pr\u00e9matur\u00e9s en Europe, selon des \u00e9tudes d&rsquo;exc\u00e8s de mortalit\u00e9.<\/p>\n<p>Si les vagues de chaleur en \u00e9t\u00e9 ne sont pas nouvelles, apr\u00e8s des d\u00e9cennies de combustion de charbon, de p\u00e9trole et de gaz responsables du r\u00e9chauffement, les canicules surviennent plus t\u00f4t et plus tard dans l&rsquo;ann\u00e9e.<\/p>\n<p>burs-clp-pyv\/smk\/clr\/mba<\/p>\n","protected":false},"excerpt":{"rendered":"Apr\u00e8s la France et le pourtour m\u00e9diterran\u00e9en, le nord de l&rsquo;Europe, peu habitu\u00e9 aux canicules, transpire sous la&hellip;\n","protected":false},"author":2,"featured_media":221862,"comment_status":"","ping_status":"","sticky":false,"template":"","format":"standard","meta":{"footnotes":""},"categories":[1587],"tags":[11,672,1804,1805,1803,1777,674,1801,12,1802],"class_list":{"0":"post-221861","1":"post","2":"type-post","3":"status-publish","4":"format-standard","5":"has-post-thumbnail","7":"category-allemagne","8":"tag-actualites","9":"tag-allemagne","10":"tag-bundesrepublik-deutschland","11":"tag-de","12":"tag-deutschland","13":"tag-eu","14":"tag-europe","15":"tag-germany","16":"tag-news","17":"tag-republique-federale-dallemagne"},"share_on_mastodon":{"url":"https:\/\/pubeurope.com\/@fr\/114786352764797347","error":""},"_links":{"self":[{"href":"https:\/\/www.europesays.com\/fr\/wp-json\/wp\/v2\/posts\/221861","targetHints":{"allow":["GET"]}}],"collection":[{"href":"https:\/\/www.europesays.com\/fr\/wp-json\/wp\/v2\/posts"}],"about":[{"href":"https:\/\/www.europesays.com\/fr\/wp-json\/wp\/v2\/types\/post"}],"author":[{"embeddable":true,"href":"https:\/\/www.europesays.com\/fr\/wp-json\/wp\/v2\/users\/2"}],"replies":[{"embeddable":true,"href":"https:\/\/www.europesays.com\/fr\/wp-json\/wp\/v2\/comments?post=221861"}],"version-history":[{"count":0,"href":"https:\/\/www.europesays.com\/fr\/wp-json\/wp\/v2\/posts\/221861\/revisions"}],"wp:featuredmedia":[{"embeddable":true,"href":"https:\/\/www.europesays.com\/fr\/wp-json\/wp\/v2\/media\/221862"}],"wp:attachment":[{"href":"https:\/\/www.europesays.com\/fr\/wp-json\/wp\/v2\/media?parent=221861"}],"wp:term":[{"taxonomy":"category","embeddable":true,"href":"https:\/\/www.europesays.com\/fr\/wp-json\/wp\/v2\/categories?post=221861"},{"taxonomy":"post_tag","embeddable":true,"href":"https:\/\/www.europesays.com\/fr\/wp-json\/wp\/v2\/tags?post=221861"}],"curies":[{"name":"wp","href":"https:\/\/api.w.org\/{rel}","templated":true}]}}