{"id":221865,"date":"2025-07-02T23:59:17","date_gmt":"2025-07-02T23:59:17","guid":{"rendered":"https:\/\/www.europesays.com\/fr\/221865\/"},"modified":"2025-07-02T23:59:17","modified_gmt":"2025-07-02T23:59:17","slug":"anne-elisabeth-lemoine-annule-la-chronique-de-pierre-lescure-dans-c-a-vous-lanimatrice-se-justifie-video","status":"publish","type":"post","link":"https:\/\/www.europesays.com\/fr\/221865\/","title":{"rendered":"Anne-Elisabeth Lemoine annule la chronique de Pierre Lescure dans C \u00e0 vous, l&rsquo;animatrice se justifie (VIDEO)"},"content":{"rendered":"<p>Ce mercredi 2 juillet, Anne-Elisabeth Lemoine a bouscul\u00e9 le fil conducteur de C \u00e0 vous en l&rsquo;honneur de Pierre Lescure ! <\/p>\n<p>La fin de saison approche pour C \u00e0 vous. Vendredi, Anne-Elisabeth Lemoine, <a href=\"https:\/\/www.programme-tv.net\/biographie\/63431-cohen-patrick\/\" data-link-people=\"490b4331-f4d1-4626-b7ce-0a42fe3b8584\" target=\"_blank\" rel=\"noopener\">Patrick Cohen<\/a> ou encore Pierre Lescure feront leurs adieux aux t\u00e9l\u00e9spectateurs le temps d&rsquo;un \u00e9t\u00e9 seulement. Il faut dire que les audiences du talk-show de France 5 atteignent des scores jamais vus auparavant, notamment pour sa seconde partie qui a \u00e9t\u00e9 rallong\u00e9e. Dans quelques jours, les \u00e9quipes de C \u00e0 vous pourront prendre un peu de repos apr\u00e8s une fin de saison particuli\u00e8rement mouvement\u00e9e. En effet, <a href=\"https:\/\/www.programme-tv.net\/news\/tv\/381462-c-est-faux-rachida-dati-s-en-prend-aux-equipes-de-c-a-vous-et-a-patrick-cohen-anne-elisabeth-lemoine-met-fin-a-l-echange-houleux-video\/\" data-api-deeplink=\"teleloisirs:\/\/news\/381462\" target=\"_blank\" rel=\"noopener\">Rachida Dati a violemment critiqu\u00e9 les m\u00e9thodes journalistiques de Patrick Cohen<\/a>, provoquant un froid en plateau. \u00ab\u00a0Monsieur Cohen, il y a une enqu\u00eate M\u00e9diapart qui vous met en cause pour harc\u00e8lement et management toxique (&#8230;) Est-ce que c&rsquo;est vrai monsieur Cohen ? Est-ce que vous harcelez vos coll\u00e8gues ? (&#8230;) le harc\u00e8lement c&rsquo;est un d\u00e9lit monsieur Cohen\u00a0\u00bb, s&rsquo;\u00e9tait-elle exclam\u00e9e sur le plateau de France 5, provoquant une ambiance \u00e9lectrique.<\/p>\n<p>                        Anne-Elisabeth Lemoine bouscule C \u00e0 vous en l&rsquo;honneur de Pierre Lescure<\/p>\n<p>Ce mercredi 2 juillet, Anne-Elisabeth Lemoine pr\u00e9sentait un nouveau num\u00e9ro de C \u00e0 vous en direct sur France 5. Apr\u00e8s une premi\u00e8re partie largement consacr\u00e9e \u00e0 la canicule qui frappe la France, la seconde partie a \u00e9t\u00e9 consacr\u00e9e au film de <a href=\"https:\/\/www.programme-tv.net\/biographie\/65734-rahim-tahar\/\" data-link-people=\"301c462d-16e1-4dc1-8f6b-28c0cf111a3c\" target=\"_blank\" rel=\"noopener\">Tahar Rahim<\/a> et Julie Ducournau, Alpha. Puis, la pr\u00e9sentatrice a re\u00e7u <a href=\"https:\/\/www.programme-tv.net\/biographie\/3566-michalak-jeremy\/\" data-link-people=\"98a2b1d7-b87d-4bb6-b346-e472097e7679\" target=\"_blank\" rel=\"noopener\">J\u00e9r\u00e9my Michalak<\/a> et<a href=\"https:\/\/www.programme-tv.net\/news\/people\/382501-je-l-attends-rien-que-pour-vous-lucie-carrasco-fait-une-tres-belle-declaration-a-un-chroniqueur-emblematique-de-c-a-vous-video\/\" data-api-deeplink=\"teleloisirs:\/\/news\/382501\" target=\"_blank\" rel=\"noopener\"> Lucie Carrasco pour leur \u00e9mission Le tour de France de Lucie<\/a>. Alors qu&rsquo;ils venaient d&rsquo;arriver, Anne-Elisabeth Lemoine a d\u00e9cid\u00e9 d&rsquo;annuler \u00e0 la derni\u00e8re minute la chronique de Pierre Lescure, consacr\u00e9e au cin\u00e9ma. \u00ab\u00a0Je sais que vous aviez pr\u00e9par\u00e9 une chronique&#8230; Est-ce que vous auriez la gentillesse de le proposer demain ? Ce n&rsquo;est pas du tout un coup mont\u00e9, c&rsquo;est parce qu&rsquo;on n\u2019a pas eu le choix. On a \u00e9t\u00e9 assaillis de messages qui vous aiment et qui ont voulu marquer le coup ce soir\u00a0\u00bb, a d\u00e9marr\u00e9 Anne-Elisabeth Lemoine avant de lancer un magn\u00e9to des amis de Pierre Lescure qui lui ont souhait\u00e9 un bon anniversaire ! <a href=\"https:\/\/www.programme-tv.net\/biographie\/47223-biolay-benjamin\/\" data-link-people=\"d6fad8c2-a2f7-4b4c-879c-1a3e97078b4a\" target=\"_blank\" rel=\"noopener\">Benjamin Biolay<\/a>, <a href=\"https:\/\/www.programme-tv.net\/biographie\/1921880-commandeur-jerome\/\" data-link-people=\"f36f1aac-a4ea-4914-a941-3fd0fb13ef1d\" target=\"_blank\" rel=\"noopener\">J\u00e9r\u00f4me Commandeur<\/a>, Michel Denisot&#8230; Tous ont voulu avoir une attention pour le journaliste qui souffle aujourd&rsquo;hui sa 80\u00e8me bougie.<\/p>\n<p>            Pierre Lescure f\u00eate ses 80 ans !<\/p>\n<p>Apr\u00e8s ces quelques messages, Pierre Lescure a sembl\u00e9 tr\u00e8s \u00e9mu et a d\u00e9voil\u00e9 un message que lui a dit <a href=\"https:\/\/www.programme-tv.net\/biographie\/212-denisot-michel\/\" data-link-people=\"17d109ee-63ac-4e0a-aad2-3dc6ee1d9bc4\" target=\"_blank\" rel=\"noopener\">Michel Denisot<\/a> : \u00ab\u00a0il m&rsquo;a dit que ce qui \u00e9tait difficile c&rsquo;\u00e9tait de finir la d\u00e9cennie mais qu&rsquo;apr\u00e8s c&rsquo;\u00e9tait sympa de commencer la nouvelle&#8230; On verra\u00a0\u00bb. Quelques secondes plus tard, Pierre Lescure a re\u00e7u le message d&rsquo;un de ses amis proches <a href=\"https:\/\/www.programme-tv.net\/biographie\/3377-farrugia-dominique\/\" data-link-people=\"6e28e596-dd23-4328-99f2-6eef1150875f\" target=\"_blank\" rel=\"noopener\">Dominique Farrugia<\/a>. \u00ab\u00a0Le rire de Pierre quand on faisait les Nuls, c&rsquo;\u00e9tait tr\u00e8s r\u00e9confortant\u00a0\u00bb, a-t-il notamment d\u00e9clar\u00e9.<\/p>\n","protected":false},"excerpt":{"rendered":"Ce mercredi 2 juillet, Anne-Elisabeth Lemoine a bouscul\u00e9 le fil conducteur de C \u00e0 vous en l&rsquo;honneur de&hellip;\n","protected":false},"author":2,"featured_media":221866,"comment_status":"","ping_status":"","sticky":false,"template":"","format":"standard","meta":{"footnotes":""},"categories":[1586],"tags":[11,5631,4470,244,1777,674,1779,1011,27,4467,12,20558,25,1778,364],"class_list":{"0":"post-221865","1":"post","2":"type-post","3":"status-publish","4":"format-standard","5":"has-post-thumbnail","7":"category-europe","8":"tag-actualites","9":"tag-anne-elisabeth-lemoine","10":"tag-c-u00e0-vous","11":"tag-commentaire","12":"tag-eu","13":"tag-europe","14":"tag-european-union","15":"tag-fr","16":"tag-france","17":"tag-france-5","18":"tag-news","19":"tag-pierre-lescure","20":"tag-republique-francaise","21":"tag-ue","22":"tag-union-europeenne"},"share_on_mastodon":{"url":"https:\/\/pubeurope.com\/@fr\/114786360628071470","error":""},"_links":{"self":[{"href":"https:\/\/www.europesays.com\/fr\/wp-json\/wp\/v2\/posts\/221865","targetHints":{"allow":["GET"]}}],"collection":[{"href":"https:\/\/www.europesays.com\/fr\/wp-json\/wp\/v2\/posts"}],"about":[{"href":"https:\/\/www.europesays.com\/fr\/wp-json\/wp\/v2\/types\/post"}],"author":[{"embeddable":true,"href":"https:\/\/www.europesays.com\/fr\/wp-json\/wp\/v2\/users\/2"}],"replies":[{"embeddable":true,"href":"https:\/\/www.europesays.com\/fr\/wp-json\/wp\/v2\/comments?post=221865"}],"version-history":[{"count":0,"href":"https:\/\/www.europesays.com\/fr\/wp-json\/wp\/v2\/posts\/221865\/revisions"}],"wp:featuredmedia":[{"embeddable":true,"href":"https:\/\/www.europesays.com\/fr\/wp-json\/wp\/v2\/media\/221866"}],"wp:attachment":[{"href":"https:\/\/www.europesays.com\/fr\/wp-json\/wp\/v2\/media?parent=221865"}],"wp:term":[{"taxonomy":"category","embeddable":true,"href":"https:\/\/www.europesays.com\/fr\/wp-json\/wp\/v2\/categories?post=221865"},{"taxonomy":"post_tag","embeddable":true,"href":"https:\/\/www.europesays.com\/fr\/wp-json\/wp\/v2\/tags?post=221865"}],"curies":[{"name":"wp","href":"https:\/\/api.w.org\/{rel}","templated":true}]}}