{"id":221873,"date":"2025-07-03T00:05:19","date_gmt":"2025-07-03T00:05:19","guid":{"rendered":"https:\/\/www.europesays.com\/fr\/221873\/"},"modified":"2025-07-03T00:05:19","modified_gmt":"2025-07-03T00:05:19","slug":"uzair-cassiem-jj-van-der-mescht-ubb-les-infos-du-mercredi-2-juillet","status":"publish","type":"post","link":"https:\/\/www.europesays.com\/fr\/221873\/","title":{"rendered":"Uzair Cassiem, JJ van der Mescht, UBB, les infos du mercredi 2 juillet"},"content":{"rendered":"<p style=\"text-align: justify;\" align=\"justify\"><strong>TRANSFERTS RUGBY \u2013 Retournement de situation pour l\u2019avenir d\u2019Uzair Cassiem (ex-Bayonne), JJ van der Mescht (Stade Fran\u00e7ais) file en Angleterre, l\u2019UBB officialise 12 d\u00e9parts : les infos de ce mercredi 2 juillet.<\/strong><\/p>\n<p>Nice : Uzair Cassiem officialis\u00e9, mais\u2026<\/p>\n<p style=\"text-align: justify;\">Apr\u00e8s plusieurs semaines de rebondissements, l\u2019avenir d\u2019<strong>Uzair Cassiem<\/strong> semble enfin s\u2019\u00e9claircir. Alors qu\u2019il ne devait finalement \u00e9voluer ni \u00e0 <strong>Biarritz<\/strong> ni \u00e0 <strong>Nice<\/strong>, le troisi\u00e8me ligne sud-africain de 35 ans a \u00e9t\u00e9 officiellement annonc\u00e9, ce mercredi, comme nouvelle recrue du <strong>Stade Ni\u00e7ois<\/strong>, nouvellement appel\u00e9 <strong>Nissa Rugby<\/strong>.<\/p>\n<p style=\"text-align: justify;\">L\u2019ancien joueur de l\u2019<strong>Aviron Bayonnais<\/strong>, dont le d\u00e9part \u00e9tait act\u00e9 depuis plusieurs mois, \u00e9tait tr\u00e8s convoit\u00e9 en France. Un temps promis au <strong>Stade Ni\u00e7ois<\/strong>, rel\u00e9gu\u00e9 en Nationale, <strong>Cassiem<\/strong> avait sign\u00e9 un contrat dans des conditions floues, apr\u00e8s avoir rompu avec son agent pour n\u00e9gocier directement avec le pr\u00e9sident ni\u00e7ois <strong>Jean-Baptiste Aldig\u00e9<\/strong>. Le joueur avait par la suite d\u00e9nonc\u00e9 cet accord, le qualifiant d\u2019ill\u00e9gal.<\/p>\n<p style=\"text-align: justify;\">Face \u00e0 l\u2019impasse, <strong>Cassiem<\/strong> a explor\u00e9 d\u2019autres pistes, notamment celle d\u2019un rebond au <strong>Biarritz Olympique<\/strong>. Mais les difficult\u00e9s financi\u00e8res du BO ont mis un terme aux discussions, le club ne pouvant s\u2019acquitter des 200\u202f000\u202f\u20ac exig\u00e9s pour rompre le contrat initial avec <strong>Nice.<\/strong><\/p>\n<p style=\"text-align: justify;\">Selon les informations de <a href=\"https:\/\/www.sudouest.fr\/sport\/rugby\/aviron-bayonnais\/rugby-transfert-uzair-cassiem-bayonne-vers-oyonnax-plutot-que-biarritz-et-nice-25081860.php\" rel=\"nofollow noopener\" target=\"_blank\">Sud Ouest<\/a>, c\u2019est finalement <strong>Oyonnax<\/strong> qui semblait en passe de r\u00e9gler l\u2019imbroglio, pr\u00eat \u00e0 assumer l\u2019indemnit\u00e9 pour int\u00e9grer le troisi\u00e8me ligne dans un effectif rajeuni. Mais coup de th\u00e9\u00e2tre : le <strong>Nice<\/strong> a officialis\u00e9 ce mercredi l\u2019arriv\u00e9e de <strong>Cassiem<\/strong>, relan\u00e7ant une affaire aux multiples rebondissements. Est-ce la fin du feuilleton\u202f? Rien n\u2019est moins s\u00fbr.<\/p>\n<p style=\"text-align: justify;\"><strong>L\u2019avis de Dicodusport<\/strong> <strong>:\u00a0<\/strong>D\u00e9cid\u00e9ment, Uzair Cassiem aura fait de parler de lui sur le march\u00e9 des transferts. Nice, puis Biarritz, puis Oyonnax et de nouveau Nice, semble-t-il pour de bon. \u00c0 moins d\u2019un \u00e9ni\u00e8me rebondissement ? Wait and see.<\/p>\n<p>Stade Fran\u00e7ais : JJ van der Mescht s\u2019engage \u00e0 Northampton<\/p>\n<p style=\"text-align: justify;\">C\u2019est une page qui se tourne au <strong>Stade Fran\u00e7ais<\/strong>. Le club parisien a officialis\u00e9 ce mercredi le d\u00e9part de son deuxi\u00e8me ligne sud-africain <strong>JJ van der Mescht<\/strong>. Arriv\u00e9 en 2021 dans la capitale, le joueur de 26 ans s\u2019est engag\u00e9 avec <strong>Northampton<\/strong>, r\u00e9cent finaliste de la Champions Cup.<\/p>\n<p>\n<a href=\"https:\/\/dicodusport.fr\/blog\/offres\/abonnements-sans-pub\/\" rel=\"nofollow noopener\" target=\"_blank\"><img loading=\"lazy\" decoding=\"async\" class=\"alignnone size-full wp-image-501284 perfmatters-lazy\" alt=\"\" width=\"1200\" height=\"200\" src=\"https:\/\/www.europesays.com\/fr\/wp-content\/uploads\/2025\/04\/Abonnements-sans-pubs-Dicodusport.png\"\/><\/a><br \/><a href=\"https:\/\/dicodusport.fr\/blog\/offres\/abonnements-sans-pub\/\" rel=\"nofollow noopener\" target=\"_blank\"><img loading=\"lazy\" decoding=\"async\" class=\"alignnone size-full wp-image-501296 perfmatters-lazy\" alt=\"\" width=\"400\" height=\"400\" src=\"https:\/\/www.europesays.com\/fr\/wp-content\/uploads\/2025\/04\/Abonnements-sans-pubs-Dicodusport-mobile.png\"\/><\/a><\/p>\n<p style=\"text-align: justify;\">En quatre saisons sous les couleurs rose et bleu, <strong>van der Mescht<\/strong> aura disput\u00e9 87 matchs, s\u2019imposant comme une pi\u00e8ce ma\u00eetresse du pack parisien. Titulaire \u00e0 14 reprises cette saison, dont une fois en Coupe d\u2019Europe, il a inscrit quatre essais, dont un sur la sc\u00e8ne continentale.<\/p>\n<p style=\"text-align: justify;\">Son d\u00e9part marque un tournant pour le <strong>Stade Fran\u00e7ais<\/strong>, qui perd l\u2019un de ses cadres, tandis que <strong>Northampton<\/strong> poursuit son ambition de renouveau. Finalistes de la Champions Cup, les Saints veulent rebondir en Premiership, apr\u00e8s une saison en demi-teinte conclue \u00e0 la 8\u00e8me place avec dix d\u00e9faites au compteur. L\u2019arriv\u00e9e du puissant deuxi\u00e8me ligne sud-africain s\u2019inscrit dans cette volont\u00e9 de renforcement et de reconstruction.<\/p>\n<p style=\"text-align: justify;\"><strong>L\u2019avis de Dicodusport<\/strong> <strong>: <\/strong>JJ van der Mescht s\u2019en va, et c\u2019est une grosse perte pour le Stade Fran\u00e7ais, qui perd l\u00e0 un \u00e9l\u00e9ment essentiel de son pack. Il sera forc\u00e9ment tr\u00e8s dur de remplacer le guerrier sud-africain, tout du moins \u00e0 court terme.<\/p>\n<p>UBB : 12 d\u00e9parts act\u00e9s, 8 recrues officialis\u00e9es<\/p>\n<p style=\"text-align: justify;\">L\u2019<strong>Union Bordeaux-B\u00e8gles<\/strong> a officialis\u00e9 le d\u00e9part de douze joueurs en cette fin de saison, marquant un tournant significatif pour l\u2019effectif girondin. Parmi les figures embl\u00e9matiques, <strong>Nans Ducuing<\/strong>, <strong>Yann Lesgourgues<\/strong> et <a href=\"https:\/\/dicodusport.fr\/blog\/transferts-mahamadou-diaby-veut-quitter-lubb-pour-rejoindre-un-autre-club-de-top-14\/\" rel=\"nofollow noopener\" target=\"_blank\"><strong>Mahamadou Diaby<\/strong><\/a>, piliers de l\u2019\u00e9quipe depuis plusieurs ann\u00e9es, font leurs adieux \u00e0 Chaban-Delmas. Le deuxi\u00e8me ligne argentin <strong>Guido Petti<\/strong>, tout comme les internationaux <strong>Pete Samu<\/strong> et <strong>Tevita Tatafu<\/strong>, quittent \u00e9galement la formation bordelaise, laissant un vide dans le pack.<\/p>\n<p style=\"text-align: justify;\">Du c\u00f4t\u00e9 des lignes arri\u00e8res, <strong>Ben Tapuai<\/strong>, <strong>Mat\u00e9o Garcia<\/strong> ou encore <strong>Romain Latterrade<\/strong> plie bagages. Ces d\u00e9parts traduisent une volont\u00e9 de renouvellement \u00e0 l\u2019aube d\u2019un nouveau cycle sportif pour l\u2019UBB. En parall\u00e8le, le club girondin a annonc\u00e9 les arriv\u00e9es de <strong>Louis Mary<\/strong> (Dax), <strong>Ga\u00ebtan Barlot<\/strong> (Castres), <strong>Jean-Luc Du Preez<\/strong> (Sale Sharks), <strong>Boris Palu<\/strong> (Racing 92), <strong>Cameron Woki<\/strong> (Racing 92), <strong>Martin Page-Relo<\/strong> (Lyon), <a href=\"https:\/\/dicodusport.fr\/blog\/transferts-vannes-salesi-rayasi-va-signer-chez-un-cador-de-top-14\/\" rel=\"nofollow noopener\" target=\"_blank\"><strong>Salesi Rayasi<\/strong><\/a> (Vannes) et <strong>Xan Mousqu\u00e8s<\/strong> (Bayonne). Autant dire que les d\u00e9parts sont largement combl\u00e9s.<\/p>\n<p>Les 12 partants<\/p>\n<p style=\"text-align: justify;\"><strong>Nans Ducuing<\/strong> (retraite)<\/p>\n<p style=\"text-align: justify;\"><strong>Yann Lesgourgues<\/strong> (Biarritz)<\/p>\n<p style=\"text-align: justify;\"><strong>Mahamadou Diaby<\/strong> (Perpignan)<\/p>\n<p style=\"text-align: justify;\"><strong>Guido Petti<\/strong> (Harlequins, ANG)<\/p>\n<p style=\"text-align: justify;\"><strong>Mat\u00e9o Garcia<\/strong> (Toulon)<\/p>\n<p style=\"text-align: justify;\"><strong>Pete Samu<\/strong> (Waratahs, AUS)<\/p>\n<p style=\"text-align: justify;\"><strong>Tevita Tatafu<\/strong> (Tokyo Sungoliath, JAP)<\/p>\n<p style=\"text-align: justify;\"><strong>Ben Tapuai<\/strong> (en discussions avec Biarritz)<\/p>\n<p style=\"text-align: justify;\"><strong>Romain Latterrade<\/strong> (Provence Rugby)<\/p>\n<p style=\"text-align: justify;\"><strong>Alexandre Ricard<\/strong> (Brive)<\/p>\n<p style=\"text-align: justify;\"><strong>Toma\u2019akino Taufa<\/strong> (?)<\/p>\n<p style=\"text-align: justify;\"><strong>Paul Abadie<\/strong> (Stade Fran\u00e7ais)<\/p>\n<p style=\"text-align: justify;\"><strong>L\u2019avis de Dicodusport<\/strong> <strong>: <\/strong>Une page se tourne \u00e0 l\u2019UBB. Plusieurs figures de ces derni\u00e8res ann\u00e9es disent au revoir au club girondin. Mais qu\u2019on se le dise, l\u2019effectif bordelo-b\u00e9glais sera encore plus qualitatif la saison prochaine, avec un recrutement XXL.<\/p>\n<p>\u00a0<\/p>\n","protected":false},"excerpt":{"rendered":"TRANSFERTS RUGBY \u2013 Retournement de situation pour l\u2019avenir d\u2019Uzair Cassiem (ex-Bayonne), JJ van der Mescht (Stade Fran\u00e7ais) file&hellip;\n","protected":false},"author":2,"featured_media":221874,"comment_status":"","ping_status":"","sticky":false,"template":"","format":"standard","meta":{"footnotes":""},"categories":[1416],"tags":[2113,1011,27,479,1468,60,477],"class_list":{"0":"post-221873","1":"post","2":"type-post","3":"status-publish","4":"format-standard","5":"has-post-thumbnail","7":"category-rugby","8":"tag-breve","9":"tag-fr","10":"tag-france","11":"tag-rugby","12":"tag-rugby-football","13":"tag-sports","14":"tag-transferts-rugby"},"share_on_mastodon":{"url":"https:\/\/pubeurope.com\/@fr\/114786384618400997","error":""},"_links":{"self":[{"href":"https:\/\/www.europesays.com\/fr\/wp-json\/wp\/v2\/posts\/221873","targetHints":{"allow":["GET"]}}],"collection":[{"href":"https:\/\/www.europesays.com\/fr\/wp-json\/wp\/v2\/posts"}],"about":[{"href":"https:\/\/www.europesays.com\/fr\/wp-json\/wp\/v2\/types\/post"}],"author":[{"embeddable":true,"href":"https:\/\/www.europesays.com\/fr\/wp-json\/wp\/v2\/users\/2"}],"replies":[{"embeddable":true,"href":"https:\/\/www.europesays.com\/fr\/wp-json\/wp\/v2\/comments?post=221873"}],"version-history":[{"count":0,"href":"https:\/\/www.europesays.com\/fr\/wp-json\/wp\/v2\/posts\/221873\/revisions"}],"wp:featuredmedia":[{"embeddable":true,"href":"https:\/\/www.europesays.com\/fr\/wp-json\/wp\/v2\/media\/221874"}],"wp:attachment":[{"href":"https:\/\/www.europesays.com\/fr\/wp-json\/wp\/v2\/media?parent=221873"}],"wp:term":[{"taxonomy":"category","embeddable":true,"href":"https:\/\/www.europesays.com\/fr\/wp-json\/wp\/v2\/categories?post=221873"},{"taxonomy":"post_tag","embeddable":true,"href":"https:\/\/www.europesays.com\/fr\/wp-json\/wp\/v2\/tags?post=221873"}],"curies":[{"name":"wp","href":"https:\/\/api.w.org\/{rel}","templated":true}]}}