{"id":221875,"date":"2025-07-03T00:06:14","date_gmt":"2025-07-03T00:06:14","guid":{"rendered":"https:\/\/www.europesays.com\/fr\/221875\/"},"modified":"2025-07-03T00:06:14","modified_gmt":"2025-07-03T00:06:14","slug":"wimbledon-encore-stoppe-par-la-nuit-rinderknech-est-en-ballottage-favorable-le-figaro","status":"publish","type":"post","link":"https:\/\/www.europesays.com\/fr\/221875\/","title":{"rendered":"Wimbledon : encore stopp\u00e9 par la nuit, Rinderknech est en ballottage favorable &#8211; Le Figaro"},"content":{"rendered":"<ol>\n<li><a href=\"https:\/\/news.google.com\/rss\/articles\/CBMizAFBVV95cUxNbGlJMkxfcXlXYkE3NnZ4aEZmX284dDA3V3VqOXBPa0tsX1VMQ0h2RlQ3c2wyQ09XZ0Q5UFRKcFhsd1dUS01nTGxFUkNZQmUwSC1GdGtpWG1wTVgwUElGNVBDRmxTZlpUbm5LQm9aUjJqWTZYYWpkbjVhaExQcWtzaVBnWXpzdUJQVUVOX1N4N1hmTlFWejAzbDRhOE5wYUZlTFh2Z3ZJd2djbHNVbGlSTUpwbUh3dC1hcmlPOTZJZjJ2c1VVa0stdFV4a20?oc=5\" target=\"_blank\" rel=\"noopener\">Wimbledon : encore stopp\u00e9 par la nuit, Rinderknech est en ballottage favorable<\/a>&nbsp;&nbsp;Le Figaro<\/li>\n<li><a href=\"https:\/\/news.google.com\/rss\/articles\/CBMigAFBVV95cUxQdjVLX2FEaGJZcTd2RDhRTXR0RjlnSkFhd3BLNUpOamltRHdycHpxWEV5b1JNVkRBd243QnF2cHZGbUZMbjJ0M3Q3YjBobWY1UUhWemthUjZ6VFpKNzI3MU50Y1N5TE5DYjVPS2padm56Wk9XM0g5cEo2X0ZGUkRWbQ?oc=5\" target=\"_blank\" rel=\"noopener\">Wimbledon en direct : les r\u00e9sultats, les directs, les infos du jour<\/a>&nbsp;&nbsp;L&rsquo;\u00c9quipe<\/li>\n<li><a href=\"https:\/\/news.google.com\/rss\/articles\/CBMiggJBVV95cUxQM3ZWVVB3ZGFYa0tLVnEwckNJMjg1d0ZFV1M4UXFqSTFyQ0syVGtjN0tBeS15a2NDSUo0T3ZpVmw5WVhYTU9zY0ZKQ085YmtYWGNZckxpN3BjdnkyYTVQRlhDUkZEeWJTbmJ2d1Zsa0hJM3BxSlRCbC1hR2pELWRneHl0WGV3XzdOcWMxQk5ISko0blRwUk5kYUJKekp1TVJSTllUQS16SUJsR2VkMlNic1RhaWVVRHFRSmhQZ2czZEUwVmpPX050R3dhSFVOdXRuNnVoYm9kREwwNVlZZnNPWHhUYWVRWDBONmRERVdZZ1VwQktMQ2RxRzktSllTZWU0Vnc?oc=5\" target=\"_blank\" rel=\"noopener\">DIRECT. Wimbledon: Rinderknech stopp\u00e9 par la nuit, Parry au 3e tour, Bonzi battu<\/a>&nbsp;&nbsp;RMC Sport<\/li>\n<li><a href=\"https:\/\/news.google.com\/rss\/articles\/CBMijgJBVV95cUxNdVp6SDNRR0JENUlabzdfbjkxYThIbjlhejJPZUxxTHVfc1RIbWU3dDh1V2VvSFNOdmpyTFFRRjNFVmdNZWJIcDVWWmdlRDZzbGpLdV9WVkNZX2w0QlltT2l1RjlHZXpLaU94dlpLMWtwWmd6b040Qnd1VEMyTVlOT1ZXWHQwUXU0aDhqc19vekFxenJURXRyTXhnOG9TNEZ1T2R6VmFueWFoUUxVTGZ5SS1iRTgycm5uWlo2eHdqSWxsR0p2ZXRmOWgzd3BIQU9ELWYyYjhDLUM3MEFOSDBtSF9qWENiVVRfRDFib1pPQXhmcjN5YXdrejhhZkZISFE2bk9uRFJmLW5HcXQzTmc?oc=5\" target=\"_blank\" rel=\"noopener\">A Wimbledon, la performance d\u2019Arthur Rinderknech, tennisman fran\u00e7ais qui \u00e9limine le num\u00e9ro 3 mondial, Alexander Zverev<\/a>&nbsp;&nbsp;Le Monde.fr<\/li>\n<li><a href=\"https:\/\/news.google.com\/rss\/articles\/CBMiywFBVV95cUxOdjR1S0hCQXYyeXBNYXItUk95MXdZY3otMjlJRGNLakFfdnFTaC1LNWFBZlB1V19pNUNBMU9ITHJvMmgxTHgtT2kzTHRZVDJhdjJEaTV4NUJFNzB0YzgyamxwbUpmOVdZR2ROdXhmN0gySC1wM3RKeV9mQUc1LTladWlETWdES3EycDBLQWdvSWJCWVMxUHp3cG5nNko1SnV6dXRQNldiaWp4SEd3bE1OWmVZeGx6UkhJNnR1NkQwX2FMRGJxdEVwcDZUTQ?oc=5\" target=\"_blank\" rel=\"noopener\">Wimbledon J3 : Rinderknech, sur son CV \u00e0 vie<\/a>&nbsp;&nbsp;F\u00e9d\u00e9ration Fran\u00e7aise de Tennis<\/li>\n<\/ol>\n","protected":false},"excerpt":{"rendered":"Wimbledon : encore stopp\u00e9 par la nuit, Rinderknech est en ballottage favorable&nbsp;&nbsp;Le Figaro Wimbledon en direct : les&hellip;\n","protected":false},"author":2,"featured_media":221876,"comment_status":"","ping_status":"","sticky":false,"template":"","format":"standard","meta":{"footnotes":""},"categories":[1415],"tags":[1011,27,60,1467,4173],"class_list":{"0":"post-221875","1":"post","2":"type-post","3":"status-publish","4":"format-standard","5":"has-post-thumbnail","7":"category-tennis","8":"tag-fr","9":"tag-france","10":"tag-sports","11":"tag-tennis","12":"tag-wimbledon"},"share_on_mastodon":{"url":"https:\/\/pubeurope.com\/@fr\/114786388051047514","error":""},"_links":{"self":[{"href":"https:\/\/www.europesays.com\/fr\/wp-json\/wp\/v2\/posts\/221875","targetHints":{"allow":["GET"]}}],"collection":[{"href":"https:\/\/www.europesays.com\/fr\/wp-json\/wp\/v2\/posts"}],"about":[{"href":"https:\/\/www.europesays.com\/fr\/wp-json\/wp\/v2\/types\/post"}],"author":[{"embeddable":true,"href":"https:\/\/www.europesays.com\/fr\/wp-json\/wp\/v2\/users\/2"}],"replies":[{"embeddable":true,"href":"https:\/\/www.europesays.com\/fr\/wp-json\/wp\/v2\/comments?post=221875"}],"version-history":[{"count":0,"href":"https:\/\/www.europesays.com\/fr\/wp-json\/wp\/v2\/posts\/221875\/revisions"}],"wp:featuredmedia":[{"embeddable":true,"href":"https:\/\/www.europesays.com\/fr\/wp-json\/wp\/v2\/media\/221876"}],"wp:attachment":[{"href":"https:\/\/www.europesays.com\/fr\/wp-json\/wp\/v2\/media?parent=221875"}],"wp:term":[{"taxonomy":"category","embeddable":true,"href":"https:\/\/www.europesays.com\/fr\/wp-json\/wp\/v2\/categories?post=221875"},{"taxonomy":"post_tag","embeddable":true,"href":"https:\/\/www.europesays.com\/fr\/wp-json\/wp\/v2\/tags?post=221875"}],"curies":[{"name":"wp","href":"https:\/\/api.w.org\/{rel}","templated":true}]}}