{"id":221893,"date":"2025-07-03T00:17:22","date_gmt":"2025-07-03T00:17:22","guid":{"rendered":"https:\/\/www.europesays.com\/fr\/221893\/"},"modified":"2025-07-03T00:17:22","modified_gmt":"2025-07-03T00:17:22","slug":"apres-74-millions-au-box-office-ces-deux-films-francais-assomment-la-concurrence-sur-netflix","status":"publish","type":"post","link":"https:\/\/www.europesays.com\/fr\/221893\/","title":{"rendered":"Apr\u00e8s 7,4 millions au box-office, ces deux films fran\u00e7ais assomment la concurrence sur Netflix"},"content":{"rendered":"<p>Si cette com\u00e9die familiale, actuellement num\u00e9ro 1 sur Netflix vous plait, la bonne nouvelle c&rsquo;est que vous pourrez encha\u00eener avec le deuxi\u00e8me volet, qui cartonne, lui aussi, sur la plateforme de streaming.<\/p>\n<p>Est-ce l&rsquo;influence de la fin de l&rsquo;ann\u00e9e qui propulse ces deux films fran\u00e7ais en t\u00eate des plus vus du moment sur Netflix ? Les Profs et <a href=\"https:\/\/www.programme-tv.net\/news\/cinema\/203982-les-profs-2-qui-est-gaia-weiss-la-jolie-interprete-de-vivienne-dans-le-film-photos\/\" data-api-deeplink=\"teleloisirs:\/\/news\/203982\" target=\"_blank\" rel=\"noopener\">Les Profs 2, avec Gaia Weiss<\/a>, sont en effet respectivement num\u00e9ros 1 et 2 du top sur la plateforme de streaming et s&rsquo;imposent ainsi face \u00e0 <a href=\"https:\/\/www.programme-tv.net\/news\/cinema\/382252-k-pop-demon-hunters-qui-sont-les-voix-francaises-du-film-numero-1-sur-netflix\/\" data-api-deeplink=\"teleloisirs:\/\/news\/382252\" target=\"_blank\" rel=\"noopener\">K-Pop: Demon Hunters<\/a>, qui fait partie des <a href=\"https:\/\/www.programme-tv.net\/news\/cinema\/300215-netflix-notre-top-10-des-meilleurs-films-danimation-a-voir\/\" data-api-deeplink=\"teleloisirs:\/\/news\/300215\" target=\"_blank\" rel=\"noopener\">10 des meilleurs films d&rsquo;animation \u00e0 voir sur la plateforme<\/a>. L&rsquo;un comme l&rsquo;autre sont adapt\u00e9s de la BD \u00e9ponyme. Dans le premier volet, on se glisse dans les couloirs du lyc\u00e9e Jules Ferry qui affiche les plus mauvais r\u00e9sultats de r\u00e9ussite au bac de France. Rien n&rsquo;y fait malgr\u00e9 la meilleure volont\u00e9 des nombreux professeurs qui ont essay\u00e9 de relever le niveau. En guise de va-tout, l&rsquo;inspecteur d\u00e9cide de recruter une nouvelle \u00e9quipe de sept enseignants aux m\u00e9thodes peu conventionnelles. Parmi eux, on retrouve Gladys, professeure d&rsquo;anglais tyrannique, et Polochon, le prof d&rsquo;histoire qui a rat\u00e9 son Capes 18 fois. Lors de sa sortie en salles, en avril 2013, le film Les Profs a attir\u00e9 3,9 millions de spectateurs en avril 2013.<\/p>\n<p>                        Avec Les Profs 2, direction l&rsquo;Angleterre<\/p>\n<p>Fort du succ\u00e8s du film, son r\u00e9alisateur <a href=\"https:\/\/www.programme-tv.net\/news\/tv\/339140-ca-a-ete-la-double-peine-pour-moi-letonnante-confidence-de-pierre-francois-martin-laval-sur-la-separation-des-robins-des-bois\/\" data-api-deeplink=\"teleloisirs:\/\/news\/339140\" target=\"_blank\" rel=\"noopener\">Pierre-Fran\u00e7ois Martin-Laval (qui a fait une \u00e9tonnante confidence sur la s\u00e9paration des Robin des Bois)<\/a> lan\u00e7ait une suite deux ans plus tard. On y retrouve Cutiro, Gladys, Polochon et Eric, envoy\u00e9s, cette fois-ci en Angleterre pour mettre en \u0153uvre leurs m\u00e9thodes. Boulard, le cancre ultime, est \u00e9galement du voyage et doit s&rsquo;adapter, tant bien que mal, \u00e0 cette \u00e9cole qui rappelle un peu Poudlard. Il y fait la connaissance de Vivienne, qui, bien qu&rsquo;elle soit la petite-fille de la reine Elisabeth, a encore plus de lacunes scolaires que lui. D&rsquo;ailleurs, les deux vont se lancer dans une v\u00e9ritable comp\u00e9tition pour savoir lequel est le pire ! Pr\u00e8s de 3,5 millions de spectateurs ont vu ce deuxi\u00e8me opus au cin\u00e9ma.<\/p>\n<p>Un casting hilarant pour Les Profs<\/p>\n<p>Si les deux films font encore aujourd&rsquo;hui un v\u00e9ritable carton sur Netflix, c&rsquo;est notamment gr\u00e2ce au casting sur lequel ils reposent, \u00e0 commencer par Kev Adams qui joue le cancre Thierry Boulard. \u00c0 ses c\u00f4t\u00e9s, <a href=\"https:\/\/www.programme-tv.net\/biographie\/6076-nanty-isabelle\/\" data-link-people=\"b406f4eb-7fbc-4510-8c5f-7753d9dc2fad\" target=\"_blank\" rel=\"noopener\">Isabelle Nanty<\/a> pr\u00eate ses traits \u00e0 Gladys, professeure d&rsquo;anglais, Christian Clavier \u00e0 Serge Cutiro, le prof de maths, et Alice David \u00e0 la professeure d&rsquo;allemand. Tous n&rsquo;ont pas rempil\u00e9 pour le deuxi\u00e8me film, ce qui ne l&rsquo;a pas emp\u00each\u00e9 de conna\u00eetre le succ\u00e8s.<\/p>\n<p>Article \u00e9crit en collaboration avec 6Medias<\/p>\n","protected":false},"excerpt":{"rendered":"Si cette com\u00e9die familiale, actuellement num\u00e9ro 1 sur Netflix vous plait, la bonne nouvelle c&rsquo;est que vous pourrez&hellip;\n","protected":false},"author":2,"featured_media":221894,"comment_status":"","ping_status":"","sticky":false,"template":"","format":"standard","meta":{"footnotes":""},"categories":[1354],"tags":[36095,1409,2203,244,58,59,1346,1011,27,6787,36098,36097,36096,1360,127,1722,129],"class_list":{"0":"post-221893","1":"post","2":"type-post","3":"status-publish","4":"format-standard","5":"has-post-thumbnail","7":"category-films","8":"tag-alice-david","9":"tag-bande-annonce","10":"tag-christian-clavier","11":"tag-commentaire","12":"tag-divertissement","13":"tag-entertainment","14":"tag-films","15":"tag-fr","16":"tag-france","17":"tag-kev-adams","18":"tag-les-profs","19":"tag-les-profs-2","20":"tag-les-profs-2-3142025-1120-pm-tmc","21":"tag-movies","22":"tag-netflix","23":"tag-pub-streaming-netflix","24":"tag-svod"},"share_on_mastodon":{"url":"https:\/\/pubeurope.com\/@fr\/114786431306017725","error":""},"_links":{"self":[{"href":"https:\/\/www.europesays.com\/fr\/wp-json\/wp\/v2\/posts\/221893","targetHints":{"allow":["GET"]}}],"collection":[{"href":"https:\/\/www.europesays.com\/fr\/wp-json\/wp\/v2\/posts"}],"about":[{"href":"https:\/\/www.europesays.com\/fr\/wp-json\/wp\/v2\/types\/post"}],"author":[{"embeddable":true,"href":"https:\/\/www.europesays.com\/fr\/wp-json\/wp\/v2\/users\/2"}],"replies":[{"embeddable":true,"href":"https:\/\/www.europesays.com\/fr\/wp-json\/wp\/v2\/comments?post=221893"}],"version-history":[{"count":0,"href":"https:\/\/www.europesays.com\/fr\/wp-json\/wp\/v2\/posts\/221893\/revisions"}],"wp:featuredmedia":[{"embeddable":true,"href":"https:\/\/www.europesays.com\/fr\/wp-json\/wp\/v2\/media\/221894"}],"wp:attachment":[{"href":"https:\/\/www.europesays.com\/fr\/wp-json\/wp\/v2\/media?parent=221893"}],"wp:term":[{"taxonomy":"category","embeddable":true,"href":"https:\/\/www.europesays.com\/fr\/wp-json\/wp\/v2\/categories?post=221893"},{"taxonomy":"post_tag","embeddable":true,"href":"https:\/\/www.europesays.com\/fr\/wp-json\/wp\/v2\/tags?post=221893"}],"curies":[{"name":"wp","href":"https:\/\/api.w.org\/{rel}","templated":true}]}}