{"id":221903,"date":"2025-07-03T00:22:11","date_gmt":"2025-07-03T00:22:11","guid":{"rendered":"https:\/\/www.europesays.com\/fr\/221903\/"},"modified":"2025-07-03T00:22:11","modified_gmt":"2025-07-03T00:22:11","slug":"euro-la-commission-prete-a-saper-la-souverainete-monetaire-de-leurope-mediapart","status":"publish","type":"post","link":"https:\/\/www.europesays.com\/fr\/221903\/","title":{"rendered":"Euro : la Commission pr\u00eate \u00e0 saper la souverainet\u00e9 mon\u00e9taire de l\u2019Europe &#8211; Mediapart"},"content":{"rendered":"<ol>\n<li><a href=\"https:\/\/news.google.com\/rss\/articles\/CBMivwFBVV95cUxQUXlEMWNnNDFocXhnZ0pkdEF5djdoNDIwOWZNd2xPWmh1WjJ5Sm9MRWdzWFJFV0xqU1AzTjlqS2hSWDRZdVBsMDdIVHhROVhMNmVFZUtvRXRCUGx0TGVWVGZXYTkyVjNsTzNKeENxTDRFUzVsWU8xWVNKYVBQZkNicmxBSFBMeXloVGE1QWhBTEhsb1p4bHJRMEMteG5qTzJaZkl1QXdEd2h5S1Q2b1NQS1A2VTdnaG1KWldudEZvUQ?oc=5\" target=\"_blank\" rel=\"nofollow noopener\">Euro : la Commission pr\u00eate \u00e0 saper la souverainet\u00e9 mon\u00e9taire de l\u2019Europe<\/a>&nbsp;&nbsp;Mediapart<\/li>\n<li><a href=\"https:\/\/news.google.com\/rss\/articles\/CBMihgJBVV95cUxOTjdqTHlMMkh1ZFppWkg3VjBkalVHYzNfMURVR2hWM1RwMUtBdEl3UXNFVVNfZ2lKcG0zY1dLcllvZk1pSWt2bDVoRTkxaGNtUzZrUF9kY0NKOWRIZUllOWdWQXRfSUstOHdkUzl4Mk1xQW00eUo0bDhmV0xxSng4anNpOHEwTmNRX0NXckVINjIwOERPQUIxUW1kRTJnVWE0ZExodTlHWGNQTkZTQS1Oak9vZ3ByMXd6NEdOUUllZ1pMRVhtLW41X29sMVo5UUZJVUNRQUE1QmN2VlpWVE5JYlMyUkVoWjJjam01N09pa0VIemhwLTFEVlIxMVExREZkeEJYUkhB?oc=5\" target=\"_blank\" rel=\"nofollow noopener\">L\u2019essor spectaculaire des stablecoins, ces r\u00e9pliques num\u00e9riques des monnaies qui contournent les banques<\/a>&nbsp;&nbsp;Le Monde.fr<\/li>\n<li><a href=\"https:\/\/news.google.com\/rss\/articles\/CBMimwFBVV95cUxOZ0VqR1VsZmNTNHdMU1picnRfMVR2MlhtUURvTFNJRHFXT1RIZkl2WGtXUjNzZGtWVFc4THZSZlQ2MkhCLVpiYS1uQ1pSNU0xb1g2MDlKRDF6VFRtMWpCM2FkbE90RktrOGQzTUJtWFhvNXJ2ZWEwbzZ4c084M0xuS2dLQkZNVXNTRXEzSldfUUVlWjlYaGpkZXNuaw?oc=5\" target=\"_blank\" rel=\"nofollow noopener\">Euro num\u00e9rique \/ stablecoin euro : le match<\/a>&nbsp;&nbsp;BFMTV<\/li>\n<li><a href=\"https:\/\/news.google.com\/rss\/articles\/CBMiygFBVV95cUxQQU1kM3owUmxUcmtBSHBHTE54MTN2N3BKMkVSeHhlWE9aM1BvTVJRSDdyNTZabERGWXI4MmV4OWFvdmNzdkc3UWZoN3VkcGJIUHdacHpxNDM3NjUzZUNjS1N3NFM0bXgteEliajdCTzNfMjlSTjBwSzE5NFlndGpGRzlvZTd3eDM5N2dPeVo5ZzE3TnNfbTBpZ0xsTXh2RXBkaDJvM0szNGZ1REZ6Y041NlJ0WVk0TjJPNnY4YnFHTFpfMllIc3hPMEt3?oc=5\" target=\"_blank\" rel=\"nofollow noopener\">A Sintra, l&rsquo;ombre des stablecoins plane sur les banques centrales<\/a>&nbsp;&nbsp;Les Echos<\/li>\n<li><a href=\"https:\/\/news.google.com\/rss\/articles\/CBMi7gFBVV95cUxQbDBlVUFSMUhWcWQxYnY5RWtJR1JrcHZEMFZzYmdhU084dmtJLUNjSG1MRUpTc1N4ajdqbHd4ODJ3Sll6dkoyV1NfTXlCNmRzaUtvalU0cTIwOERHcmllWmVYUzhQd2VkdjluWDlYWGFhWWVpOVpkZ3BMY190bVYtZWdUOHZuVzRNWWZyaTkxN2VKeFVmclhxQ2VJRmp6QVdJT1hHazR6X1l3SjQtVElkWDJwQk5EYVlCOFM0MWoxRmFka0w1eVRPSEgyNGFrWlAtN1dGb1FNMExnWEJDeE5hSlVhOTdKTDFTZVI4UHR3?oc=5\" target=\"_blank\" rel=\"nofollow noopener\">Face \u00e0 l\u2019offensive am\u00e9ricaine sur les stablecoins, l\u2019Europe pr\u00e9pare sa riposte<\/a>&nbsp;&nbsp;L&rsquo;Express<\/li>\n<\/ol>\n","protected":false},"excerpt":{"rendered":"Euro : la Commission pr\u00eate \u00e0 saper la souverainet\u00e9 mon\u00e9taire de l\u2019Europe&nbsp;&nbsp;Mediapart L\u2019essor spectaculaire des stablecoins, ces r\u00e9pliques&hellip;\n","protected":false},"author":2,"featured_media":221904,"comment_status":"","ping_status":"","sticky":false,"template":"","format":"standard","meta":{"footnotes":""},"categories":[6],"tags":[11126,35,9049,75,33,34,450,590,1011,27,36099,36100],"class_list":{"0":"post-221903","1":"post","2":"type-post","3":"status-publish","4":"format-standard","5":"has-post-thumbnail","7":"category-economie","8":"tag-bce","9":"tag-business","10":"tag-cryptomonnaie","11":"tag-donald-trump","12":"tag-economie","13":"tag-economy","14":"tag-euro","15":"tag-finance","16":"tag-fr","17":"tag-france","18":"tag-souverainete-monetaire","19":"tag-stablecoin"},"share_on_mastodon":{"url":"https:\/\/pubeurope.com\/@fr\/114786451311483521","error":""},"_links":{"self":[{"href":"https:\/\/www.europesays.com\/fr\/wp-json\/wp\/v2\/posts\/221903","targetHints":{"allow":["GET"]}}],"collection":[{"href":"https:\/\/www.europesays.com\/fr\/wp-json\/wp\/v2\/posts"}],"about":[{"href":"https:\/\/www.europesays.com\/fr\/wp-json\/wp\/v2\/types\/post"}],"author":[{"embeddable":true,"href":"https:\/\/www.europesays.com\/fr\/wp-json\/wp\/v2\/users\/2"}],"replies":[{"embeddable":true,"href":"https:\/\/www.europesays.com\/fr\/wp-json\/wp\/v2\/comments?post=221903"}],"version-history":[{"count":0,"href":"https:\/\/www.europesays.com\/fr\/wp-json\/wp\/v2\/posts\/221903\/revisions"}],"wp:featuredmedia":[{"embeddable":true,"href":"https:\/\/www.europesays.com\/fr\/wp-json\/wp\/v2\/media\/221904"}],"wp:attachment":[{"href":"https:\/\/www.europesays.com\/fr\/wp-json\/wp\/v2\/media?parent=221903"}],"wp:term":[{"taxonomy":"category","embeddable":true,"href":"https:\/\/www.europesays.com\/fr\/wp-json\/wp\/v2\/categories?post=221903"},{"taxonomy":"post_tag","embeddable":true,"href":"https:\/\/www.europesays.com\/fr\/wp-json\/wp\/v2\/tags?post=221903"}],"curies":[{"name":"wp","href":"https:\/\/api.w.org\/{rel}","templated":true}]}}