{"id":221905,"date":"2025-07-03T00:23:15","date_gmt":"2025-07-03T00:23:15","guid":{"rendered":"https:\/\/www.europesays.com\/fr\/221905\/"},"modified":"2025-07-03T00:23:15","modified_gmt":"2025-07-03T00:23:15","slug":"les-etats-unis-freinent-les-livraisons-darmes-macron-pessimiste","status":"publish","type":"post","link":"https:\/\/www.europesays.com\/fr\/221905\/","title":{"rendered":"Les Etats-Unis freinent les livraisons d&rsquo;armes, Macron pessimiste"},"content":{"rendered":"<p>Vous avez rat\u00e9 les derniers \u00e9v\u00e9nements sur la <a href=\"https:\/\/www.20minutes.fr\/monde\/ukraine\/\" class=\"color-ultramarine c-link\" target=\"_blank\" rel=\"noopener\">guerre en Ukraine<\/a>\u00a0? 20 Minutes fait le point pour vous tous les soirs. Voici l\u2019essentiel de ce mercredi 2\u00a0juillet, 1.225e jour du conflit.<\/p>\n<p>Le fait du jour<\/p>\n<p>L\u2019annonce \u00e9tait inattendue. Le gouvernement de <a href=\"https:\/\/www.20minutes.fr\/dossier\/donald_trump\" class=\"color-ultramarine c-link\" target=\"_blank\" rel=\"noopener\">Donald Trump<\/a> a d\u00e9clar\u00e9 ce mercredi avoir d\u00e9cid\u00e9 de ne plus fournir certaines armes \u00e0 Kiev, officiellement en raison d\u2019une inqui\u00e9tude quant \u00e0 la baisse des stocks de munitions am\u00e9ricains. Cette d\u00e9cision constitue un v\u00e9ritable coup dur pour l\u2019Ukraine au moment o\u00f9 la Russie intensifie ses frappes en l\u2019absence d\u2019avanc\u00e9es diplomatiques pour r\u00e9gler le conflit.<\/p>\n<p>Les <a href=\"https:\/\/www.20minutes.fr\/monde\/etats-unis\/\" class=\"color-ultramarine c-link\" target=\"_blank\" rel=\"noopener\">Etats-Unis<\/a> \u00e9taient le premier soutien militaire de l\u2019Ukraine depuis le d\u00e9but de l\u2019invasion russe en f\u00e9vrier\u00a02022. Kiev reste \u00ab\u00a0s\u00e9rieusement d\u00e9pendante\u00a0\u00bb des livraisons militaires am\u00e9ricaines, a affirm\u00e9 \u00e0 l\u2019AFP un officier de haut rang de l\u2019arm\u00e9e ukrainienne, sous couvert d\u2019anonymat. \u00ab\u00a0L\u2019<a href=\"https:\/\/www.20minutes.fr\/dossier\/europe\" class=\"color-ultramarine c-link\" target=\"_blank\" rel=\"noopener\">Europe<\/a> fait du mieux qu\u2019elle peut mais ce sera dur pour nous sans les munitions am\u00e9ricaines\u00a0\u00bb, a ajout\u00e9 cette source.<\/p>\n<p>La port\u00e9e de cette d\u00e9cision de Washington n\u2019est toutefois pas claire, pour l\u2019heure. Ce mercredi soir, le pr\u00e9sident ukrainien Volodymyr Zelensky a affirm\u00e9 que Washington et Kiev travaillaient actuellement pour \u00ab\u00a0clarifier tous les d\u00e9tails\u00a0\u00bb concernant l\u2019aide militaire. D\u2019apr\u00e8s Politico et d\u2019autres m\u00e9dias am\u00e9ricains, l\u2019arr\u00eat des livraisons \u00e0 Kiev concerne notamment les syst\u00e8mes de d\u00e9fense antia\u00e9rienne Patriot, l\u2019artillerie de pr\u00e9cision et les missiles Hellfire.<\/p>\n<p>\u00ab\u00a0Moins il y a d\u2019armes livr\u00e9es \u00e0 l\u2019Ukraine, plus proche est la fin de l\u2019op\u00e9ration militaire sp\u00e9ciale\u00a0\u00bb, s\u2019est r\u00e9joui, de son c\u00f4t\u00e9, le porte-parole du Kremlin, Dmitri Peskov.<\/p>\n<p>La d\u00e9claration du jour<\/p>\n<blockquote class=\"mx-m@xs mx-xxl@md color-ultramarine c-citation\">\n<p class=\"font-weight-regular@xs text-italic font-source-serif-pro text-l@xs c-citation__content\">\u00ab\u00a0Cette d\u00e9cision entra\u00eenera la mort d\u2019un plus grand nombre de soldats et de civils ukrainiens, la perte d\u2019un plus grand nombre de territoires et la destruction d\u2019un plus grand nombre d\u2019infrastructures essentielles.\u00a0\u00bb<\/p>\n<\/blockquote>\n<p>Les paroles sont sign\u00e9es John Hardie, un sp\u00e9cialiste de la Russie \u00e0 la <a href=\"https:\/\/www.fdd.org\/\" rel=\"nofollow noopener\" target=\"_blank\" class=\"color-ultramarine c-link\">Foundation for Defense of Democracies<\/a> (FDD), un institut ind\u00e9pendant bas\u00e9 \u00e0 Washington. Selon cet expert, si la r\u00e9duction annonc\u00e9e de l\u2019aide am\u00e9ricaine \u00ab\u00a0ne provoquera pas l\u2019effondrement des lignes ukrainiennes\u00a0\u00bb, elle \u00ab\u00a0nuira gravement \u00e0 la d\u00e9fense de l\u2019Ukraine, en particulier \u00e0 ses capacit\u00e9s en mati\u00e8re de missiles antibalistiques et de frappes de pr\u00e9cision\u00a0\u00bb.<\/p>\n<\/p>\n<p>Le chiffre du jour<\/p>\n<p>Un milliard. C\u2019est en dollars la somme \u00e0 laquelle la Russie a \u00e9t\u00e9 condamn\u00e9e \u00e0 payer \u00e0 la banque ukrainienne <a href=\"https:\/\/www.oschadbank.ua\/en\" rel=\"nofollow noopener\" target=\"_blank\" class=\"color-ultramarine c-link\">Oschadbank<\/a> pour la perte de ses investissements en Crim\u00e9e, apr\u00e8s le rejet mardi d\u2019un recours par la cour d\u2019appel de Paris. Avec cette d\u00e9cision, la cour d\u2019appel de Paris met fin \u00e0 un long feuilleton judiciaire entre la Russie et la banque ukrainienne.<\/p>\n<p>Le litige remonte \u00e0 une proc\u00e9dure engag\u00e9e en\u00a02018 par JSC Oschadbank devant un tribunal d\u2019arbitrage international en France, la banque se plaignant de la perte d\u2019investissements en Crim\u00e9e apr\u00e8s le rattachement de ce territoire \u00e0 la Russie en mars\u00a02014.<\/p>\n<p>Pour faire valoir ses droits, Oschadbank s\u2019\u00e9tait bas\u00e9e sur un trait\u00e9 bilat\u00e9ral d\u2019investissement conclu entre la Russie et l\u2019Ukraine le 27\u00a0novembre 1998.<\/p>\n<p>La tendance<\/p>\n<p>Interrog\u00e9e sur la possibilit\u00e9 d\u2019avancer vers une r\u00e9solution du conflit en Ukraine, Sophie Primas, la porte-parole du gouvernement, indique qu\u2019apr\u00e8s son coup de t\u00e9l\u00e9phone de deux heures avec Vladimir Poutine mardi, <a href=\"https:\/\/www.20minutes.fr\/politique\/emmanuel-macron\/\" class=\"color-ultramarine c-link\" target=\"_blank\" rel=\"noopener\">Emmanuel Macron<\/a> n\u2019\u00e9tait pas tr\u00e8s optimiste sur l\u2019Ukraine\u00a0: \u00ab\u00a0Nous voyons Vladimir Poutine continuer des attaques sans pr\u00e9c\u00e9dent, y compris sur des cibles civiles\u00a0\u00bb, a-t-elle relev\u00e9. \u00ab\u00a0Les quartiers d\u2019habitation sont cibl\u00e9s avec des attaques importantes de drones, avec des attaques de missiles de fa\u00e7on consid\u00e9rable\u00a0\u00bb, a-t-elle poursuivi.<\/p>\n<p><a href=\"https:\/\/www.20minutes.fr\/monde\/ukraine\/\" class=\"c-link c-btn c-btn--primary\" target=\"_blank\" rel=\"noopener\">Notre dossier sur la guerre en Ukraine<\/a><\/p>\n<p>\u00ab\u00a0La question du cessez-le-feu a \u00e9t\u00e9 abord\u00e9e, mais Vladimir Poutine met les m\u00eames conditions qui pour l\u2019instant ne sont pas r\u00e9unies\u00a0\u00bb, a ajout\u00e9 Sophie Primas.<\/p>\n<p>Pour rappel, Moscou a d\u00e9j\u00e0 revendiqu\u00e9 l\u2019annexion de quatre r\u00e9gions ukrainiennes, en plus de la p\u00e9ninsule de <a href=\"https:\/\/www.20minutes.fr\/dossier\/crimee\" class=\"color-ultramarine c-link\" target=\"_blank\" rel=\"noopener\">Crim\u00e9e<\/a>, qu\u2019elle a envahie en\u00a02014.<\/p>\n","protected":false},"excerpt":{"rendered":"Vous avez rat\u00e9 les derniers \u00e9v\u00e9nements sur la guerre en Ukraine\u00a0? 20 Minutes fait le point pour vous&hellip;\n","protected":false},"author":2,"featured_media":221906,"comment_status":"","ping_status":"","sticky":false,"template":"","format":"standard","meta":{"footnotes":""},"categories":[5],"tags":[47,11,1924,13469,75,1073,73,1011,27,131,14,4998,74,1916,12,132,135,134,2744,28],"class_list":{"0":"post-221905","1":"post","2":"type-post","3":"status-publish","4":"format-standard","5":"has-post-thumbnail","7":"category-international","8":"tag-actualite","9":"tag-actualites","10":"tag-armement","11":"tag-crimee","12":"tag-donald-trump","13":"tag-emmanuel-macron","14":"tag-etats-unis","15":"tag-fr","16":"tag-france","17":"tag-guerre-en-ukraine","18":"tag-international","19":"tag-kremlin","20":"tag-monde","21":"tag-moscou","22":"tag-news","23":"tag-russie","24":"tag-vladimir-poutine","25":"tag-volodymyr-zelensky","26":"tag-washington","27":"tag-world"},"share_on_mastodon":{"url":"https:\/\/pubeurope.com\/@fr\/114786455001710382","error":""},"_links":{"self":[{"href":"https:\/\/www.europesays.com\/fr\/wp-json\/wp\/v2\/posts\/221905","targetHints":{"allow":["GET"]}}],"collection":[{"href":"https:\/\/www.europesays.com\/fr\/wp-json\/wp\/v2\/posts"}],"about":[{"href":"https:\/\/www.europesays.com\/fr\/wp-json\/wp\/v2\/types\/post"}],"author":[{"embeddable":true,"href":"https:\/\/www.europesays.com\/fr\/wp-json\/wp\/v2\/users\/2"}],"replies":[{"embeddable":true,"href":"https:\/\/www.europesays.com\/fr\/wp-json\/wp\/v2\/comments?post=221905"}],"version-history":[{"count":0,"href":"https:\/\/www.europesays.com\/fr\/wp-json\/wp\/v2\/posts\/221905\/revisions"}],"wp:featuredmedia":[{"embeddable":true,"href":"https:\/\/www.europesays.com\/fr\/wp-json\/wp\/v2\/media\/221906"}],"wp:attachment":[{"href":"https:\/\/www.europesays.com\/fr\/wp-json\/wp\/v2\/media?parent=221905"}],"wp:term":[{"taxonomy":"category","embeddable":true,"href":"https:\/\/www.europesays.com\/fr\/wp-json\/wp\/v2\/categories?post=221905"},{"taxonomy":"post_tag","embeddable":true,"href":"https:\/\/www.europesays.com\/fr\/wp-json\/wp\/v2\/tags?post=221905"}],"curies":[{"name":"wp","href":"https:\/\/api.w.org\/{rel}","templated":true}]}}